{"id":2827,"date":"2015-02-04T22:40:34","date_gmt":"2015-02-04T21:40:34","guid":{"rendered":"http:\/\/www.marvinchen.de\/olgas_welt\/blog\/?p=2827"},"modified":"2015-02-04T22:43:05","modified_gmt":"2015-02-04T21:43:05","slug":"fotojahresplan-2015-strassen-der-stadt","status":"publish","type":"post","link":"https:\/\/www.marvinchen.de\/olgas_welt\/blog\/2015\/02\/fotojahresplan-2015-strassen-der-stadt\/","title":{"rendered":"Fotojahresplan 2015 &#8211; Stra\u00dfen der Stadt"},"content":{"rendered":"<p>Wie schnell 31 Tage bloss vorbeiziehen k\u00f6nnen! Der Januar ist bereits seit einigen Tagen\u00a0zuende und nun ist es schon wieder mal an der Zeit, die ersten Ergebnisse meines Fotojahresplans zu pr\u00e4sentieren\u00a0\u00a0\u00a0 \ud83d\ude09 \u00a0\u00a0\u00a0&#8222;Stra\u00dfen der Stadt&#8220; als Thema hat mir die M\u00f6glichkeit gegeben,\u00a0Bilder an verschiedenen Ecken von Dresden, an unterschiedlichen Tagen und auch zu unterschiedlichen Tageszeiten\u00a0zu machen. Dann lade ich euch hiermit mal\u00a0auf einen Spaziergang durch einige Stra\u00dfen von Dresden ein\u00a0\u00a0\u00a0 \ud83d\ude42<\/p>\n<p>Diesmal einfach alphabetisch und nicht nach Stadtteilen\u00a0aufgelistet\u00a0\u00a0\u00a0 \ud83d\ude09<\/p>\n<p>Hier sind wir an der Alberstra\u00dfe angekommen:<\/p>\n<p style=\"text-align: center\"><a href=\"https:\/\/www.marvinchen.de\/olgas_welt\/blog\/wp-content\/uploads\/2015\/02\/albertstr4.jpg\"><img loading=\"lazy\" decoding=\"async\" class=\"aligncenter wp-image-2828\" src=\"https:\/\/www.marvinchen.de\/olgas_welt\/blog\/wp-content\/uploads\/2015\/02\/albertstr4.jpg\" alt=\"albertstr4\" width=\"560\" height=\"373\" srcset=\"https:\/\/www.marvinchen.de\/olgas_welt\/blog\/wp-content\/uploads\/2015\/02\/albertstr4.jpg 800w, https:\/\/www.marvinchen.de\/olgas_welt\/blog\/wp-content\/uploads\/2015\/02\/albertstr4-300x200.jpg 300w\" sizes=\"auto, (max-width: 560px) 100vw, 560px\" \/><\/a><\/p>\n<p>Altl\u00f6btau ist so wie der Stra\u00dfenname schon verr\u00e4t der urspr\u00fcngliche Kern von L\u00f6btau:<\/p>\n<p style=\"text-align: center\"><a href=\"https:\/\/www.marvinchen.de\/olgas_welt\/blog\/wp-content\/uploads\/2015\/02\/altl\u00f6btau.jpg\"><img loading=\"lazy\" decoding=\"async\" class=\"aligncenter wp-image-2829\" src=\"https:\/\/www.marvinchen.de\/olgas_welt\/blog\/wp-content\/uploads\/2015\/02\/altl\u00f6btau.jpg\" alt=\"altl\u00f6btau\" width=\"560\" height=\"373\" srcset=\"https:\/\/www.marvinchen.de\/olgas_welt\/blog\/wp-content\/uploads\/2015\/02\/altl\u00f6btau.jpg 800w, https:\/\/www.marvinchen.de\/olgas_welt\/blog\/wp-content\/uploads\/2015\/02\/altl\u00f6btau-300x200.jpg 300w\" sizes=\"auto, (max-width: 560px) 100vw, 560px\" \/><\/a><\/p>\n<p>Dort fand ich unter anderem ein sch\u00f6nes &#8222;Mosaik&#8220; der Stra\u00dfenbel\u00e4ge: Asphalt, Pflaster, Kopfstein, Platten, Randstein, &#8230;<\/p>\n<p style=\"text-align: center\"><a href=\"https:\/\/www.marvinchen.de\/olgas_welt\/blog\/wp-content\/uploads\/2015\/02\/altl\u00f6btau1.jpg\"><img loading=\"lazy\" decoding=\"async\" class=\"aligncenter wp-image-2830\" src=\"https:\/\/www.marvinchen.de\/olgas_welt\/blog\/wp-content\/uploads\/2015\/02\/altl\u00f6btau1.jpg\" alt=\"altl\u00f6btau1\" width=\"560\" height=\"373\" srcset=\"https:\/\/www.marvinchen.de\/olgas_welt\/blog\/wp-content\/uploads\/2015\/02\/altl\u00f6btau1.jpg 800w, https:\/\/www.marvinchen.de\/olgas_welt\/blog\/wp-content\/uploads\/2015\/02\/altl\u00f6btau1-300x200.jpg 300w\" sizes=\"auto, (max-width: 560px) 100vw, 560px\" \/><\/a><\/p>\n<p>Die Bienertstra\u00dfe nach einem kleinen Schneefall:<\/p>\n<p style=\"text-align: center\"><a href=\"https:\/\/www.marvinchen.de\/olgas_welt\/blog\/wp-content\/uploads\/2015\/02\/bienert1.jpg\"><img loading=\"lazy\" decoding=\"async\" class=\"aligncenter wp-image-2831\" src=\"https:\/\/www.marvinchen.de\/olgas_welt\/blog\/wp-content\/uploads\/2015\/02\/bienert1.jpg\" alt=\"bienert1\" width=\"560\" height=\"373\" srcset=\"https:\/\/www.marvinchen.de\/olgas_welt\/blog\/wp-content\/uploads\/2015\/02\/bienert1.jpg 800w, https:\/\/www.marvinchen.de\/olgas_welt\/blog\/wp-content\/uploads\/2015\/02\/bienert1-300x200.jpg 300w\" sizes=\"auto, (max-width: 560px) 100vw, 560px\" \/><\/a><\/p>\n<p>Die Stra\u00dfe ist ganz in meiner N\u00e4he: Borsbergstra\u00dfe, den Dresdnern\u00a0auch unter dem Namen &#8222;Borsi&#8220; bekannt:<\/p>\n<p style=\"text-align: center\"><a href=\"https:\/\/www.marvinchen.de\/olgas_welt\/blog\/wp-content\/uploads\/2015\/02\/borsi1.jpg\"><img loading=\"lazy\" decoding=\"async\" class=\"aligncenter wp-image-2832\" src=\"https:\/\/www.marvinchen.de\/olgas_welt\/blog\/wp-content\/uploads\/2015\/02\/borsi1.jpg\" alt=\"borsi1\" width=\"560\" height=\"373\" srcset=\"https:\/\/www.marvinchen.de\/olgas_welt\/blog\/wp-content\/uploads\/2015\/02\/borsi1.jpg 800w, https:\/\/www.marvinchen.de\/olgas_welt\/blog\/wp-content\/uploads\/2015\/02\/borsi1-300x200.jpg 300w\" sizes=\"auto, (max-width: 560px) 100vw, 560px\" \/><\/a><\/p>\n<p>Jetzt springen wir mal wieder gen L\u00f6btau und\u00a0gehen auf der Burgkstra\u00dfe spazieren:<\/p>\n<p style=\"text-align: center\"><a href=\"https:\/\/www.marvinchen.de\/olgas_welt\/blog\/wp-content\/uploads\/2015\/02\/burgk.jpg\"><img loading=\"lazy\" decoding=\"async\" class=\"aligncenter wp-image-2833\" src=\"https:\/\/www.marvinchen.de\/olgas_welt\/blog\/wp-content\/uploads\/2015\/02\/burgk.jpg\" alt=\"burgk\" width=\"560\" height=\"373\" srcset=\"https:\/\/www.marvinchen.de\/olgas_welt\/blog\/wp-content\/uploads\/2015\/02\/burgk.jpg 800w, https:\/\/www.marvinchen.de\/olgas_welt\/blog\/wp-content\/uploads\/2015\/02\/burgk-300x200.jpg 300w\" sizes=\"auto, (max-width: 560px) 100vw, 560px\" \/><\/a><\/p>\n<p>Im Nachbarstadtteil namens Plauen sind wir hier auf der Chemnitzer Stra\u00dfe unterwegs:<\/p>\n<p style=\"text-align: center\"><a href=\"https:\/\/www.marvinchen.de\/olgas_welt\/blog\/wp-content\/uploads\/2015\/02\/chemnitzer.jpg\"><img loading=\"lazy\" decoding=\"async\" class=\"aligncenter wp-image-2834\" src=\"https:\/\/www.marvinchen.de\/olgas_welt\/blog\/wp-content\/uploads\/2015\/02\/chemnitzer.jpg\" alt=\"chemnitzer\" width=\"420\" height=\"630\" srcset=\"https:\/\/www.marvinchen.de\/olgas_welt\/blog\/wp-content\/uploads\/2015\/02\/chemnitzer.jpg 533w, https:\/\/www.marvinchen.de\/olgas_welt\/blog\/wp-content\/uploads\/2015\/02\/chemnitzer-300x450.jpg 300w\" sizes=\"auto, (max-width: 420px) 100vw, 420px\" \/><\/a><\/p>\n<p>Willkommen auf der Fritz-L\u00f6ffler-Stra\u00dfe. Im Hintergrund sieht man \u00fcbrigens die blauen T\u00fcrmchen der Russisch-Orthodoxen\u00a0Kirche:<\/p>\n<p style=\"text-align: center\"><a href=\"https:\/\/www.marvinchen.de\/olgas_welt\/blog\/wp-content\/uploads\/2015\/02\/fritz-l\u00f6ffler-platz1.jpg\"><img loading=\"lazy\" decoding=\"async\" class=\"aligncenter wp-image-2835\" src=\"https:\/\/www.marvinchen.de\/olgas_welt\/blog\/wp-content\/uploads\/2015\/02\/fritz-l\u00f6ffler-platz1.jpg\" alt=\"fritz-l\u00f6ffler-platz1\" width=\"560\" height=\"373\" srcset=\"https:\/\/www.marvinchen.de\/olgas_welt\/blog\/wp-content\/uploads\/2015\/02\/fritz-l\u00f6ffler-platz1.jpg 800w, https:\/\/www.marvinchen.de\/olgas_welt\/blog\/wp-content\/uploads\/2015\/02\/fritz-l\u00f6ffler-platz1-300x200.jpg 300w\" sizes=\"auto, (max-width: 560px) 100vw, 560px\" \/><\/a><\/p>\n<p>Und so sieht der anschlie\u00dfende Fritz-L\u00f6ffler-Platz aus, wenn die Stra\u00dfenbahn voll in Fahrt ist\u00a0\u00a0\u00a0 \ud83d\ude42<\/p>\n<p style=\"text-align: center\"><a href=\"https:\/\/www.marvinchen.de\/olgas_welt\/blog\/wp-content\/uploads\/2015\/02\/fritz-l\u00f6ffler-platz7.jpg\"><img loading=\"lazy\" decoding=\"async\" class=\"aligncenter wp-image-2836\" src=\"https:\/\/www.marvinchen.de\/olgas_welt\/blog\/wp-content\/uploads\/2015\/02\/fritz-l\u00f6ffler-platz7.jpg\" alt=\"fritz-l\u00f6ffler-platz7\" width=\"560\" height=\"373\" srcset=\"https:\/\/www.marvinchen.de\/olgas_welt\/blog\/wp-content\/uploads\/2015\/02\/fritz-l\u00f6ffler-platz7.jpg 800w, https:\/\/www.marvinchen.de\/olgas_welt\/blog\/wp-content\/uploads\/2015\/02\/fritz-l\u00f6ffler-platz7-300x200.jpg 300w\" sizes=\"auto, (max-width: 560px) 100vw, 560px\" \/><\/a><\/p>\n<p>Wenn man vor dem Goldenen Reiter steht und gen Neustadt schaut, dann sieht man die Hauptstra\u00dfe:<\/p>\n<p style=\"text-align: center\"><a href=\"https:\/\/www.marvinchen.de\/olgas_welt\/blog\/wp-content\/uploads\/2015\/02\/hauptstr2.jpg\"><img loading=\"lazy\" decoding=\"async\" class=\"aligncenter wp-image-2837\" src=\"https:\/\/www.marvinchen.de\/olgas_welt\/blog\/wp-content\/uploads\/2015\/02\/hauptstr2.jpg\" alt=\"hauptstr2\" width=\"560\" height=\"373\" srcset=\"https:\/\/www.marvinchen.de\/olgas_welt\/blog\/wp-content\/uploads\/2015\/02\/hauptstr2.jpg 800w, https:\/\/www.marvinchen.de\/olgas_welt\/blog\/wp-content\/uploads\/2015\/02\/hauptstr2-300x200.jpg 300w\" sizes=\"auto, (max-width: 560px) 100vw, 560px\" \/><\/a><\/p>\n<p>Die n\u00e4chste Stra\u00dfe aus meiner Nachbarschaft &#8211; Haydnstra\u00dfe und rechts das Nex\u00f6-Gymnasium:<\/p>\n<p style=\"text-align: center\"><a href=\"https:\/\/www.marvinchen.de\/olgas_welt\/blog\/wp-content\/uploads\/2015\/02\/haydn.jpg\"><img loading=\"lazy\" decoding=\"async\" class=\"aligncenter wp-image-2838\" src=\"https:\/\/www.marvinchen.de\/olgas_welt\/blog\/wp-content\/uploads\/2015\/02\/haydn.jpg\" alt=\"haydn\" width=\"560\" height=\"373\" srcset=\"https:\/\/www.marvinchen.de\/olgas_welt\/blog\/wp-content\/uploads\/2015\/02\/haydn.jpg 800w, https:\/\/www.marvinchen.de\/olgas_welt\/blog\/wp-content\/uploads\/2015\/02\/haydn-300x200.jpg 300w\" sizes=\"auto, (max-width: 560px) 100vw, 560px\" \/><\/a><\/p>\n<p>Erinnert ihr euch noch an die Hauptstra\u00dfe? Diese Stra\u00dfe verl\u00e4uft parallel zu ihr und hei\u00dft K\u00f6nigsstra\u00dfe:<\/p>\n<p style=\"text-align: center\"><a href=\"https:\/\/www.marvinchen.de\/olgas_welt\/blog\/wp-content\/uploads\/2015\/02\/k\u00f6nigstr1.jpg\"><img loading=\"lazy\" decoding=\"async\" class=\"aligncenter wp-image-2839\" src=\"https:\/\/www.marvinchen.de\/olgas_welt\/blog\/wp-content\/uploads\/2015\/02\/k\u00f6nigstr1.jpg\" alt=\"k\u00f6nigstr1\" width=\"560\" height=\"373\" srcset=\"https:\/\/www.marvinchen.de\/olgas_welt\/blog\/wp-content\/uploads\/2015\/02\/k\u00f6nigstr1.jpg 800w, https:\/\/www.marvinchen.de\/olgas_welt\/blog\/wp-content\/uploads\/2015\/02\/k\u00f6nigstr1-300x200.jpg 300w\" sizes=\"auto, (max-width: 560px) 100vw, 560px\" \/><\/a><\/p>\n<p>Die Lenn\u00e9stra\u00dfe am fr\u00fchen Morgen:<\/p>\n<p style=\"text-align: center\"><a href=\"https:\/\/www.marvinchen.de\/olgas_welt\/blog\/wp-content\/uploads\/2015\/02\/lenne.jpg\"><img loading=\"lazy\" decoding=\"async\" class=\"aligncenter wp-image-2840\" src=\"https:\/\/www.marvinchen.de\/olgas_welt\/blog\/wp-content\/uploads\/2015\/02\/lenne.jpg\" alt=\"lenne\" width=\"560\" height=\"373\" srcset=\"https:\/\/www.marvinchen.de\/olgas_welt\/blog\/wp-content\/uploads\/2015\/02\/lenne.jpg 800w, https:\/\/www.marvinchen.de\/olgas_welt\/blog\/wp-content\/uploads\/2015\/02\/lenne-300x200.jpg 300w\" sizes=\"auto, (max-width: 560px) 100vw, 560px\" \/><\/a><\/p>\n<p>und am sp\u00e4ten Abend:<\/p>\n<p style=\"text-align: center\"><a href=\"https:\/\/www.marvinchen.de\/olgas_welt\/blog\/wp-content\/uploads\/2015\/02\/lenne1.jpg\"><img loading=\"lazy\" decoding=\"async\" class=\"aligncenter wp-image-2841\" src=\"https:\/\/www.marvinchen.de\/olgas_welt\/blog\/wp-content\/uploads\/2015\/02\/lenne1.jpg\" alt=\"lenne1\" width=\"560\" height=\"373\" srcset=\"https:\/\/www.marvinchen.de\/olgas_welt\/blog\/wp-content\/uploads\/2015\/02\/lenne1.jpg 800w, https:\/\/www.marvinchen.de\/olgas_welt\/blog\/wp-content\/uploads\/2015\/02\/lenne1-300x200.jpg 300w\" sizes=\"auto, (max-width: 560px) 100vw, 560px\" \/><\/a><\/p>\n<p>Die L\u00fcbecker Stra\u00dfe habe ich dagegen im Hellen fotografiert:<\/p>\n<p style=\"text-align: center\"><a href=\"https:\/\/www.marvinchen.de\/olgas_welt\/blog\/wp-content\/uploads\/2015\/02\/l\u00fcbecker1.jpg\"><img loading=\"lazy\" decoding=\"async\" class=\"aligncenter wp-image-2842\" src=\"https:\/\/www.marvinchen.de\/olgas_welt\/blog\/wp-content\/uploads\/2015\/02\/l\u00fcbecker1.jpg\" alt=\"l\u00fcbecker1\" width=\"560\" height=\"373\" srcset=\"https:\/\/www.marvinchen.de\/olgas_welt\/blog\/wp-content\/uploads\/2015\/02\/l\u00fcbecker1.jpg 800w, https:\/\/www.marvinchen.de\/olgas_welt\/blog\/wp-content\/uploads\/2015\/02\/l\u00fcbecker1-300x200.jpg 300w\" sizes=\"auto, (max-width: 560px) 100vw, 560px\" \/><\/a><\/p>\n<p>Wenn die Leute am fr\u00fchen Morgen zur Arbeit \u00fcber die M\u00fcller-Berset-Stra\u00dfe d\u00fcsen, dann sieht das so aus:<\/p>\n<p style=\"text-align: center\"><a href=\"https:\/\/www.marvinchen.de\/olgas_welt\/blog\/wp-content\/uploads\/2015\/02\/m\u00fcller-berset-stra\u00dfe.jpg\"><img loading=\"lazy\" decoding=\"async\" class=\"aligncenter wp-image-2843\" src=\"https:\/\/www.marvinchen.de\/olgas_welt\/blog\/wp-content\/uploads\/2015\/02\/m\u00fcller-berset-stra\u00dfe.jpg\" alt=\"m\u00fcller-berset-stra\u00dfe\" width=\"560\" height=\"373\" srcset=\"https:\/\/www.marvinchen.de\/olgas_welt\/blog\/wp-content\/uploads\/2015\/02\/m\u00fcller-berset-stra\u00dfe.jpg 800w, https:\/\/www.marvinchen.de\/olgas_welt\/blog\/wp-content\/uploads\/2015\/02\/m\u00fcller-berset-stra\u00dfe-300x200.jpg 300w\" sizes=\"auto, (max-width: 560px) 100vw, 560px\" \/><\/a><\/p>\n<p>Auf der M\u00fcnchner Stra\u00dfe ist ebenfalls die Eile vor dem Beginn des Arbeitstages angesagt:<\/p>\n<p style=\"text-align: center\"><a href=\"https:\/\/www.marvinchen.de\/olgas_welt\/blog\/wp-content\/uploads\/2015\/02\/m\u00fcnchner.jpg\"><img loading=\"lazy\" decoding=\"async\" class=\"aligncenter wp-image-2844\" src=\"https:\/\/www.marvinchen.de\/olgas_welt\/blog\/wp-content\/uploads\/2015\/02\/m\u00fcnchner.jpg\" alt=\"m\u00fcnchner\" width=\"560\" height=\"373\" srcset=\"https:\/\/www.marvinchen.de\/olgas_welt\/blog\/wp-content\/uploads\/2015\/02\/m\u00fcnchner.jpg 800w, https:\/\/www.marvinchen.de\/olgas_welt\/blog\/wp-content\/uploads\/2015\/02\/m\u00fcnchner-300x200.jpg 300w\" sizes=\"auto, (max-width: 560px) 100vw, 560px\" \/><\/a><\/p>\n<p>Die Nieritz-Stra\u00dfe, welche zur K\u00f6nigsstra\u00dfe f\u00fchrt:<\/p>\n<p style=\"text-align: center\"><a href=\"https:\/\/www.marvinchen.de\/olgas_welt\/blog\/wp-content\/uploads\/2015\/02\/nieritz.jpg\"><img loading=\"lazy\" decoding=\"async\" class=\"aligncenter wp-image-2845\" src=\"https:\/\/www.marvinchen.de\/olgas_welt\/blog\/wp-content\/uploads\/2015\/02\/nieritz.jpg\" alt=\"nieritz\" width=\"560\" height=\"373\" srcset=\"https:\/\/www.marvinchen.de\/olgas_welt\/blog\/wp-content\/uploads\/2015\/02\/nieritz.jpg 800w, https:\/\/www.marvinchen.de\/olgas_welt\/blog\/wp-content\/uploads\/2015\/02\/nieritz-300x200.jpg 300w\" sizes=\"auto, (max-width: 560px) 100vw, 560px\" \/><\/a><\/p>\n<p>An der Kreuzung Pennricher und L\u00fcbecker Stra\u00dfe:<\/p>\n<p style=\"text-align: center\"><a href=\"https:\/\/www.marvinchen.de\/olgas_welt\/blog\/wp-content\/uploads\/2015\/02\/pennricher-l\u00fcbecker.jpg\"><img loading=\"lazy\" decoding=\"async\" class=\"aligncenter wp-image-2846\" src=\"https:\/\/www.marvinchen.de\/olgas_welt\/blog\/wp-content\/uploads\/2015\/02\/pennricher-l\u00fcbecker.jpg\" alt=\"pennricher-l\u00fcbecker\" width=\"560\" height=\"373\" srcset=\"https:\/\/www.marvinchen.de\/olgas_welt\/blog\/wp-content\/uploads\/2015\/02\/pennricher-l\u00fcbecker.jpg 800w, https:\/\/www.marvinchen.de\/olgas_welt\/blog\/wp-content\/uploads\/2015\/02\/pennricher-l\u00fcbecker-300x200.jpg 300w\" sizes=\"auto, (max-width: 560px) 100vw, 560px\" \/><\/a><\/p>\n<p>Die Reisewitzer Stra\u00dfe nach einem Sturm:<\/p>\n<p style=\"text-align: center\"><a href=\"https:\/\/www.marvinchen.de\/olgas_welt\/blog\/wp-content\/uploads\/2015\/02\/reisewitzer.jpg\"><img loading=\"lazy\" decoding=\"async\" class=\"aligncenter wp-image-2847\" src=\"https:\/\/www.marvinchen.de\/olgas_welt\/blog\/wp-content\/uploads\/2015\/02\/reisewitzer.jpg\" alt=\"reisewitzer\" width=\"560\" height=\"373\" srcset=\"https:\/\/www.marvinchen.de\/olgas_welt\/blog\/wp-content\/uploads\/2015\/02\/reisewitzer.jpg 800w, https:\/\/www.marvinchen.de\/olgas_welt\/blog\/wp-content\/uploads\/2015\/02\/reisewitzer-300x200.jpg 300w\" sizes=\"auto, (max-width: 560px) 100vw, 560px\" \/><\/a><\/p>\n<p>Die Ritterstra\u00dfe mit Blick auf die Neust\u00e4dter Markthalle (rechts) und im Hintergrund auf die Dreik\u00f6nigskirche:<\/p>\n<p style=\"text-align: center\"><a href=\"https:\/\/www.marvinchen.de\/olgas_welt\/blog\/wp-content\/uploads\/2015\/02\/ritterstr1.jpg\"><img loading=\"lazy\" decoding=\"async\" class=\"aligncenter wp-image-2848\" src=\"https:\/\/www.marvinchen.de\/olgas_welt\/blog\/wp-content\/uploads\/2015\/02\/ritterstr1.jpg\" alt=\"ritterstr1\" width=\"560\" height=\"373\" srcset=\"https:\/\/www.marvinchen.de\/olgas_welt\/blog\/wp-content\/uploads\/2015\/02\/ritterstr1.jpg 800w, https:\/\/www.marvinchen.de\/olgas_welt\/blog\/wp-content\/uploads\/2015\/02\/ritterstr1-300x200.jpg 300w\" sizes=\"auto, (max-width: 560px) 100vw, 560px\" \/><\/a><\/p>\n<p>Die St\u00fcbelallee in der Dunkelheit:<\/p>\n<p style=\"text-align: center\"><a href=\"https:\/\/www.marvinchen.de\/olgas_welt\/blog\/wp-content\/uploads\/2015\/02\/st\u00fcbelallee.jpg\"><img loading=\"lazy\" decoding=\"async\" class=\"aligncenter wp-image-2849\" src=\"https:\/\/www.marvinchen.de\/olgas_welt\/blog\/wp-content\/uploads\/2015\/02\/st\u00fcbelallee.jpg\" alt=\"st\u00fcbelallee\" width=\"560\" height=\"373\" srcset=\"https:\/\/www.marvinchen.de\/olgas_welt\/blog\/wp-content\/uploads\/2015\/02\/st\u00fcbelallee.jpg 800w, https:\/\/www.marvinchen.de\/olgas_welt\/blog\/wp-content\/uploads\/2015\/02\/st\u00fcbelallee-300x200.jpg 300w\" sizes=\"auto, (max-width: 560px) 100vw, 560px\" \/><\/a><\/p>\n<p>So sieht die Tharandter Stra\u00dfe aus, wenn man nach Freital f\u00e4hrt:<\/p>\n<p style=\"text-align: center\"><a href=\"https:\/\/www.marvinchen.de\/olgas_welt\/blog\/wp-content\/uploads\/2015\/02\/tharandter1.jpg\"><img loading=\"lazy\" decoding=\"async\" class=\"aligncenter wp-image-2850\" src=\"https:\/\/www.marvinchen.de\/olgas_welt\/blog\/wp-content\/uploads\/2015\/02\/tharandter1.jpg\" alt=\"tharandter1\" width=\"560\" height=\"373\" srcset=\"https:\/\/www.marvinchen.de\/olgas_welt\/blog\/wp-content\/uploads\/2015\/02\/tharandter1.jpg 800w, https:\/\/www.marvinchen.de\/olgas_welt\/blog\/wp-content\/uploads\/2015\/02\/tharandter1-300x200.jpg 300w\" sizes=\"auto, (max-width: 560px) 100vw, 560px\" \/><\/a><\/p>\n<p>Und so sieht sie aus, wenn man aus Freital kommt und nach Dresden reinf\u00e4hrt:<\/p>\n<p style=\"text-align: center\"><a href=\"https:\/\/www.marvinchen.de\/olgas_welt\/blog\/wp-content\/uploads\/2015\/02\/tharandter4.jpg\"><img loading=\"lazy\" decoding=\"async\" class=\"aligncenter wp-image-2851\" src=\"https:\/\/www.marvinchen.de\/olgas_welt\/blog\/wp-content\/uploads\/2015\/02\/tharandter4.jpg\" alt=\"tharandter4\" width=\"560\" height=\"373\" srcset=\"https:\/\/www.marvinchen.de\/olgas_welt\/blog\/wp-content\/uploads\/2015\/02\/tharandter4.jpg 800w, https:\/\/www.marvinchen.de\/olgas_welt\/blog\/wp-content\/uploads\/2015\/02\/tharandter4-300x200.jpg 300w\" sizes=\"auto, (max-width: 560px) 100vw, 560px\" \/><\/a><\/p>\n<p>Und weil ich die Pflastersteine so sch\u00f6n finde, hier noch ein Bild von Theresienstra\u00dfe:<\/p>\n<p style=\"text-align: center\"><a href=\"https:\/\/www.marvinchen.de\/olgas_welt\/blog\/wp-content\/uploads\/2015\/02\/theresien.jpg\"><img loading=\"lazy\" decoding=\"async\" class=\"aligncenter wp-image-2852\" src=\"https:\/\/www.marvinchen.de\/olgas_welt\/blog\/wp-content\/uploads\/2015\/02\/theresien.jpg\" alt=\"theresien\" width=\"560\" height=\"373\" srcset=\"https:\/\/www.marvinchen.de\/olgas_welt\/blog\/wp-content\/uploads\/2015\/02\/theresien.jpg 800w, https:\/\/www.marvinchen.de\/olgas_welt\/blog\/wp-content\/uploads\/2015\/02\/theresien-300x200.jpg 300w\" sizes=\"auto, (max-width: 560px) 100vw, 560px\" \/><\/a><\/p>\n<p>Zum Schlu\u00df gibt es noch eine Aufnahme von der Zwickauer Stra\u00dfe:<\/p>\n<p style=\"text-align: center\"><a href=\"https:\/\/www.marvinchen.de\/olgas_welt\/blog\/wp-content\/uploads\/2015\/02\/zwickauer1.jpg\"><img loading=\"lazy\" decoding=\"async\" class=\"aligncenter wp-image-2853\" src=\"https:\/\/www.marvinchen.de\/olgas_welt\/blog\/wp-content\/uploads\/2015\/02\/zwickauer1.jpg\" alt=\"zwickauer1\" width=\"560\" height=\"373\" srcset=\"https:\/\/www.marvinchen.de\/olgas_welt\/blog\/wp-content\/uploads\/2015\/02\/zwickauer1.jpg 800w, https:\/\/www.marvinchen.de\/olgas_welt\/blog\/wp-content\/uploads\/2015\/02\/zwickauer1-300x200.jpg 300w\" sizes=\"auto, (max-width: 560px) 100vw, 560px\" \/><\/a><\/p>\n<p>Ihr merkt, nun sind vor von A bis Z in Dresden unterwegs gewesen, wenn auch ein paar Buchstaben nicht in der Aufz\u00e4hlung vorgekommen sind\u00a0\u00a0\u00a0 \ud83d\ude09<\/p>\n<p>Wenn ihr noch mehr entdecken wollt, dann k\u00f6nnt ihr bei der Reise durch Dresden geradeaus fahren oder abbiegen &#8211; es gibt \u00fcberall auf den Stra\u00dfen dieser Stadt viel Interessantes zu entdecken, das versichere ich\u00a0euch\u00a0\u00a0\u00a0 \ud83d\ude42<\/p>\n<p style=\"text-align: center\"><a href=\"https:\/\/www.marvinchen.de\/olgas_welt\/blog\/wp-content\/uploads\/2015\/02\/tharandter3.jpg\"><img loading=\"lazy\" decoding=\"async\" class=\"aligncenter wp-image-2854\" src=\"https:\/\/www.marvinchen.de\/olgas_welt\/blog\/wp-content\/uploads\/2015\/02\/tharandter3.jpg\" alt=\"tharandter3\" width=\"560\" height=\"373\" srcset=\"https:\/\/www.marvinchen.de\/olgas_welt\/blog\/wp-content\/uploads\/2015\/02\/tharandter3.jpg 800w, https:\/\/www.marvinchen.de\/olgas_welt\/blog\/wp-content\/uploads\/2015\/02\/tharandter3-300x200.jpg 300w\" sizes=\"auto, (max-width: 560px) 100vw, 560px\" \/><\/a><\/p>\n","protected":false},"excerpt":{"rendered":"<p>Wie schnell 31 Tage bloss vorbeiziehen k\u00f6nnen! Der Januar ist bereits seit einigen Tagen\u00a0zuende und nun ist es schon wieder mal an der Zeit, die ersten Ergebnisse meines Fotojahresplans zu pr\u00e4sentieren\u00a0\u00a0\u00a0 \ud83d\ude09 \u00a0\u00a0\u00a0&#8222;Stra\u00dfen der Stadt&#8220; als Thema hat mir die M\u00f6glichkeit gegeben,\u00a0Bilder an verschiedenen Ecken von Dresden, an unterschiedlichen Tagen und auch zu unterschiedlichen Tageszeiten\u00a0zu [&hellip;]<\/p>\n","protected":false},"author":3,"featured_media":0,"comment_status":"open","ping_status":"closed","sticky":false,"template":"","format":"standard","meta":{"ngg_post_thumbnail":0,"footnotes":""},"categories":[3,822,4,1],"tags":[27,587,638,716,847,13,1043,445],"class_list":["post-2827","post","type-post","status-publish","format-standard","hentry","category-ausfluege-und-reisen","category-fotografie-und-photoshop","category-freud-und-leid","category-olca-und-stan","tag-dresden","tag-foto","tag-fotografie","tag-fotografieren","tag-fotojahresplan","tag-olga","tag-strasse","tag-strasenbahn"],"_links":{"self":[{"href":"https:\/\/www.marvinchen.de\/olgas_welt\/blog\/wp-json\/wp\/v2\/posts\/2827","targetHints":{"allow":["GET"]}}],"collection":[{"href":"https:\/\/www.marvinchen.de\/olgas_welt\/blog\/wp-json\/wp\/v2\/posts"}],"about":[{"href":"https:\/\/www.marvinchen.de\/olgas_welt\/blog\/wp-json\/wp\/v2\/types\/post"}],"author":[{"embeddable":true,"href":"https:\/\/www.marvinchen.de\/olgas_welt\/blog\/wp-json\/wp\/v2\/users\/3"}],"replies":[{"embeddable":true,"href":"https:\/\/www.marvinchen.de\/olgas_welt\/blog\/wp-json\/wp\/v2\/comments?post=2827"}],"version-history":[{"count":0,"href":"https:\/\/www.marvinchen.de\/olgas_welt\/blog\/wp-json\/wp\/v2\/posts\/2827\/revisions"}],"wp:attachment":[{"href":"https:\/\/www.marvinchen.de\/olgas_welt\/blog\/wp-json\/wp\/v2\/media?parent=2827"}],"wp:term":[{"taxonomy":"category","embeddable":true,"href":"https:\/\/www.marvinchen.de\/olgas_welt\/blog\/wp-json\/wp\/v2\/categories?post=2827"},{"taxonomy":"post_tag","embeddable":true,"href":"https:\/\/www.marvinchen.de\/olgas_welt\/blog\/wp-json\/wp\/v2\/tags?post=2827"}],"curies":[{"name":"wp","href":"https:\/\/api.w.org\/{rel}","templated":true}]}}