{"id":2909,"date":"2015-02-21T20:17:23","date_gmt":"2015-02-21T19:17:23","guid":{"rendered":"http:\/\/www.marvinchen.de\/olgas_welt\/blog\/?p=2909"},"modified":"2015-02-21T20:17:23","modified_gmt":"2015-02-21T19:17:23","slug":"eine-februar-premiere","status":"publish","type":"post","link":"https:\/\/www.marvinchen.de\/olgas_welt\/blog\/2015\/02\/eine-februar-premiere\/","title":{"rendered":"Eine Februar-Premiere"},"content":{"rendered":"<p>Dass ich eine Schw\u00e4che f\u00fcr B\u00fccher habe, ist ein offenes Geheimnis. Schlie\u00dflich war einst meine Entscheidung, Philologie zu studieren, eine Entscheidung des Herzens und nicht des Gehaltszettels in Spe. Es ist dann nat\u00fcrlich auch sehr schmeichelhaft, einige Autoren in seinem Bekanntenkreis zu haben, z.B. das kreative Quartett von <a href=\"http:\/\/phrase4.de\/\" target=\"_blank\">Phrase4<\/a>. Ich geniesse jeden Monat deren Kurzgeschichten\u00a0wirklich sehr, weiss aber, dass\u00a0sie auch dickere B\u00fccher schreiben k\u00f6nnen\u00a0\u00a0\u00a0 \ud83d\ude09<\/p>\n<p>So hat <a href=\"http:\/\/www.francis-mohr.de\/\" target=\"_blank\">Francis Mohr<\/a> nun nach monatelanger Arbeit und ausgepr\u00e4gter Geheiminskr\u00e4merei ein neues Buch erschaffen und da ich schon sein &#8222;<a href=\"http:\/\/www.amazon.de\/Flashback-Ost-Francis-Mohr\/dp\/394175727X\" target=\"_blank\">Flashback Ost<\/a>&#8220;\u00a0verschlungen habe, konnte ich mir nat\u00fcrlich die Premiere von &#8222;Februar&#8220;, seinem neuen Buchkind, nicht entgehen lassen.\u00a0Der gestrige Freitagabend war extra daf\u00fcr in unserem <del>Familien<\/del>P\u00e4rchenkalender reserviert.<\/p>\n<p>Der Weg in die <a href=\"http:\/\/www.artderkultur.de\/\" target=\"_blank\">Ver\u00e4nderbar<\/a>, wo auch die regelm\u00e4\u00dfigen Lesungen von Phrase4 stattfinden,\u00a0ist mir\u00a0nat\u00fcrlich schon\u00a0mehr als bekannt und so\u00a0traf ich\u00a0dort oberp\u00fcnktlich ein &#8211;\u00a0war aber\u00a0bei Weitem nicht die Erste! Zwischen den G\u00e4sten habe ich dann auch noch einige bekannte Gesichter entdeckt, die ich sonst nicht bei\u00a0solchen Lesungen treffe, was mir ein weiteres Mal deutlich bewiesen hat, dass Dresden trotz \u00fcber 500.000 Einwohnern doch mehr als ein Dorf zu sehen ist\u00a0\u00a0\u00a0 \ud83d\ude00<\/p>\n<p>Damit die Lesestunde nicht zu &#8222;trocken&#8220; wird, hat Francis als Unterst\u00fctzung einen Musiker namens <a href=\"http:\/\/rany-music.com\/\" target=\"_blank\">Rany<\/a> eingeladen. Der Mann hat eine echt geniale Stimme!\u00a0Die von der Sorte,\u00a0bei der\u00a0auch eine gestandene und, zumindest dem im Ausweis stehenden Alter nach, erwachsene Frau schmachtend vor der B\u00fchne\u00a0sitzt und dahinschmilzt\u00a0\u00a0\u00a0\u00a0\ud83d\ude42<\/p>\n<p style=\"text-align: center;\"><a href=\"https:\/\/www.marvinchen.de\/olgas_welt\/blog\/wp-content\/uploads\/2015\/02\/IMG_0177.jpg\"><img loading=\"lazy\" decoding=\"async\" class=\"aligncenter wp-image-2910\" src=\"https:\/\/www.marvinchen.de\/olgas_welt\/blog\/wp-content\/uploads\/2015\/02\/IMG_0177.jpg\" alt=\"IMG_0177\" width=\"560\" height=\"373\" srcset=\"https:\/\/www.marvinchen.de\/olgas_welt\/blog\/wp-content\/uploads\/2015\/02\/IMG_0177.jpg 800w, https:\/\/www.marvinchen.de\/olgas_welt\/blog\/wp-content\/uploads\/2015\/02\/IMG_0177-300x200.jpg 300w\" sizes=\"auto, (max-width: 560px) 100vw, 560px\" \/><\/a><\/p>\n<p>Francis hat nat\u00fcrlich einiges\u00a0aus seinem neuen\u00a0Buch vorgelesen. So kenne ich jetzt zumindest schon einige Charaktere\u00a0der Geschichte\u00a0und weiss, dass es ein Krimi ist. Ich weiss wer stirbt und sogar auf welche Art und Weise,\u00a0aber\u00a0wer der T\u00e4ter ist, hat der schlaue Autor nat\u00fcrlich nicht verraten\u00a0\u00a0\u00a0 \ud83d\ude09<\/p>\n<p style=\"text-align: center;\"><a href=\"https:\/\/www.marvinchen.de\/olgas_welt\/blog\/wp-content\/uploads\/2015\/02\/IMG_0049.jpg\"><img loading=\"lazy\" decoding=\"async\" class=\"aligncenter wp-image-2911\" src=\"https:\/\/www.marvinchen.de\/olgas_welt\/blog\/wp-content\/uploads\/2015\/02\/IMG_0049.jpg\" alt=\"IMG_0049\" width=\"560\" height=\"373\" srcset=\"https:\/\/www.marvinchen.de\/olgas_welt\/blog\/wp-content\/uploads\/2015\/02\/IMG_0049.jpg 800w, https:\/\/www.marvinchen.de\/olgas_welt\/blog\/wp-content\/uploads\/2015\/02\/IMG_0049-300x200.jpg 300w\" sizes=\"auto, (max-width: 560px) 100vw, 560px\" \/><\/a><\/p>\n<p>Ein Buch\u00a0brauchte ich mir nicht zu kaufen, denn\u00a0ich habe\u00a0davon profitiert, dass ein Bild von mir in das neue Werk von Herrn Mohr geschafft hat und deswegen habe ich ein Belegexemplar bekommen\u00a0\u00a0\u00a0 \ud83d\ude00<br \/>\nIch bin sogar namentlich in der Danksagung\u00a0des Buches\u00a0erw\u00e4hnt und ich gestehe, dass in einem solchen Fall eine gewisse Portion Eitelkeit auch mir nicht fremd ist, denn ich f\u00fchle mich wirklich sehr geschmeichelt\u00a0\u00a0\u00a0 :erroeten:<\/p>\n<p>Nat\u00fcrlich habe ich mir das\u00a0frischgedruckte\u00a0Buch gleich vom Meister selbst signieren lassen!<\/p>\n<p style=\"text-align: center;\"><a href=\"https:\/\/www.marvinchen.de\/olgas_welt\/blog\/wp-content\/uploads\/2015\/02\/IMG_0248.jpg\"><img loading=\"lazy\" decoding=\"async\" class=\"aligncenter wp-image-2912\" src=\"https:\/\/www.marvinchen.de\/olgas_welt\/blog\/wp-content\/uploads\/2015\/02\/IMG_0248.jpg\" alt=\"IMG_0248\" width=\"560\" height=\"373\" srcset=\"https:\/\/www.marvinchen.de\/olgas_welt\/blog\/wp-content\/uploads\/2015\/02\/IMG_0248.jpg 800w, https:\/\/www.marvinchen.de\/olgas_welt\/blog\/wp-content\/uploads\/2015\/02\/IMG_0248-300x200.jpg 300w\" sizes=\"auto, (max-width: 560px) 100vw, 560px\" \/><\/a><\/p>\n<p>Und da ich heute mein\u00a0aktuelle\u00a0Lekt\u00fcre zu Ende gelesen habe, kann ich sogar schon morgen mit dem Lesen von &#8222;Februar&#8220; loslegen &#8230; ich m\u00f6chte ja schlie\u00dflich wissen, warum das Opfer\u00a0starb und wer daran schuld ist\u00a0\u00a0\u00a0\u00a0\ud83d\ude09<\/p>\n","protected":false},"excerpt":{"rendered":"<p>Dass ich eine Schw\u00e4che f\u00fcr B\u00fccher habe, ist ein offenes Geheimnis. Schlie\u00dflich war einst meine Entscheidung, Philologie zu studieren, eine Entscheidung des Herzens und nicht des Gehaltszettels in Spe. Es ist dann nat\u00fcrlich auch sehr schmeichelhaft, einige Autoren in seinem Bekanntenkreis zu haben, z.B. das kreative Quartett von Phrase4. Ich geniesse jeden Monat deren Kurzgeschichten\u00a0wirklich [&hellip;]<\/p>\n","protected":false},"author":3,"featured_media":0,"comment_status":"open","ping_status":"closed","sticky":false,"template":"","format":"standard","meta":{"ngg_post_thumbnail":0,"footnotes":""},"categories":[822,4,7,8,1],"tags":[60,988,638,716,867,1052,550,537,518,13,941,498,940],"class_list":["post-2909","post","type-post","status-publish","format-standard","hentry","category-fotografie-und-photoshop","category-freud-und-leid","category-freunde-und-co","category-hoeren-und-lesen","category-olca-und-stan","tag-buch","tag-buecher","tag-fotografie","tag-fotografieren","tag-fotot","tag-francis-mohr","tag-krimi","tag-lesen","tag-lesung","tag-olga","tag-phrase4","tag-premiere","tag-veraenderbar"],"_links":{"self":[{"href":"https:\/\/www.marvinchen.de\/olgas_welt\/blog\/wp-json\/wp\/v2\/posts\/2909","targetHints":{"allow":["GET"]}}],"collection":[{"href":"https:\/\/www.marvinchen.de\/olgas_welt\/blog\/wp-json\/wp\/v2\/posts"}],"about":[{"href":"https:\/\/www.marvinchen.de\/olgas_welt\/blog\/wp-json\/wp\/v2\/types\/post"}],"author":[{"embeddable":true,"href":"https:\/\/www.marvinchen.de\/olgas_welt\/blog\/wp-json\/wp\/v2\/users\/3"}],"replies":[{"embeddable":true,"href":"https:\/\/www.marvinchen.de\/olgas_welt\/blog\/wp-json\/wp\/v2\/comments?post=2909"}],"version-history":[{"count":0,"href":"https:\/\/www.marvinchen.de\/olgas_welt\/blog\/wp-json\/wp\/v2\/posts\/2909\/revisions"}],"wp:attachment":[{"href":"https:\/\/www.marvinchen.de\/olgas_welt\/blog\/wp-json\/wp\/v2\/media?parent=2909"}],"wp:term":[{"taxonomy":"category","embeddable":true,"href":"https:\/\/www.marvinchen.de\/olgas_welt\/blog\/wp-json\/wp\/v2\/categories?post=2909"},{"taxonomy":"post_tag","embeddable":true,"href":"https:\/\/www.marvinchen.de\/olgas_welt\/blog\/wp-json\/wp\/v2\/tags?post=2909"}],"curies":[{"name":"wp","href":"https:\/\/api.w.org\/{rel}","templated":true}]}}