{"id":2950,"date":"2015-03-03T20:12:25","date_gmt":"2015-03-03T19:12:25","guid":{"rendered":"http:\/\/www.marvinchen.de\/olgas_welt\/blog\/?p=2950"},"modified":"2015-03-03T20:12:25","modified_gmt":"2015-03-03T19:12:25","slug":"ein-wochenende-mit-den-kindern","status":"publish","type":"post","link":"https:\/\/www.marvinchen.de\/olgas_welt\/blog\/2015\/03\/ein-wochenende-mit-den-kindern\/","title":{"rendered":"Ein Wochenende mit den Kindern"},"content":{"rendered":"<p>Wenn die Kinder \u00e4lter und dazu auch noch fl\u00fcgge werden, wird die gemeinsame Zeit mit ihnen zu einer Rarit\u00e4t. Deshalb geniessen wir diese M\u00f6glichkeiten nun besonders\u00a0intensiv. Das letzte Wochenende war\u00a0 z.B. nach langer Zeit mal ziemlich stark dem Familienleben gewidmet.<\/p>\n<p>Stephanie kam bereits am Donnerstag aus Potsdam nach Dresden, hat sich aber erst einmal f\u00fcr einen Schwesternabend in Andreas Wohnheim entschieden. Ich m\u00f6chte gar nicht wissen, wie die \u00d6hrchen\u00a0der M\u00f6chtegernmodels aus <a href=\"http:\/\/www.prosieben.de\/tv\/germanys-next-topmodel\" target=\"_blank\">Heidi Klums Sendung<\/a> geklingelt haben, denn\u00a0beim Schauen solcher Programm&#8220;h\u00f6hepunkte&#8220; wird nat\u00fcrlich unter den beiden Geschwistern ganz kr\u00e4ftig \u00fcber alle Protagonistinnen abgel\u00e4stert\u00a0\u00a0\u00a0 \ud83d\ude09<\/p>\n<p>Am Freitag nach der Arbeit holte ich unsere Kleine von ihrer Schwester ab. Zu dritt\u00a0gingen wir zu unserem neuen Stamm-D\u00f6nermann auf der Borsbergstra\u00dfe. Inzwischen f\u00fchlen wir uns dort richtig heimisch und auch Yusuf meinte, dass wir\u00a0inzwischen fast wie eine <em>kleine Familie<\/em> w\u00e4ren. Ich gehe aber nicht nur deswegen gerne zum &#8222;Sultan&#8220; essen\u00a0\u00a0\u00a0 \ud83d\ude42<\/p>\n<p>Den restlichen Abend haben wir erst ganz edel in der <a href=\"http:\/\/www.kempinski.com\/de\/dresden\/hotel-taschenbergpalais\/restaurants\/bar-and-cafe\/karl-may-bar\/\" target=\"_blank\">Karl-May-Bar<\/a> im Kempinski-Hotel verbracht, wobei Andrea und Karl ebenfalls noch dazu gekommen sind. Wir w\u00e4ren wohl nie von allein auf diese Bar aufmerksam geworden, aber dank der\u00a0<a href=\"http:\/\/www.dresdenforfriends.de\/\" target=\"_blank\">Dresden for Friends-Karte<\/a> war immerhin ein Cocktail f\u00fcr lau zu haben. Und man konnte sich sch\u00f6n unterhalten, denn die Musik war nicht aufdringlich und die Atmosph\u00e4re im Raum\u00a0ganz gem\u00fctlich. Danach wechselten wir gegen 23 Uhr von edel zu rustikal und zogen in\u00a0den benachbarten Irish-Pub\u00a0<a href=\"http:\/\/www.shamrock-dresden.de\/\" target=\"_blank\">Shamrock<\/a>. Da die K\u00fcche dort aber um diese sp\u00e4te Tageszeit\u00a0schon kalt war, g\u00f6nnten wir uns noch einen kleinen (ungesunden) Mitternachtssnack bei der wohl weltweit bekanntesten Fastfoodkette dieser Welt, bevor wir\u00a0Andrea und Karl\u00a0nach Hause brachten und anschlie\u00dfend auch selber schnell ins Bett fielen.<\/p>\n<p>Am Samstag wurde nicht im Apartamento OLCA gefr\u00fchst\u00fcckt, denn f\u00fcr diesen\u00a0Morgen konnten wir endlich mal unser Weihnachtsgeschenk einl\u00f6sen. Beide M\u00e4dels haben uns damals n\u00e4mlich einen Gutschein f\u00fcr &#8222;Gemeinsame Zeit&#8220; geschenkt und dieser beinhaltete vor allen Dingen einen gemeinsamen Brunch. Wir all-you-can-eaten\/brunchen immer sehr gern, weil man da viel Zeit zum Quatschen und Nebenbei-Essen hat &#8230; ohne Druck fertigzuwerden. Das wissen unser Kinder nat\u00fcrlich auch schon lange\u00a0\u00a0\u00a0 \ud83d\ude42<br \/>\nSie haben f\u00fcr das lange Fr\u00fchst\u00fcck das Restaurant\u00a0<a href=\"http:\/\/www.l-art-de-vie.de\/\" target=\"_blank\">L&#8217;Art de Vie<\/a> ausgesucht und damit eine richtig gute Wahl getroffen! Nach dem\u00a0leckeren und\u00a0sch\u00f6nen Essen\u00a0sowie viel Geschnatter haben wir uns von\u00a0unserer Gro\u00dfen verabschiedet, denn sie\u00a0verfolgte ab da schon wieder ihre eigenen Pl\u00e4ne, aber da sie ja noch\u00a0in Dresden wohnt, sehen wir\u00a0uns zwischendurch immer wieder\u00a0\u00a0\u00a0 \ud83d\ude09<\/p>\n<p style=\"text-align: center\"><a href=\"https:\/\/www.marvinchen.de\/olgas_welt\/blog\/wp-content\/uploads\/2015\/03\/Brunch-mit-Kindern.jpg\"><img loading=\"lazy\" decoding=\"async\" class=\"aligncenter wp-image-2951\" src=\"https:\/\/www.marvinchen.de\/olgas_welt\/blog\/wp-content\/uploads\/2015\/03\/Brunch-mit-Kindern.jpg\" alt=\"Brunch-mit-Kindern\" width=\"560\" height=\"367\" srcset=\"https:\/\/www.marvinchen.de\/olgas_welt\/blog\/wp-content\/uploads\/2015\/03\/Brunch-mit-Kindern.jpg 800w, https:\/\/www.marvinchen.de\/olgas_welt\/blog\/wp-content\/uploads\/2015\/03\/Brunch-mit-Kindern-300x197.jpg 300w\" sizes=\"auto, (max-width: 560px) 100vw, 560px\" \/><\/a><\/p>\n<p>Mit Stephanie zusammen pl\u00fcnderten wir noch kurz einen Russenladen und schauten dann\u00a0unsere aktuelle <a href=\"http:\/\/www.amazon.de\/LOVEFiLM-DVD-Verleih\/b?node=3054250031\" target=\"_blank\">Lovefilm-DVD<\/a> &#8222;<a href=\"http:\/\/www.edgeoftomorrowmovie.com\/\" target=\"_blank\">Edge of Tomorrow<\/a>&#8220; mit Tom Cruse und Emily Blunt. Aus meiner Sicht eine Mischung aus &#8222;Und ewig gr\u00fc\u00dft das Murmeltier&#8220; und &#8222;Krieg der Welten&#8220;, aber der Film hat uns alle drei positiv \u00fcberrascht\u00a0\u00a0\u00a0 \ud83d\ude09\u00a0\u00a0\u00a0 Leute, welche viel Spa\u00df bei &#8222;Source Code&#8220; hatten, werden auch\u00a0bei\u00a0diesem Film nicht entt\u00e4uscht.<\/p>\n<p>Tja, und ab da waren die Kinderzeiten mehr oder weniger vorbei, denn abends gingen Carsten und ich noch zu zweit in die <a href=\"http:\/\/www.comoedie-dresden.de\/\" target=\"_blank\">Com\u00f6die<\/a>, wo wir ganz viel Freude an dem St\u00fcck &#8222;<a href=\"http:\/\/www.comoedie-dresden.de\/repertoire\/bestefreunde.php\" target=\"_blank\">Ziemlich beste Freunde<\/a>&#8220; hatten &#8211; die Karten hatten wir noch in 2014 gekauft, da war von dem Brunch und dem Kinderwochenende keine Spur. Die vier Schauspieler und auch das B\u00fchnenbild\u00a0haben den Film hervorragend wiedergegeben und uns enorm beeindruckt!<\/p>\n<p>Am Sonntag\u00a0verbrachte ich \u00fcbrigens allerhand Zeit mit Lesen, denn das Buch &#8222;<a href=\"https:\/\/www.marvinchen.de\/olgas_welt\/blog\/2015\/02\/eine-februar-premiere\/\" target=\"_blank\">Februar<\/a>&#8220; hat mich wirklich gepackt. Als spannender Krimi mit Bezug zur aktuellen, politischen Situation in meiner Wahlheimat sehr empfehlenswert!<\/p>\n","protected":false},"excerpt":{"rendered":"<p>Wenn die Kinder \u00e4lter und dazu auch noch fl\u00fcgge werden, wird die gemeinsame Zeit mit ihnen zu einer Rarit\u00e4t. Deshalb geniessen wir diese M\u00f6glichkeiten nun besonders\u00a0intensiv. Das letzte Wochenende war\u00a0 z.B. nach langer Zeit mal ziemlich stark dem Familienleben gewidmet. Stephanie kam bereits am Donnerstag aus Potsdam nach Dresden, hat sich aber erst einmal f\u00fcr [&hellip;]<\/p>\n","protected":false},"author":3,"featured_media":0,"comment_status":"open","ping_status":"closed","sticky":false,"template":"","format":"standard","meta":{"ngg_post_thumbnail":0,"footnotes":""},"categories":[5,4,7,8,1],"tags":[14,260,1059,284,317,537,13],"class_list":["post-2950","post","type-post","status-publish","format-standard","hentry","category-essen-und-trinken","category-freud-und-leid","category-freunde-und-co","category-hoeren-und-lesen","category-olca-und-stan","tag-carsten","tag-essen","tag-familei","tag-familienleben","tag-kinder","tag-lesen","tag-olga"],"_links":{"self":[{"href":"https:\/\/www.marvinchen.de\/olgas_welt\/blog\/wp-json\/wp\/v2\/posts\/2950","targetHints":{"allow":["GET"]}}],"collection":[{"href":"https:\/\/www.marvinchen.de\/olgas_welt\/blog\/wp-json\/wp\/v2\/posts"}],"about":[{"href":"https:\/\/www.marvinchen.de\/olgas_welt\/blog\/wp-json\/wp\/v2\/types\/post"}],"author":[{"embeddable":true,"href":"https:\/\/www.marvinchen.de\/olgas_welt\/blog\/wp-json\/wp\/v2\/users\/3"}],"replies":[{"embeddable":true,"href":"https:\/\/www.marvinchen.de\/olgas_welt\/blog\/wp-json\/wp\/v2\/comments?post=2950"}],"version-history":[{"count":0,"href":"https:\/\/www.marvinchen.de\/olgas_welt\/blog\/wp-json\/wp\/v2\/posts\/2950\/revisions"}],"wp:attachment":[{"href":"https:\/\/www.marvinchen.de\/olgas_welt\/blog\/wp-json\/wp\/v2\/media?parent=2950"}],"wp:term":[{"taxonomy":"category","embeddable":true,"href":"https:\/\/www.marvinchen.de\/olgas_welt\/blog\/wp-json\/wp\/v2\/categories?post=2950"},{"taxonomy":"post_tag","embeddable":true,"href":"https:\/\/www.marvinchen.de\/olgas_welt\/blog\/wp-json\/wp\/v2\/tags?post=2950"}],"curies":[{"name":"wp","href":"https:\/\/api.w.org\/{rel}","templated":true}]}}