{"id":3013,"date":"2015-04-08T19:32:29","date_gmt":"2015-04-08T17:32:29","guid":{"rendered":"http:\/\/www.marvinchen.de\/olgas_welt\/blog\/?p=3013"},"modified":"2015-04-08T19:32:29","modified_gmt":"2015-04-08T17:32:29","slug":"fotojahresplan-2015-taenze-und-taenzer","status":"publish","type":"post","link":"https:\/\/www.marvinchen.de\/olgas_welt\/blog\/2015\/04\/fotojahresplan-2015-taenze-und-taenzer\/","title":{"rendered":"Fotojahresplan 2015 &#8211; T\u00e4nze und T\u00e4nzer"},"content":{"rendered":"<p>Das Thema habe ich mit Absicht auf den Monat M\u00e4rz gelegt, denn seit einigen Jahren begleite ich die <a href=\"http:\/\/irishdancecompany-dresden.de\/\" target=\"_blank\">Irish Dance Company<\/a> im 3. Monat des Jahres\u00a0zu ihren\u00a0diversen Auftritten anl\u00e4\u00dflich des St. Patrick&#8217;s\u00a0Day. Da bleibt\u00a0eben etwas wenig Zeit f\u00fcr andere Fotoexperimente\u00a0\u00a0\u00a0 \ud83d\ude42<br \/>\nDamit es nicht nur bei einer Tanzart geblieben ist,\u00a0habe ich noch einige andere T\u00e4nzerinnen aus meinem Bekanntenkreis gefragt, ob sie nicht Zeit und Lust f\u00fcr ein Fotoshooting h\u00e4tten. Bei den meisten mangelte es an der Zeit, aber eine <a href=\"http:\/\/b4event.de\/kuenstler\/tanz\/s%C3%BCdsee,-karibisch\/5833-sambista-dresden----samba-+-salsashow.html\" target=\"_blank\">Sambat\u00e4nzerin<\/a> hatte beides und wir\u00a0konnten ziemlich schnell einen Termin vereinbaren. Und ich glaube, wir beide haben es nicht bereut\u00a0\u00a0\u00a0 \ud83d\ude09<br \/>\nKatja brachte insgesamt 3 verschiedene (eigenh\u00e4ndig angefertigte!) Kost\u00fcme mit und damit sind dann jede Menge sch\u00f6ner Aufnahmen entstanden. Ich habe\u00a0bei diesem Shooting\u00a0festgestellt, dass es sehr viel einfach ist, T\u00e4nzer zu\u00a0fotografieren, denn sie brauchen nur wenige korrigierende Anweisungen\u00a0bez\u00fcglich Licht und Schatten, aber\u00a0ich muss\u00a0weder sagen, dass sie l\u00e4cheln sollen, noch dass sie in die Kamera schauen m\u00f6gen\u00a0\u00a0\u00a0 \ud83d\ude09<\/p>\n<p>Wie \u00fcblich war es f\u00fcr mich verdammt schwer, mich auf wenige Bilder zu beschr\u00e4nken\u00a0 \u00a0 \ud83d\ude00<br \/>\nDiese habe ich nun am Ende\u00a0aus Katjas\u00a0Fotoausbeute\u00a0ausgesucht, wobei mir\u00a0die Darstellung einer Tanzfigur wichtiger war als wie bei Personen sonst \u00fcblich\u00a0eine Portraitaufnahme:<\/p>\n<p style=\"text-align: center\"><a href=\"https:\/\/www.marvinchen.de\/olgas_welt\/blog\/wp-content\/uploads\/2015\/04\/IMG_0054.jpg\"><img loading=\"lazy\" decoding=\"async\" class=\"aligncenter wp-image-3014\" src=\"https:\/\/www.marvinchen.de\/olgas_welt\/blog\/wp-content\/uploads\/2015\/04\/IMG_0054.jpg\" alt=\"IMG_0054\" width=\"420\" height=\"630\" srcset=\"https:\/\/www.marvinchen.de\/olgas_welt\/blog\/wp-content\/uploads\/2015\/04\/IMG_0054.jpg 533w, https:\/\/www.marvinchen.de\/olgas_welt\/blog\/wp-content\/uploads\/2015\/04\/IMG_0054-300x450.jpg 300w\" sizes=\"auto, (max-width: 420px) 100vw, 420px\" \/><\/a><\/p>\n<p style=\"text-align: center\"><a href=\"https:\/\/www.marvinchen.de\/olgas_welt\/blog\/wp-content\/uploads\/2015\/04\/IMG_0236.jpg\"><img loading=\"lazy\" decoding=\"async\" class=\"aligncenter wp-image-3015\" src=\"https:\/\/www.marvinchen.de\/olgas_welt\/blog\/wp-content\/uploads\/2015\/04\/IMG_0236.jpg\" alt=\"IMG_0236\" width=\"420\" height=\"630\" srcset=\"https:\/\/www.marvinchen.de\/olgas_welt\/blog\/wp-content\/uploads\/2015\/04\/IMG_0236.jpg 533w, https:\/\/www.marvinchen.de\/olgas_welt\/blog\/wp-content\/uploads\/2015\/04\/IMG_0236-300x450.jpg 300w\" sizes=\"auto, (max-width: 420px) 100vw, 420px\" \/><\/a><\/p>\n<p style=\"text-align: center\"><a href=\"https:\/\/www.marvinchen.de\/olgas_welt\/blog\/wp-content\/uploads\/2015\/04\/IMG_0378.jpg\"><img loading=\"lazy\" decoding=\"async\" class=\"aligncenter wp-image-3016\" src=\"https:\/\/www.marvinchen.de\/olgas_welt\/blog\/wp-content\/uploads\/2015\/04\/IMG_0378.jpg\" alt=\"IMG_0378\" width=\"420\" height=\"666\" srcset=\"https:\/\/www.marvinchen.de\/olgas_welt\/blog\/wp-content\/uploads\/2015\/04\/IMG_0378.jpg 533w, https:\/\/www.marvinchen.de\/olgas_welt\/blog\/wp-content\/uploads\/2015\/04\/IMG_0378-300x476.jpg 300w, https:\/\/www.marvinchen.de\/olgas_welt\/blog\/wp-content\/uploads\/2015\/04\/IMG_0378-505x800.jpg 505w\" sizes=\"auto, (max-width: 420px) 100vw, 420px\" \/><\/a><\/p>\n<p>Durch den \u00e4u\u00dferst schicken, aber dadurch auch sehr hohen Kopfschmuck sind beinahe alle Aufnahmen im Hochformat geschossen. Bei meinen Irish Dance-Bildern tanzten meistens mehrere Leute zusammen und sie alle\u00a0waren g\u00e4nzlich ohne zus\u00e4tzlichen\u00a0Kopfschmuck, deshalb dominieren in dieser Bilderreihe eher Querformate. Bei diesen T\u00e4nzen gibt es allerdings einen ganz anderen Knackpunkt: bei meist wenig Licht m\u00fcssen\u00a0schnelle Bewegungen eingefangen werden. Ohne Blitzlicht gibt es in solchen F\u00e4llen nur &#8222;verschmierte F\u00fc\u00dfe&#8220;, aber dank\u00a0Blitzlichtgewitter habe ich jede Menge brauchbarer Bilder machen k\u00f6nnen.<\/p>\n<p style=\"text-align: center\"><a href=\"https:\/\/www.marvinchen.de\/olgas_welt\/blog\/wp-content\/uploads\/2015\/04\/IMG_0750.jpg\"><img loading=\"lazy\" decoding=\"async\" class=\"aligncenter wp-image-3017\" src=\"https:\/\/www.marvinchen.de\/olgas_welt\/blog\/wp-content\/uploads\/2015\/04\/IMG_0750.jpg\" alt=\"IMG_0750\" width=\"560\" height=\"373\" srcset=\"https:\/\/www.marvinchen.de\/olgas_welt\/blog\/wp-content\/uploads\/2015\/04\/IMG_0750.jpg 800w, https:\/\/www.marvinchen.de\/olgas_welt\/blog\/wp-content\/uploads\/2015\/04\/IMG_0750-300x200.jpg 300w\" sizes=\"auto, (max-width: 560px) 100vw, 560px\" \/><\/a><\/p>\n<p style=\"text-align: center\"><a href=\"https:\/\/www.marvinchen.de\/olgas_welt\/blog\/wp-content\/uploads\/2015\/04\/IMG_1055.jpg\"><img loading=\"lazy\" decoding=\"async\" class=\"aligncenter wp-image-3019\" src=\"https:\/\/www.marvinchen.de\/olgas_welt\/blog\/wp-content\/uploads\/2015\/04\/IMG_1055.jpg\" alt=\"IMG_1055\" width=\"560\" height=\"373\" srcset=\"https:\/\/www.marvinchen.de\/olgas_welt\/blog\/wp-content\/uploads\/2015\/04\/IMG_1055.jpg 800w, https:\/\/www.marvinchen.de\/olgas_welt\/blog\/wp-content\/uploads\/2015\/04\/IMG_1055-300x200.jpg 300w\" sizes=\"auto, (max-width: 560px) 100vw, 560px\" \/><\/a><\/p>\n<p style=\"text-align: center\"><a href=\"https:\/\/www.marvinchen.de\/olgas_welt\/blog\/wp-content\/uploads\/2015\/04\/IMG_0782.jpg\"><img loading=\"lazy\" decoding=\"async\" class=\"aligncenter wp-image-3018\" src=\"https:\/\/www.marvinchen.de\/olgas_welt\/blog\/wp-content\/uploads\/2015\/04\/IMG_0782.jpg\" alt=\"IMG_0782\" width=\"560\" height=\"373\" srcset=\"https:\/\/www.marvinchen.de\/olgas_welt\/blog\/wp-content\/uploads\/2015\/04\/IMG_0782.jpg 800w, https:\/\/www.marvinchen.de\/olgas_welt\/blog\/wp-content\/uploads\/2015\/04\/IMG_0782-300x200.jpg 300w\" sizes=\"auto, (max-width: 560px) 100vw, 560px\" \/><\/a><\/p>\n<p>Der Querformat\u00a0war selbst bei zwei T\u00e4nzerinnen immer noch vorteilhaft\u00a0\u00a0\u00a0 \ud83d\ude09<\/p>\n<p style=\"text-align: center\"><a href=\"https:\/\/www.marvinchen.de\/olgas_welt\/blog\/wp-content\/uploads\/2015\/04\/IMG_0315.jpg\"><img loading=\"lazy\" decoding=\"async\" class=\"aligncenter wp-image-3020\" src=\"https:\/\/www.marvinchen.de\/olgas_welt\/blog\/wp-content\/uploads\/2015\/04\/IMG_0315.jpg\" alt=\"IMG_0315\" width=\"560\" height=\"373\" srcset=\"https:\/\/www.marvinchen.de\/olgas_welt\/blog\/wp-content\/uploads\/2015\/04\/IMG_0315.jpg 800w, https:\/\/www.marvinchen.de\/olgas_welt\/blog\/wp-content\/uploads\/2015\/04\/IMG_0315-300x200.jpg 300w\" sizes=\"auto, (max-width: 560px) 100vw, 560px\" \/><\/a><\/p>\n<p>Die Ausnahmen best\u00e4tigen aber die Regel\u00a0\u00a0\u00a0 \ud83d\ude00\u00a0\u00a0\u00a0 hier bei Tageslicht ging es auch ohne Blitz ganz gut und es ist ein Hochkantfoto geworden\u00a0\u00a0\u00a0 \ud83d\ude09<\/p>\n<p style=\"text-align: center\"><a href=\"https:\/\/www.marvinchen.de\/olgas_welt\/blog\/wp-content\/uploads\/2015\/04\/IMG_0172.jpg\"><img loading=\"lazy\" decoding=\"async\" class=\"aligncenter wp-image-3021\" src=\"https:\/\/www.marvinchen.de\/olgas_welt\/blog\/wp-content\/uploads\/2015\/04\/IMG_0172.jpg\" alt=\"IMG_0172\" width=\"420\" height=\"630\" srcset=\"https:\/\/www.marvinchen.de\/olgas_welt\/blog\/wp-content\/uploads\/2015\/04\/IMG_0172.jpg 533w, https:\/\/www.marvinchen.de\/olgas_welt\/blog\/wp-content\/uploads\/2015\/04\/IMG_0172-300x450.jpg 300w\" sizes=\"auto, (max-width: 420px) 100vw, 420px\" \/><\/a><\/p>\n<p>\u00dcbrigens das Tanzen auf den Zehenspitzen beherrschen nicht nur Ballettt\u00e4nzer!<\/p>\n<p style=\"text-align: center\"><a href=\"https:\/\/www.marvinchen.de\/olgas_welt\/blog\/wp-content\/uploads\/2015\/04\/IMG_0450.jpg\"><img loading=\"lazy\" decoding=\"async\" class=\"aligncenter wp-image-3022\" src=\"https:\/\/www.marvinchen.de\/olgas_welt\/blog\/wp-content\/uploads\/2015\/04\/IMG_0450.jpg\" alt=\"IMG_0450\" width=\"420\" height=\"630\" srcset=\"https:\/\/www.marvinchen.de\/olgas_welt\/blog\/wp-content\/uploads\/2015\/04\/IMG_0450.jpg 533w, https:\/\/www.marvinchen.de\/olgas_welt\/blog\/wp-content\/uploads\/2015\/04\/IMG_0450-300x450.jpg 300w\" sizes=\"auto, (max-width: 420px) 100vw, 420px\" \/><\/a><\/p>\n<p>Das\u00a0macht man in der Regel allerdings nur mit den sogenannten Hard Shoes &#8230;<\/p>\n<p style=\"text-align: center\"><a href=\"https:\/\/www.marvinchen.de\/olgas_welt\/blog\/wp-content\/uploads\/2015\/04\/IMG_0022.jpg\"><img loading=\"lazy\" decoding=\"async\" class=\"aligncenter wp-image-3023\" src=\"https:\/\/www.marvinchen.de\/olgas_welt\/blog\/wp-content\/uploads\/2015\/04\/IMG_0022.jpg\" alt=\"IMG_0022\" width=\"560\" height=\"373\" srcset=\"https:\/\/www.marvinchen.de\/olgas_welt\/blog\/wp-content\/uploads\/2015\/04\/IMG_0022.jpg 800w, https:\/\/www.marvinchen.de\/olgas_welt\/blog\/wp-content\/uploads\/2015\/04\/IMG_0022-300x200.jpg 300w\" sizes=\"auto, (max-width: 560px) 100vw, 560px\" \/><\/a><\/p>\n<p>&#8230; auch wenn die Soft Shoes optisch mehr an\u00a0Ballettschuhe erinnern.<\/p>\n<p style=\"text-align: center\"><a href=\"https:\/\/www.marvinchen.de\/olgas_welt\/blog\/wp-content\/uploads\/2015\/04\/IMG_0702_bearbeitet-1.jpg\"><img loading=\"lazy\" decoding=\"async\" class=\"aligncenter wp-image-3024\" src=\"https:\/\/www.marvinchen.de\/olgas_welt\/blog\/wp-content\/uploads\/2015\/04\/IMG_0702_bearbeitet-1.jpg\" alt=\"IMG_0702_bearbeitet-1\" width=\"560\" height=\"373\" srcset=\"https:\/\/www.marvinchen.de\/olgas_welt\/blog\/wp-content\/uploads\/2015\/04\/IMG_0702_bearbeitet-1.jpg 800w, https:\/\/www.marvinchen.de\/olgas_welt\/blog\/wp-content\/uploads\/2015\/04\/IMG_0702_bearbeitet-1-300x200.jpg 300w\" sizes=\"auto, (max-width: 560px) 100vw, 560px\" \/><\/a><\/p>\n<p>Aus meiner Sicht liegt bez\u00fcglich Sambatanzen die Herausforderung mehr in der Beherrschung der Schuhabs\u00e4tze, denn ich pers\u00f6nlich kann mit solchen nicht mal ordentlich auf der Stra\u00dfe laufen\u00a0\u00a0\u00a0 \ud83d\ude42<br \/>\nUm so mehr war ich von Katjas Leichtf\u00fc\u00dfigkeit bei den Tanzschritten beeindruckt!<\/p>\n<p style=\"text-align: center\"><a href=\"https:\/\/www.marvinchen.de\/olgas_welt\/blog\/wp-content\/uploads\/2015\/04\/IMG_0449s.jpg\"><img loading=\"lazy\" decoding=\"async\" class=\"aligncenter wp-image-3025\" src=\"https:\/\/www.marvinchen.de\/olgas_welt\/blog\/wp-content\/uploads\/2015\/04\/IMG_0449s.jpg\" alt=\"IMG_0449s\" width=\"560\" height=\"373\" srcset=\"https:\/\/www.marvinchen.de\/olgas_welt\/blog\/wp-content\/uploads\/2015\/04\/IMG_0449s.jpg 800w, https:\/\/www.marvinchen.de\/olgas_welt\/blog\/wp-content\/uploads\/2015\/04\/IMG_0449s-300x200.jpg 300w\" sizes=\"auto, (max-width: 560px) 100vw, 560px\" \/><\/a><\/p>\n<p>Tja, wenn ich mit meinen Turnschuhen dazu gesellt h\u00e4tte, dann h\u00e4tte ich schon das erste Bild f\u00fcr mein Aprilprojekt im Kasten, denn das w\u00e4re ein\u00a0wirklich starker <a href=\"https:\/\/www.marvinchen.de\/webbibliothek\/_tagebuecher\/_fotojahresplan\/fotojahresplan.htm\" target=\"_blank\">Kontrast<\/a>\u00a0\u00a0\u00a0 \ud83d\ude09<\/p>\n","protected":false},"excerpt":{"rendered":"<p>Das Thema habe ich mit Absicht auf den Monat M\u00e4rz gelegt, denn seit einigen Jahren begleite ich die Irish Dance Company im 3. Monat des Jahres\u00a0zu ihren\u00a0diversen Auftritten anl\u00e4\u00dflich des St. Patrick&#8217;s\u00a0Day. Da bleibt\u00a0eben etwas wenig Zeit f\u00fcr andere Fotoexperimente\u00a0\u00a0\u00a0 \ud83d\ude42 Damit es nicht nur bei einer Tanzart geblieben ist,\u00a0habe ich noch einige andere T\u00e4nzerinnen [&hellip;]<\/p>\n","protected":false},"author":3,"featured_media":0,"comment_status":"open","ping_status":"closed","sticky":false,"template":"","format":"standard","meta":{"ngg_post_thumbnail":0,"footnotes":""},"categories":[822,4,7,1],"tags":[14,587,716,847,825,764,1011,13,1072,1073,1064,1062,581],"class_list":["post-3013","post","type-post","status-publish","format-standard","hentry","category-fotografie-und-photoshop","category-freud-und-leid","category-freunde-und-co","category-olca-und-stan","tag-carsten","tag-foto","tag-fotografieren","tag-fotojahresplan","tag-idc","tag-irish-dance","tag-katja","tag-olga","tag-samba","tag-sambataenzerin","tag-st-patricks-day","tag-tanz","tag-tanzen"],"_links":{"self":[{"href":"https:\/\/www.marvinchen.de\/olgas_welt\/blog\/wp-json\/wp\/v2\/posts\/3013","targetHints":{"allow":["GET"]}}],"collection":[{"href":"https:\/\/www.marvinchen.de\/olgas_welt\/blog\/wp-json\/wp\/v2\/posts"}],"about":[{"href":"https:\/\/www.marvinchen.de\/olgas_welt\/blog\/wp-json\/wp\/v2\/types\/post"}],"author":[{"embeddable":true,"href":"https:\/\/www.marvinchen.de\/olgas_welt\/blog\/wp-json\/wp\/v2\/users\/3"}],"replies":[{"embeddable":true,"href":"https:\/\/www.marvinchen.de\/olgas_welt\/blog\/wp-json\/wp\/v2\/comments?post=3013"}],"version-history":[{"count":0,"href":"https:\/\/www.marvinchen.de\/olgas_welt\/blog\/wp-json\/wp\/v2\/posts\/3013\/revisions"}],"wp:attachment":[{"href":"https:\/\/www.marvinchen.de\/olgas_welt\/blog\/wp-json\/wp\/v2\/media?parent=3013"}],"wp:term":[{"taxonomy":"category","embeddable":true,"href":"https:\/\/www.marvinchen.de\/olgas_welt\/blog\/wp-json\/wp\/v2\/categories?post=3013"},{"taxonomy":"post_tag","embeddable":true,"href":"https:\/\/www.marvinchen.de\/olgas_welt\/blog\/wp-json\/wp\/v2\/tags?post=3013"}],"curies":[{"name":"wp","href":"https:\/\/api.w.org\/{rel}","templated":true}]}}