{"id":303,"date":"2010-04-18T17:02:54","date_gmt":"2010-04-18T15:02:54","guid":{"rendered":"http:\/\/www.marvinchen.de\/olgas_welt\/blog\/?p=303"},"modified":"2010-04-18T21:02:52","modified_gmt":"2010-04-18T19:02:52","slug":"erstes-kommt-es-anders-zweitens-als-man-denkt","status":"publish","type":"post","link":"https:\/\/www.marvinchen.de\/olgas_welt\/blog\/2010\/04\/erstes-kommt-es-anders-zweitens-als-man-denkt\/","title":{"rendered":"Erstens kommt es anders, zweitens als man denkt"},"content":{"rendered":"<p>Das ist wirklich die passende \u00dcberschrift f\u00fcr die vergangenen Tage, denn selbst wenn man gut vorbereitet ist und denkt, alles organisiert zu haben, kann sich dieses durch eine einzige Ver\u00e4nderung der Umst\u00e4nde\u00a0absolut eigenst\u00e4ndig und nicht wie geplant entwickeln.<\/p>\n<p>Die Aschewolke aus Island war in der Planung der Dienstreise nach NRW definitiv nicht vorgesehen. Die Flugtickets wurden bereits vor einem guten Monat gekauft und man w\u00e4hnte sich in gut organisierter und durchdachter Sicherheit. Ich war mir so sicher, dass ich p\u00fcnktlich nach Hause komme, dass wir uns mit den Freitalern\u00a0zu einem gemeinsamen D\u00f6neressen und einem Heimkinoabend f\u00fcr den besagten Freitag\u00a0in der Casa OLCA verabredeten.<\/p>\n<p>Allerdings bereits mittags, mittendrin im Meeting beim Kunden, erreichte meinem Chef und mich die Botschaft, dass aufgrund der\u00a0 Aschewolke aus Island\u00a0auch unser R\u00fcckflug nach Hause annuliert wurde. Wir hatten aber Gl\u00fcck im Ungl\u00fcck, da wir schon am Vortag\u00a0 einen Mietwagen f\u00fcr die Fahrt vom Flughafen unser Eigen nennen konnten. Einen zu mieten war am Freitag ein Ding der Unm\u00f6glichkeit, auch\u00a0der Tausch auf ein etwas flotteres Modell als unser KIA Seed ging nicht mehr. Daher machten wir einfach das Beste aus der entstandenen Situation und beschritten im wahrsten Sinne des Wortes neue Wege, indem wir die\u00a0erst vor Kurzem eingeweihte\u00a0A38 nach Hause genommen haben. Diese Entscheidung passte unserer Navi-Dame \u00fcbrigens\u00a0\u00fcberhaupt nicht und sie bem\u00fchte sich redlich uns bei jeder Ausfahrt zur R\u00fcckehr in das ihr bekannte Revier zu bewegen. Aber es gelang ihr nicht\u00a0\u00a0\u00a0 \ud83d\ude00\u00a0\u00a0\u00a0\u00a0 Inzwischen wuchs die Sehnsucht meiner Orangenh\u00e4fte so derma\u00dfen an, dass ich nach Absprache mit meinem Chef den Wagen auf der letzten Rasst\u00e4tte vor der Heimausfahrt\u00a0verlassen habe und auf meinen Abholer-Schatz wartete. Es war schon fast wie in einem Thriller: Eine Frau wird in einem Auto zum vereinbarten \u00dcbergabeort gebracht und ausgesetzt\u00a0, da das L\u00f6segeld\u00a0brav bezahlt wurde\u00a0\u00a0 \ud83d\ude42\u00a0\u00a0 . Unsere Freitaler waren\u00a0ebenfalls bei der Abholaktion dabei und wir verbrachten den Rest\u00a0des sp\u00e4ten Abend zusammen\u00a0bei Baguette mit K\u00e4se, Rotwein und einem nettem Plausch bevor ich nach Mitternacht in mein Bett gehen durfte\u00a0\u00a0\u00a0 \ud83d\ude09<\/p>\n<p>Ausschlafen war f\u00fcr den Samstag aber \u00fcberhaupt nicht vorgesehen, denn Andrea hatte um 11 Uhr ihre n\u00e4chste Fahrstunde. Daher sind wir recht fr\u00fch aufgestanden, um noch in aller Ruhe zusammen\u00a0zu fr\u00fchst\u00fccken. W\u00e4hrend Andrea im Auto die Stra\u00dfen unsicher\u00a0machte, k\u00fcmmerten wir uns um den ordnungsgem\u00e4\u00dfen Zustand unserer 4\u00a0Fahrr\u00e4der, da wir nachmittags mit den Thieles nach Mei\u00dfen zum Eisessen\u00a0fahren wollten.<\/p>\n<p>Der Wettergott war uns auf jeden Fall hold, es war zwar nicht sehr warm, aber die Sonne schien wie bestellt\u00a0\u00a0\u00a0 \ud83d\ude42<br \/>\nDie Tour hat echt viel Spa\u00df gemacht, aber\u00a0auch hier hat der Zufallsgott zugeschlagen. Georgs Fahrrad hatte kurz vor Mei\u00dfen einen Platten. Aber auf die M\u00e4nner ist immer Verla\u00df und so organisierten Axel und Carsten in guter Teamarbeit ganz schnell und preiswert einen neuen Schlauch und lie\u00dfen alles von einem &#8222;au\u00dfergew\u00f6hnlichen&#8220; Fahrradprofi\u00a0montieren.<\/p>\n<p>Das Eis war lecker und mit\u00a0gut gef\u00fclltem Bauch radelten wir dann die gleiche Entfernung (21km) wieder nach Hause zur\u00fcck.\u00a0Wir brachten unsere Drahteselchen\u00a0in die Casa OLCA, machten uns frisch und\u00a0fuhren mit dem Auto\u00a0zu den Thieles um Kathrins Kartoffelsalat zu geniessen und die Singapur-Bilder von Axel zu bestaunen. Ich muss sagen,\u00a0sein Dienstreiseziel war um einiges beeindruckender als meines, aber eine R\u00fcckkehr mit dem\u00a0Mietwagen w\u00e4re in seinem Fall unter gleichen aschewolkigen Umst\u00e4nden definitiv nicht m\u00f6glich gewesen\u00a0\u00a0\u00a0 \ud83d\ude42<\/p>\n","protected":false},"excerpt":{"rendered":"<p>Das ist wirklich die passende \u00dcberschrift f\u00fcr die vergangenen Tage, denn selbst wenn man gut vorbereitet ist und denkt, alles organisiert zu haben, kann sich dieses durch eine einzige Ver\u00e4nderung der Umst\u00e4nde\u00a0absolut eigenst\u00e4ndig und nicht wie geplant entwickeln. Die Aschewolke aus Island war in der Planung der Dienstreise nach NRW definitiv nicht vorgesehen. Die Flugtickets [&hellip;]<\/p>\n","protected":false},"author":3,"featured_media":0,"comment_status":"open","ping_status":"closed","sticky":false,"template":"","format":"standard","meta":{"ngg_post_thumbnail":0,"footnotes":""},"categories":[3,5,4,7,1],"tags":[16,14,531,326,529,522,530,532,13,528],"class_list":["post-303","post","type-post","status-publish","format-standard","hentry","category-ausfluege-und-reisen","category-essen-und-trinken","category-freud-und-leid","category-freunde-und-co","category-olca-und-stan","tag-andrea","tag-carsten","tag-chef","tag-doner","tag-fahhrad","tag-freitaler","tag-meisen","tag-nrw","tag-olga","tag-thieles"],"_links":{"self":[{"href":"https:\/\/www.marvinchen.de\/olgas_welt\/blog\/wp-json\/wp\/v2\/posts\/303","targetHints":{"allow":["GET"]}}],"collection":[{"href":"https:\/\/www.marvinchen.de\/olgas_welt\/blog\/wp-json\/wp\/v2\/posts"}],"about":[{"href":"https:\/\/www.marvinchen.de\/olgas_welt\/blog\/wp-json\/wp\/v2\/types\/post"}],"author":[{"embeddable":true,"href":"https:\/\/www.marvinchen.de\/olgas_welt\/blog\/wp-json\/wp\/v2\/users\/3"}],"replies":[{"embeddable":true,"href":"https:\/\/www.marvinchen.de\/olgas_welt\/blog\/wp-json\/wp\/v2\/comments?post=303"}],"version-history":[{"count":0,"href":"https:\/\/www.marvinchen.de\/olgas_welt\/blog\/wp-json\/wp\/v2\/posts\/303\/revisions"}],"wp:attachment":[{"href":"https:\/\/www.marvinchen.de\/olgas_welt\/blog\/wp-json\/wp\/v2\/media?parent=303"}],"wp:term":[{"taxonomy":"category","embeddable":true,"href":"https:\/\/www.marvinchen.de\/olgas_welt\/blog\/wp-json\/wp\/v2\/categories?post=303"},{"taxonomy":"post_tag","embeddable":true,"href":"https:\/\/www.marvinchen.de\/olgas_welt\/blog\/wp-json\/wp\/v2\/tags?post=303"}],"curies":[{"name":"wp","href":"https:\/\/api.w.org\/{rel}","templated":true}]}}