{"id":304,"date":"2010-04-20T21:57:49","date_gmt":"2010-04-20T19:57:49","guid":{"rendered":"http:\/\/www.marvinchen.de\/olgas_welt\/blog\/?p=304"},"modified":"2010-04-20T22:45:05","modified_gmt":"2010-04-20T20:45:05","slug":"oben-ohne","status":"publish","type":"post","link":"https:\/\/www.marvinchen.de\/olgas_welt\/blog\/2010\/04\/oben-ohne\/","title":{"rendered":"Oben ohne"},"content":{"rendered":"<p>Ich habe mich heute vormittag noch bei meinem Mann beklagt, dass die Welt ungerecht ist. Morgens war alles bew\u00f6lkt und\u00a0bedeckt, au\u00dferdem war es drau\u00dfen\u00a0k\u00fchl. Dabei ist Dienstag der einzige Tag in jeder Woche, wo ich abends mit dem Cabrio fahren darf.<\/p>\n<p>Der Wettergott hat zum Gl\u00fcck aber seine Olga-Wanze heute extra laut gestellt und war sogar so gn\u00e4dig, mir f\u00fcr den fr\u00fchen Abend genug Sonne zu g\u00f6nnen, damit ich doch noch mit offenem Verdeck durch die Dresdner Innenstadt fahren konnte!\u00a0\u00a0\u00a0 \ud83d\ude0e<\/p>\n<p>Ich bin damit wie \u00fcblich zur Wirbels\u00e4ulen-Gymnastik gefahren. Ganz ehrlich,\u00a0der Kursname\u00a0klingt\u00a0irgendwie langweilig, aber es ist \u00fcberhaupt nicht so. Inzwischen hat sich dort\u00a0eine richtig kleine Schnattergruppe zusammengefunden. All die Leute, welche regelm\u00e4\u00dfig bei der Sportstunde auftauchen finden doch fr\u00fcher oder sp\u00e4ter etwas, wor\u00fcber man quatschen kann. Aber w\u00e4hrend der \u00dcbungen sind wir alle hochkonzentriert, da h\u00f6rt man einfach auf die Anweisungen von unserer liebensw\u00fcrdigen Therapeutin und versucht alles richtig zu machen. Die M\u00fche lohnt sich wirklich. Ich pers\u00f6nlich bin inzwischen auf Dienstagabend konditioniert und mein R\u00fccken freut sich auf die An- und Entspannung beim Reha-Sport.\u00a0 Zwischenzeitlich wirkt er n\u00e4mlich ganz sch\u00f6n verspannt, da im B\u00fcro wie \u00fcblich tagt\u00e4glich viel zu viel Schreibkram auf mich wartet.<\/p>\n<p>Ich tr\u00f6ste mich damit, dass Morgen schon des Bergfest der Arbeitswoche ist und freue mich auf das kommende Wochenende\u00a0\u00a0\u00a0 \ud83d\ude09<\/p>\n","protected":false},"excerpt":{"rendered":"<p>Ich habe mich heute vormittag noch bei meinem Mann beklagt, dass die Welt ungerecht ist. Morgens war alles bew\u00f6lkt und\u00a0bedeckt, au\u00dferdem war es drau\u00dfen\u00a0k\u00fchl. Dabei ist Dienstag der einzige Tag in jeder Woche, wo ich abends mit dem Cabrio fahren darf. Der Wettergott hat zum Gl\u00fcck aber seine Olga-Wanze heute extra laut gestellt und war [&hellip;]<\/p>\n","protected":false},"author":3,"featured_media":0,"comment_status":"open","ping_status":"closed","sticky":false,"template":"","format":"standard","meta":{"ngg_post_thumbnail":0,"footnotes":""},"categories":[3,4,1],"tags":[252,230,14,13,533,190],"class_list":["post-304","post","type-post","status-publish","format-standard","hentry","category-ausfluege-und-reisen","category-freud-und-leid","category-olca-und-stan","tag-arbeit","tag-cabrio","tag-carsten","tag-olga","tag-reha","tag-sport"],"_links":{"self":[{"href":"https:\/\/www.marvinchen.de\/olgas_welt\/blog\/wp-json\/wp\/v2\/posts\/304","targetHints":{"allow":["GET"]}}],"collection":[{"href":"https:\/\/www.marvinchen.de\/olgas_welt\/blog\/wp-json\/wp\/v2\/posts"}],"about":[{"href":"https:\/\/www.marvinchen.de\/olgas_welt\/blog\/wp-json\/wp\/v2\/types\/post"}],"author":[{"embeddable":true,"href":"https:\/\/www.marvinchen.de\/olgas_welt\/blog\/wp-json\/wp\/v2\/users\/3"}],"replies":[{"embeddable":true,"href":"https:\/\/www.marvinchen.de\/olgas_welt\/blog\/wp-json\/wp\/v2\/comments?post=304"}],"version-history":[{"count":0,"href":"https:\/\/www.marvinchen.de\/olgas_welt\/blog\/wp-json\/wp\/v2\/posts\/304\/revisions"}],"wp:attachment":[{"href":"https:\/\/www.marvinchen.de\/olgas_welt\/blog\/wp-json\/wp\/v2\/media?parent=304"}],"wp:term":[{"taxonomy":"category","embeddable":true,"href":"https:\/\/www.marvinchen.de\/olgas_welt\/blog\/wp-json\/wp\/v2\/categories?post=304"},{"taxonomy":"post_tag","embeddable":true,"href":"https:\/\/www.marvinchen.de\/olgas_welt\/blog\/wp-json\/wp\/v2\/tags?post=304"}],"curies":[{"name":"wp","href":"https:\/\/api.w.org\/{rel}","templated":true}]}}