{"id":308,"date":"2010-04-30T07:21:38","date_gmt":"2010-04-30T05:21:38","guid":{"rendered":"http:\/\/www.marvinchen.de\/olgas_welt\/blog\/?p=308"},"modified":"2010-04-30T09:52:49","modified_gmt":"2010-04-30T07:52:49","slug":"heiliger-freitag","status":"publish","type":"post","link":"https:\/\/www.marvinchen.de\/olgas_welt\/blog\/2010\/04\/heiliger-freitag\/","title":{"rendered":"Heiliger Freitag !"},"content":{"rendered":"<p>Diese Woche war erneut vollgespickt mit diversen Terminen, daher freue ich mich wieder wie bl\u00f6d auf das bevorstehende Wochenende!\u00a0\u00a0\u00a0 \ud83d\ude09\u00a0\u00a0\u00a0\u00a0 Wenn wir unsere Pl\u00e4ne so umsetzten, wie besprochen, dann wird es ein recht gem\u00fctliches und verfressenes sein\u00a0\u00a0\u00a0 \ud83d\ude00<\/p>\n<p>Als Auftakt wird bei einigerma\u00dfen gutem Wetter (leider sprechen die Modaratoren im Radio immer wieder von Schauer und Gewitter\u00a0\u00a0\u00a0 \ud83d\ude41\u00a0\u00a0\u00a0\u00a0 ) wohl das Mai- bzw. Hexenfeuer im Volkspark Briesnitz besucht. Dabei gibt es schon vor dem eigentlichen gro\u00dfen Feuer\u00a0am Nachmittag immer ein s\u00fc\u00dfes Begleitprogramm auf der aufgebauten B\u00fchne und drumherum. Die Kinder aus den umliegenden Schulen k\u00f6nnen vorf\u00fchren, was sie in ihren kreativen AGs gelernt haben und auch diverse Vereine nutzen gern die Gelegenheit durch den Verkauf von diversen Leckereien oder\u00a0Auftritten auf der B\u00fchne\u00a0auf ihr Programm aufmerksam zu machen. Au\u00dferdem trifft man dort immer jede Menge Leute, welche man manchmal wirklich ausschlie\u00dflich\u00a0bei dieser Veranstaltung\u00a0zu Gesicht bekommt, da die Wege sich im Alltagsgeschenen dann doch zu selten kreuzen, man sich aber z.B.\u00a0 noch aus der Grundschulzeit der Kinder\u00a0gut kennt.<\/p>\n<p>Aber vorher muss ich noch einen vollen Arbeitstag schaffen, daher flitze ich nun ganz schnell unter die Dusche, damit ich p\u00fcnktlich im B\u00fcro bin und auch p\u00fcnktlich daraus verschwinden kann.\u00a0\u00a0\u00a0 \ud83d\ude09<\/p>\n<p>Allen Lesern w\u00fcnsche ich ein sonniges und gl\u00fcckliches Wochenende!<\/p>\n<p><a rel=\"attachment wp-att-309\" href=\"https:\/\/www.marvinchen.de\/olgas_welt\/blog\/2010\/04\/heiliger-freitag\/img_0087\/\"><img loading=\"lazy\" decoding=\"async\" class=\"aligncenter size-thumbnail wp-image-309\" src=\"https:\/\/www.marvinchen.de\/olgas_welt\/blog\/wp-content\/uploads\/2010\/04\/IMG_0087-300x225.jpg\" alt=\"\" width=\"300\" height=\"225\" srcset=\"https:\/\/www.marvinchen.de\/olgas_welt\/blog\/wp-content\/uploads\/2010\/04\/IMG_0087-300x225.jpg 300w, https:\/\/www.marvinchen.de\/olgas_welt\/blog\/wp-content\/uploads\/2010\/04\/IMG_0087-800x600.jpg 800w, https:\/\/www.marvinchen.de\/olgas_welt\/blog\/wp-content\/uploads\/2010\/04\/IMG_0087-1024x768.jpg 1024w, https:\/\/www.marvinchen.de\/olgas_welt\/blog\/wp-content\/uploads\/2010\/04\/IMG_0087.jpg 1600w\" sizes=\"auto, (max-width: 300px) 100vw, 300px\" \/><\/a><\/p>\n","protected":false},"excerpt":{"rendered":"<p>Diese Woche war erneut vollgespickt mit diversen Terminen, daher freue ich mich wieder wie bl\u00f6d auf das bevorstehende Wochenende!\u00a0\u00a0\u00a0 \ud83d\ude09\u00a0\u00a0\u00a0\u00a0 Wenn wir unsere Pl\u00e4ne so umsetzten, wie besprochen, dann wird es ein recht gem\u00fctliches und verfressenes sein\u00a0\u00a0\u00a0 \ud83d\ude00 Als Auftakt wird bei einigerma\u00dfen gutem Wetter (leider sprechen die Modaratoren im Radio immer wieder von Schauer [&hellip;]<\/p>\n","protected":false},"author":3,"featured_media":0,"comment_status":"open","ping_status":"closed","sticky":false,"template":"","format":"standard","meta":{"ngg_post_thumbnail":0,"footnotes":""},"categories":[6,5,4,1],"tags":[252,539,13,425,540,352],"class_list":["post-308","post","type-post","status-publish","format-standard","hentry","category-ackern-und-werkeln","category-essen-und-trinken","category-freud-und-leid","category-olca-und-stan","tag-arbeit","tag-briesnitz","tag-olga","tag-termine","tag-woche","tag-wochenende"],"_links":{"self":[{"href":"https:\/\/www.marvinchen.de\/olgas_welt\/blog\/wp-json\/wp\/v2\/posts\/308","targetHints":{"allow":["GET"]}}],"collection":[{"href":"https:\/\/www.marvinchen.de\/olgas_welt\/blog\/wp-json\/wp\/v2\/posts"}],"about":[{"href":"https:\/\/www.marvinchen.de\/olgas_welt\/blog\/wp-json\/wp\/v2\/types\/post"}],"author":[{"embeddable":true,"href":"https:\/\/www.marvinchen.de\/olgas_welt\/blog\/wp-json\/wp\/v2\/users\/3"}],"replies":[{"embeddable":true,"href":"https:\/\/www.marvinchen.de\/olgas_welt\/blog\/wp-json\/wp\/v2\/comments?post=308"}],"version-history":[{"count":0,"href":"https:\/\/www.marvinchen.de\/olgas_welt\/blog\/wp-json\/wp\/v2\/posts\/308\/revisions"}],"wp:attachment":[{"href":"https:\/\/www.marvinchen.de\/olgas_welt\/blog\/wp-json\/wp\/v2\/media?parent=308"}],"wp:term":[{"taxonomy":"category","embeddable":true,"href":"https:\/\/www.marvinchen.de\/olgas_welt\/blog\/wp-json\/wp\/v2\/categories?post=308"},{"taxonomy":"post_tag","embeddable":true,"href":"https:\/\/www.marvinchen.de\/olgas_welt\/blog\/wp-json\/wp\/v2\/tags?post=308"}],"curies":[{"name":"wp","href":"https:\/\/api.w.org\/{rel}","templated":true}]}}