{"id":3240,"date":"2015-06-13T21:23:34","date_gmt":"2015-06-13T19:23:34","guid":{"rendered":"http:\/\/www.marvinchen.de\/olgas_welt\/blog\/?p=3240"},"modified":"2015-09-13T17:09:24","modified_gmt":"2015-09-13T15:09:24","slug":"sommerwege","status":"publish","type":"post","link":"https:\/\/www.marvinchen.de\/olgas_welt\/blog\/2015\/06\/sommerwege\/","title":{"rendered":"Sommerwege"},"content":{"rendered":"<p>Inzwischen ist sogar in Sachsen der Sommer angekommen. Noch wei\u00df er zwar nicht, ob er hier\u00a0dauerhaft\u00a0bleiben m\u00f6chte, denn\u00a0die Au\u00dfentemperaturen wechselten innerhalb einer Woche auch mal gern\u00a0von +18\u00b0C zu +32\u00b0C. Gl\u00fccklicherweise passiert es hin und wieder aber, dass das Wetter auch wirklich zu unserer Wochenendplanung passt. So geschehen z.B. am vergangenen Wochenende. Wir waren\u00a0an beiden Tagen\u00a0mit so vielen Sachen besch\u00e4ftigt, dass ich nicht einmal Zeit fand, zeitnah einen Blogeintrag zu verfassen\u00a0\u00a0\u00a0 :erroeten:<br \/>\nAber nun kann ich das ja nachholen und zumindest mal erkl\u00e4ren, was mich denn so arg vom Schreiben abgehalten hat \u00a0 \u00a0\ud83d\ude09<\/p>\n<p>Am Samstag haben Carsten und ich mit unserem <a href=\"https:\/\/www.marvinchen.de\/webbibliothek\/_tagebuecher\/_olcamobile\/olca_mobile.htm\" target=\"_blank\">Cabrio<\/a>\u00a0einen Ganztagsausflug nach Th\u00fcringen gemacht. Unser erstes Ziel war wie schon einmal im September 2010 der <a href=\"http:\/\/www.baer.de\/\" target=\"_blank\">Alternative B\u00e4renpark Worbis<\/a>.<\/p>\n<p style=\"text-align: center;\"><a href=\"https:\/\/www.marvinchen.de\/olgas_welt\/blog\/wp-content\/uploads\/2015\/06\/IMG_0005.jpg\"><img loading=\"lazy\" decoding=\"async\" class=\"aligncenter wp-image-3241\" src=\"https:\/\/www.marvinchen.de\/olgas_welt\/blog\/wp-content\/uploads\/2015\/06\/IMG_0005.jpg\" alt=\"IMG_0005\" width=\"520\" height=\"390\" srcset=\"https:\/\/www.marvinchen.de\/olgas_welt\/blog\/wp-content\/uploads\/2015\/06\/IMG_0005.jpg 800w, https:\/\/www.marvinchen.de\/olgas_welt\/blog\/wp-content\/uploads\/2015\/06\/IMG_0005-300x225.jpg 300w\" sizes=\"auto, (max-width: 520px) 100vw, 520px\" \/><\/a><\/p>\n<p>Dieser B\u00e4r war ganz zahm, aber irgendwie fehlte mir bei ihm der Kuschelfaktor\u00a0\u00a0\u00a0 \ud83d\ude09<\/p>\n<p style=\"text-align: center;\"><a href=\"https:\/\/www.marvinchen.de\/olgas_welt\/blog\/wp-content\/uploads\/2015\/06\/IMG_0099.jpg\"><img loading=\"lazy\" decoding=\"async\" class=\"aligncenter wp-image-3242\" src=\"https:\/\/www.marvinchen.de\/olgas_welt\/blog\/wp-content\/uploads\/2015\/06\/IMG_0099.jpg\" alt=\"IMG_0099\" width=\"560\" height=\"420\" srcset=\"https:\/\/www.marvinchen.de\/olgas_welt\/blog\/wp-content\/uploads\/2015\/06\/IMG_0099.jpg 800w, https:\/\/www.marvinchen.de\/olgas_welt\/blog\/wp-content\/uploads\/2015\/06\/IMG_0099-300x225.jpg 300w\" sizes=\"auto, (max-width: 560px) 100vw, 560px\" \/><\/a><\/p>\n<p>Den hatten dann die anderen B\u00e4ren daf\u00fcr um so mehr, nur war es leider nicht m\u00f6glich, sie zu streicheln oder anderweitig zu ber\u00fchren \u00a0 \u00a0\ud83d\ude09 \u00a0 \u00a0wobei sich dieser Meister Petz bestimmt\u00a0gew\u00fcnscht h\u00e4tte, dass man seinen Bauch krault. Da er aber keine kraulenden H\u00e4nde in\u00a0seiner N\u00e4he hatte,\u00a0musste er sich an einem Baumstamm schubbeln:<\/p>\n<p style=\"text-align: center;\"><a href=\"https:\/\/www.marvinchen.de\/olgas_welt\/blog\/wp-content\/uploads\/2015\/06\/IMG_0104.jpg\"><img loading=\"lazy\" decoding=\"async\" class=\"aligncenter wp-image-3243\" src=\"https:\/\/www.marvinchen.de\/olgas_welt\/blog\/wp-content\/uploads\/2015\/06\/IMG_0104.jpg\" alt=\"IMG_0104\" width=\"560\" height=\"420\" srcset=\"https:\/\/www.marvinchen.de\/olgas_welt\/blog\/wp-content\/uploads\/2015\/06\/IMG_0104.jpg 800w, https:\/\/www.marvinchen.de\/olgas_welt\/blog\/wp-content\/uploads\/2015\/06\/IMG_0104-300x225.jpg 300w\" sizes=\"auto, (max-width: 560px) 100vw, 560px\" \/><\/a><\/p>\n<p>Ein anderer Braunb\u00e4rli\u00a0machte einen Spaziergang durch das gro\u00dfe Areal:<\/p>\n<p style=\"text-align: center;\"><a href=\"https:\/\/www.marvinchen.de\/olgas_welt\/blog\/wp-content\/uploads\/2015\/06\/IMG_0063.jpg\"><img loading=\"lazy\" decoding=\"async\" class=\"aligncenter wp-image-3244\" src=\"https:\/\/www.marvinchen.de\/olgas_welt\/blog\/wp-content\/uploads\/2015\/06\/IMG_0063.jpg\" alt=\"IMG_0063\" width=\"560\" height=\"420\" srcset=\"https:\/\/www.marvinchen.de\/olgas_welt\/blog\/wp-content\/uploads\/2015\/06\/IMG_0063.jpg 800w, https:\/\/www.marvinchen.de\/olgas_welt\/blog\/wp-content\/uploads\/2015\/06\/IMG_0063-300x225.jpg 300w\" sizes=\"auto, (max-width: 560px) 100vw, 560px\" \/><\/a><\/p>\n<p>Es gab f\u00fcr die B\u00e4ren einige Leckerlies, welche von einer Parkmitarbeiterin gro\u00dfz\u00fcgig \u00fcber den Zaun verteilt wurden. Besonders Waln\u00fcsse waren beliebt. Ich fand es vor allen\u00a0Dingen sehr knuffig, dass die B\u00e4ren sich diese auf ihre Tatzen legten, sie m\u00fchelos mit den Z\u00e4hnen knackten, alles wieder ausspuckten und danach mit der Zunge nur das leckere Innere herauspickten. Die leeren\u00a0Nussschalen wurden am Ende\u00a0ganz einfach abgesch\u00fcttelt.<\/p>\n<p style=\"text-align: center;\"><a href=\"https:\/\/www.marvinchen.de\/olgas_welt\/blog\/wp-content\/uploads\/2015\/06\/IMG_0094.jpg\"><img loading=\"lazy\" decoding=\"async\" class=\"aligncenter wp-image-3245\" src=\"https:\/\/www.marvinchen.de\/olgas_welt\/blog\/wp-content\/uploads\/2015\/06\/IMG_0094.jpg\" alt=\"IMG_0094\" width=\"560\" height=\"420\" srcset=\"https:\/\/www.marvinchen.de\/olgas_welt\/blog\/wp-content\/uploads\/2015\/06\/IMG_0094.jpg 800w, https:\/\/www.marvinchen.de\/olgas_welt\/blog\/wp-content\/uploads\/2015\/06\/IMG_0094-300x225.jpg 300w\" sizes=\"auto, (max-width: 560px) 100vw, 560px\" \/><\/a><\/p>\n<p>Dass die B\u00e4ren auch ein Mittagsschl\u00e4fchen zu sch\u00e4tzen wissen, haben sie uns ebenfalls ganz nebenbei bewiesen:<\/p>\n<p style=\"text-align: center;\"><a href=\"https:\/\/www.marvinchen.de\/olgas_welt\/blog\/wp-content\/uploads\/2015\/06\/IMG_0133.jpg\"><img loading=\"lazy\" decoding=\"async\" class=\"aligncenter wp-image-3246\" src=\"https:\/\/www.marvinchen.de\/olgas_welt\/blog\/wp-content\/uploads\/2015\/06\/IMG_0133.jpg\" alt=\"IMG_0133\" width=\"560\" height=\"373\" srcset=\"https:\/\/www.marvinchen.de\/olgas_welt\/blog\/wp-content\/uploads\/2015\/06\/IMG_0133.jpg 800w, https:\/\/www.marvinchen.de\/olgas_welt\/blog\/wp-content\/uploads\/2015\/06\/IMG_0133-300x200.jpg 300w\" sizes=\"auto, (max-width: 560px) 100vw, 560px\" \/><\/a><\/p>\n<p>Ich war mal wieder \u00fcbergl\u00fccklich, weil ich meine Lieblingstiere so entspannt aus der N\u00e4he beobachten konnte \u00a0 \u00a0\ud83d\ude42<\/p>\n<p>Unser zweites Ziel an dem Tag war der <a href=\"http:\/\/www.nationalpark-hainich.de\/\" target=\"_blank\">Nationalpark Hainich<\/a>. Wir haben schon einiges \u00fcber den dortigen <a href=\"http:\/\/www.nationalpark-hainich.de\/erleben\/baumkronenpfad.html\" target=\"_blank\">Baumkronenpfad<\/a> geh\u00f6rt und wollten den nun endlich mal mit eigenen Augen sehen und nat\u00fcrlich auch dar\u00fcber laufen.<\/p>\n<p style=\"text-align: center;\"><a href=\"https:\/\/www.marvinchen.de\/olgas_welt\/blog\/wp-content\/uploads\/2015\/06\/IMG_0113.jpg\"><img loading=\"lazy\" decoding=\"async\" class=\"aligncenter wp-image-3247\" src=\"https:\/\/www.marvinchen.de\/olgas_welt\/blog\/wp-content\/uploads\/2015\/06\/IMG_0113.jpg\" alt=\"IMG_0113\" width=\"560\" height=\"420\" srcset=\"https:\/\/www.marvinchen.de\/olgas_welt\/blog\/wp-content\/uploads\/2015\/06\/IMG_0113.jpg 800w, https:\/\/www.marvinchen.de\/olgas_welt\/blog\/wp-content\/uploads\/2015\/06\/IMG_0113-300x225.jpg 300w\" sizes=\"auto, (max-width: 560px) 100vw, 560px\" \/><\/a><\/p>\n<p>Die Wege sind sehr breit und sehr stabil, aber auf manchen Abschnitten hat man\u00a0zur den behindertengerechten\u00a0Pfaden\u00a0eine Alternative angelegt, bei der doch schon ein gewisses Verst\u00e4ndnis f\u00fcr die H\u00f6he, auf welcher wir uns befanden, sehr deutlich aufkam:<\/p>\n<p style=\"text-align: center;\"><a href=\"https:\/\/www.marvinchen.de\/olgas_welt\/blog\/wp-content\/uploads\/2015\/06\/IMG_0165.jpg\"><img loading=\"lazy\" decoding=\"async\" class=\"aligncenter wp-image-3249\" src=\"https:\/\/www.marvinchen.de\/olgas_welt\/blog\/wp-content\/uploads\/2015\/06\/IMG_0165.jpg\" alt=\"IMG_0165\" width=\"420\" height=\"560\" srcset=\"https:\/\/www.marvinchen.de\/olgas_welt\/blog\/wp-content\/uploads\/2015\/06\/IMG_0165.jpg 600w, https:\/\/www.marvinchen.de\/olgas_welt\/blog\/wp-content\/uploads\/2015\/06\/IMG_0165-300x400.jpg 300w\" sizes=\"auto, (max-width: 420px) 100vw, 420px\" \/><\/a><\/p>\n<p>Das sind schon gut 30 &#8211; 40 Meter &#8230;<\/p>\n<p style=\"text-align: center;\"><a href=\"https:\/\/www.marvinchen.de\/olgas_welt\/blog\/wp-content\/uploads\/2015\/06\/IMG_0170.jpg\"><img loading=\"lazy\" decoding=\"async\" class=\"aligncenter wp-image-3248\" src=\"https:\/\/www.marvinchen.de\/olgas_welt\/blog\/wp-content\/uploads\/2015\/06\/IMG_0170.jpg\" alt=\"IMG_0170\" width=\"560\" height=\"420\" srcset=\"https:\/\/www.marvinchen.de\/olgas_welt\/blog\/wp-content\/uploads\/2015\/06\/IMG_0170.jpg 800w, https:\/\/www.marvinchen.de\/olgas_welt\/blog\/wp-content\/uploads\/2015\/06\/IMG_0170-300x225.jpg 300w\" sizes=\"auto, (max-width: 560px) 100vw, 560px\" \/><\/a><\/p>\n<p>Zum Gl\u00fcck haben weder Carsten noch ich die H\u00f6henangst und somit\u00a0hatten wir auch auf den &#8222;Abwegen&#8220; wirklich viel Spa\u00df\u00a0\u00a0\u00a0 \ud83d\ude42<\/p>\n<p>Der Ausblick von ganz oben (hier vom gro\u00dfen Aussichtsturm) ist auf jeden Fall einfach atemberaubend sch\u00f6n!<\/p>\n<p style=\"text-align: center;\"><a href=\"https:\/\/www.marvinchen.de\/olgas_welt\/blog\/wp-content\/uploads\/2015\/06\/IMG_0255.jpg\"><img loading=\"lazy\" decoding=\"async\" class=\"aligncenter wp-image-3250\" src=\"https:\/\/www.marvinchen.de\/olgas_welt\/blog\/wp-content\/uploads\/2015\/06\/IMG_0255.jpg\" alt=\"IMG_0255\" width=\"560\" height=\"373\" srcset=\"https:\/\/www.marvinchen.de\/olgas_welt\/blog\/wp-content\/uploads\/2015\/06\/IMG_0255.jpg 800w, https:\/\/www.marvinchen.de\/olgas_welt\/blog\/wp-content\/uploads\/2015\/06\/IMG_0255-300x200.jpg 300w\" sizes=\"auto, (max-width: 560px) 100vw, 560px\" \/><\/a><\/p>\n<p>Da hat man doch ein Gef\u00fchl vom Urwald, oder?<\/p>\n<p style=\"text-align: center;\"><a href=\"https:\/\/www.marvinchen.de\/olgas_welt\/blog\/wp-content\/uploads\/2015\/06\/IMG_0252.jpg\"><img loading=\"lazy\" decoding=\"async\" class=\"aligncenter wp-image-3251\" src=\"https:\/\/www.marvinchen.de\/olgas_welt\/blog\/wp-content\/uploads\/2015\/06\/IMG_0252.jpg\" alt=\"IMG_0252\" width=\"560\" height=\"373\" srcset=\"https:\/\/www.marvinchen.de\/olgas_welt\/blog\/wp-content\/uploads\/2015\/06\/IMG_0252.jpg 800w, https:\/\/www.marvinchen.de\/olgas_welt\/blog\/wp-content\/uploads\/2015\/06\/IMG_0252-300x200.jpg 300w\" sizes=\"auto, (max-width: 560px) 100vw, 560px\" \/><\/a><\/p>\n<p>Nicht umsonst geh\u00f6rt dieser\u00a0naturbelassener Buchenwald\u00a0zum UNESCO-Weltnaturerbe. Ein Besuch dort ist auf jeden Fall sehr zu empfehlen.<\/p>\n<p>Als wir gegen 22:30 Uhr nach diesem Ausflug wieder zur\u00fcck in Dresden ankamen, reichte unsere Kraft gerade mal dazu, alles auszupacken und sofort ins Bett zu fallen. Denn am Sonntag ging es bei uns schon wieder weiter mit sch\u00f6nen Dingen des Lebens\u00a0\u00a0\u00a0 \ud83d\ude09<\/p>\n<p>Unser Sonntagsfr\u00fchst\u00fcck gab es diesmal etwas sp\u00e4ter als sonst und auch nicht zu Hause, sondern im <a href=\"http:\/\/www.cafe-blumenau.de\/\" target=\"_blank\">Cafe Blumenau<\/a>. Es war der ausdr\u00fcckliche Wunsch unseres Geburtstagskindes, denn Andrea ist an diesem Tag 22 Jahre alt geworden und nat\u00fcrlich wollten wir das mit ihr und Karl wenigstens ein bisschen gemeinsam feiern &#8230; die eigentliche Party \u00fcberlie\u00dfen wir dann lieber ihren Freunden:<\/p>\n<p style=\"text-align: center;\"><a href=\"https:\/\/www.marvinchen.de\/olgas_welt\/blog\/wp-content\/uploads\/2015\/06\/IMG_0002.jpg\"><img loading=\"lazy\" decoding=\"async\" class=\"aligncenter wp-image-3252\" src=\"https:\/\/www.marvinchen.de\/olgas_welt\/blog\/wp-content\/uploads\/2015\/06\/IMG_0002.jpg\" alt=\"IMG_0002\" width=\"560\" height=\"420\" srcset=\"https:\/\/www.marvinchen.de\/olgas_welt\/blog\/wp-content\/uploads\/2015\/06\/IMG_0002.jpg 800w, https:\/\/www.marvinchen.de\/olgas_welt\/blog\/wp-content\/uploads\/2015\/06\/IMG_0002-300x225.jpg 300w\" sizes=\"auto, (max-width: 560px) 100vw, 560px\" \/><\/a><\/p>\n<p>Den misstrauischen Blick, wenn Mama die Kamera aus ihrer Handtasche hervorzaubert, haben die Kinder auch nach Jahren des Auszugs immer noch nicht verlernt\u00a0\u00a0\u00a0 \ud83d\ude09 \u00a0 \u00a0aber es war wirklich sch\u00f6n, mit den beiden zu essen und entspannt \u00fcber alles M\u00f6gliche zu plaudern. Nochmals alles Gute zum Geburtstag, meine Gro\u00dfe\u00a0\u00a0\u00a0 :verliebt: \u00a0 \u00a0!<\/p>\n<p>Danach kehrten Carsten und ich wieder f\u00fcr ca. 2 Stunden nach Hause zur\u00fcck, wo wir beim Verdauen der zahlreichen Leckereien die Lovefilm-DVD &#8222;<a href=\"http:\/\/www.deinweg-film.de\/\" target=\"_blank\">Dein Weg<\/a>&#8220;\u00a0angesehen haben. Nach dem Filmende\u00a0machten wir uns selber ganz schnell auf den Weg, denn wir wollten unbedingt zu unserer n\u00e4chsten Igel-Tour nicht fehlen. Diesmal ging es um Plauen, ein Stadtteil im Westen von Dresden,\u00a0 durch welchen ich nach unserem Umzug von Briesnitz nach Striesen nun t\u00e4glich zur Arbeit fahre.<\/p>\n<p>Die Tour war gro\u00dfartig! <a href=\"http:\/\/www.igeltour-dresden.de\/index.php\/ueber-uns\/rundgangsleiter-inen\/57-holger-lippert\" target=\"_blank\">Holger Lippert<\/a> kann\u00a0unglaublich interessant erz\u00e4hlen und wei\u00df wirklich viel \u00fcber verschiedene Ecken zu berichten, welche ich als gehetzte Autofahrerin bislang nicht mal\u00a0richtig wahr genommen habe:<\/p>\n<p style=\"text-align: center;\"><a href=\"https:\/\/www.marvinchen.de\/olgas_welt\/blog\/wp-content\/uploads\/2015\/06\/IMG_0048.jpg\"><img loading=\"lazy\" decoding=\"async\" class=\"aligncenter wp-image-3253\" src=\"https:\/\/www.marvinchen.de\/olgas_welt\/blog\/wp-content\/uploads\/2015\/06\/IMG_0048.jpg\" alt=\"IMG_0048\" width=\"560\" height=\"420\" srcset=\"https:\/\/www.marvinchen.de\/olgas_welt\/blog\/wp-content\/uploads\/2015\/06\/IMG_0048.jpg 800w, https:\/\/www.marvinchen.de\/olgas_welt\/blog\/wp-content\/uploads\/2015\/06\/IMG_0048-300x225.jpg 300w\" sizes=\"auto, (max-width: 560px) 100vw, 560px\" \/><\/a><\/p>\n<p>Dieses Jugendstilhaus liegt allerdings nicht auf meinem Arbeitsweg, dieses\u00a0h\u00e4tte ich selbst hinter meinem Lenkrad wohl nicht so stark ignorieren k\u00f6nnen, denn es ist auf jeden Fall sehr\u00a0auff\u00e4llig, nicht wahr?<\/p>\n<p>Nach der Exkursion g\u00f6nnten Carsten und ich uns noch einen Happen beim <a href=\"http:\/\/shousushi.de\/\" target=\"_blank\">Shou Sushi<\/a>, bevor wir umgehend zum\u00a0<a href=\"http:\/\/programmkino-ost.de\/\" target=\"_blank\">Programmkino Ost<\/a>\u00a0fuhren, um eine Doku \u00fcber den Jakobsweg anzusehen &#8211; &#8222;<a href=\"http:\/\/www.santiagoelcamino.com\/\" target=\"_blank\">Camino de Santiago<\/a>&#8222;. Das war \u00fcbrigens nach &#8222;Dein Weg&#8220; nicht unser letzter Film zu diesem Thema &#8211; am Mittwoch bekamen wir noch von LoveFilm die n\u00e4chste DVD zu dem Thema zugeschickt, diesmal war es der franz\u00f6sische Streifen &#8222;<a href=\"http:\/\/de.wikipedia.org\/wiki\/Saint-Jacques%E2%80%A6_La_Mecque\" target=\"_blank\">Saint Jacques &#8230; Pilgern auf Franz\u00f6sisch<\/a>&#8222;.\u00a0Wer weiss, vielleicht werden auch wir mal eines Tages unsere R\u00fccks\u00e4cke packen und auf diesem Weg laufen. Mit dem\u00a0Auto haben wir immerhin schon einige Teile davon\u00a0im <a href=\"https:\/\/www.marvinchen.de\/olgas_welt\/blog\/2012\/09\/knopfaugen-sind-wachsam\/\" target=\"_blank\">Sommer 2012<\/a>\u00a0gesehen und besuchten auch die Endstation Santiago de Compostela\u00a0 \u00a0 \ud83d\ude09 \u00a0 \u00a0aber ich und lange Strecken laufen &#8230;<\/p>\n","protected":false},"excerpt":{"rendered":"<p>Inzwischen ist sogar in Sachsen der Sommer angekommen. Noch wei\u00df er zwar nicht, ob er hier\u00a0dauerhaft\u00a0bleiben m\u00f6chte, denn\u00a0die Au\u00dfentemperaturen wechselten innerhalb einer Woche auch mal gern\u00a0von +18\u00b0C zu +32\u00b0C. Gl\u00fccklicherweise passiert es hin und wieder aber, dass das Wetter auch wirklich zu unserer Wochenendplanung passt. So geschehen z.B. am vergangenen Wochenende. Wir waren\u00a0an beiden Tagen\u00a0mit [&hellip;]<\/p>\n","protected":false},"author":3,"featured_media":0,"comment_status":"open","ping_status":"closed","sticky":false,"template":"","format":"standard","meta":{"ngg_post_thumbnail":0,"footnotes":""},"categories":[3,478,12,822,4,1],"tags":[16,523,320,1093,14,412,52,587,925,1095,800,794,1094,13,854,510,669,837,248],"class_list":["post-3240","post","type-post","status-publish","format-standard","hentry","category-ausfluege-und-reisen","category-bariges-leben","category-film-und-fernsehen","category-fotografie-und-photoshop","category-freud-und-leid","category-olca-und-stan","tag-andrea","tag-ausflug","tag-bar","tag-baerenpark","tag-carsten","tag-dvd","tag-film","tag-foto","tag-igeltour","tag-jakobsweg","tag-karl","tag-lovefilm","tag-naturpark","tag-olga","tag-plauen","tag-reise","tag-reisen","tag-thuringen","tag-wandern"],"_links":{"self":[{"href":"https:\/\/www.marvinchen.de\/olgas_welt\/blog\/wp-json\/wp\/v2\/posts\/3240","targetHints":{"allow":["GET"]}}],"collection":[{"href":"https:\/\/www.marvinchen.de\/olgas_welt\/blog\/wp-json\/wp\/v2\/posts"}],"about":[{"href":"https:\/\/www.marvinchen.de\/olgas_welt\/blog\/wp-json\/wp\/v2\/types\/post"}],"author":[{"embeddable":true,"href":"https:\/\/www.marvinchen.de\/olgas_welt\/blog\/wp-json\/wp\/v2\/users\/3"}],"replies":[{"embeddable":true,"href":"https:\/\/www.marvinchen.de\/olgas_welt\/blog\/wp-json\/wp\/v2\/comments?post=3240"}],"version-history":[{"count":0,"href":"https:\/\/www.marvinchen.de\/olgas_welt\/blog\/wp-json\/wp\/v2\/posts\/3240\/revisions"}],"wp:attachment":[{"href":"https:\/\/www.marvinchen.de\/olgas_welt\/blog\/wp-json\/wp\/v2\/media?parent=3240"}],"wp:term":[{"taxonomy":"category","embeddable":true,"href":"https:\/\/www.marvinchen.de\/olgas_welt\/blog\/wp-json\/wp\/v2\/categories?post=3240"},{"taxonomy":"post_tag","embeddable":true,"href":"https:\/\/www.marvinchen.de\/olgas_welt\/blog\/wp-json\/wp\/v2\/tags?post=3240"}],"curies":[{"name":"wp","href":"https:\/\/api.w.org\/{rel}","templated":true}]}}