{"id":325,"date":"2010-05-17T07:42:18","date_gmt":"2010-05-17T05:42:18","guid":{"rendered":"http:\/\/www.marvinchen.de\/olgas_welt\/blog\/?p=325"},"modified":"2010-05-17T09:53:17","modified_gmt":"2010-05-17T07:53:17","slug":"alles-blank-macht-der-mai","status":"publish","type":"post","link":"https:\/\/www.marvinchen.de\/olgas_welt\/blog\/2010\/05\/alles-blank-macht-der-mai\/","title":{"rendered":"Alles blank macht der Mai"},"content":{"rendered":"<p>Der modifizierte Spruch beschreibt genau das, was gestern mit unserer hei\u00dfgeliebten Casa OLCA passiert ist. Wir haben n\u00e4mlich schon vor Wochen in unserem Familienplaner eingetragen, dass der nun inzwischen vergangene Sonntag f\u00fcr den richtigen Zeitpunkt eines Gro\u00dfputzes bestimmt ist.<\/p>\n<p>So eine Aktion war schon lange \u00fcberf\u00e4llig. Allein hatte ich logischerweise weder Zeit noch die B\u00f6cke so etwas zu wuppen, aber zu viert ging das echt gut. Gleich beim Fr\u00fchst\u00fcck wurde das Haus in\u00a0Saubermachsektoren aufgeteilt und die Putzalliierten legten\u00a0 mit der Vernichtung von Staub und Dreckecken los.\u00a0Jeder\u00a0der Olcasianern schrubbte, staubte ab\u00a0und wischte\u00a0von 11:00 Uhr bis 16:00 Uhr &#8211; zwischendrin nur\u00a0eine kurze Pause. Daf\u00fcr gl\u00e4nzen jetzt nicht nur die Bereiche, welche jeder Besucher sieht, sondern auch die verborgenen, die f\u00fcr den Eigenbedarf. Ich tobte mich in der K\u00fcche aus und glaubt mir, unsere Schr\u00e4nke haben jetzt wirklich supersaubere B\u00f6den! Carsten schrubbte das Badezimmer und ich gestehe, die Duschkabine sieht derzeit so gut wie neu aus &#8230; daf\u00fcr musste ich\u00a0allerdings meine Zahnb\u00fcrste opfern.\u00a0\u00a0\u00a0\u00a0 \ud83d\ude00\u00a0\u00a0\u00a0\u00a0 Der Eingangsbereich und\u00a0das kleine Bad\u00a0gl\u00e4nzen aufgrund der Anstrengungen von Andrea. Stephanie\u00a0brachte daf\u00fcr den ganzen Nippes in allen Vitrinen und Regalen im Wohnzimmer auf\u00a0Hochglanz und r\u00fcckte bei der Gelegenheit alle Pokale von ihr\u00a0und von Carsten in auff\u00e4lligere Positionen.<\/p>\n<p>Aber nach so einem Kraftakt waren wir alle ziemlich kaputt. Mein Mann st\u00f6hnt wegen\u00a0Kopfschmerzen, verursacht durch die ungewohnte Haltung, und\u00a0seine und meine Fingerkuppen sind etwas \u00fcberempfindlicher auf jede Ber\u00fchrung\u00a0geworden. Die Kinder fielen beizeiten ins Bett. Das wird wohl erkl\u00e4ren, warum wir solche Aktionen soooo selten auf uns nehmen.\u00a0\u00a0\u00a0 \ud83d\ude09<\/p>\n<p>Aber ich habe nicht nur geschuftet, sondern gestern an nur einem Tag einen Frauenkrimi in Russisch durchgelesen, immerhin 350 Seiten. Aber die Geschichte war so spannend und witzig. Selbst wenn ich schon fr\u00fch einen leichten Verdacht hegte, wer denn der T\u00e4ter sein soll, konnte ich mit dem Lesen nicht aufh\u00f6ren. Die Schriftstellerin hei\u00dft \u041d\u0430\u0442\u0430\u043b\u0438\u044f \u041b\u0435\u0432\u0438\u0442\u0438\u043d\u0430 (Natalija Levitina)\u00a0 und das Buch &#8222;\u0421\u0442\u043e\u043f\u0440\u043e\u0446\u0435\u043d\u0442\u043d\u0430\u044f \u0431\u043b\u043e\u043d\u0434\u0438\u043d\u043a\u0430&#8220;\u00a0( 100%-ige Blondine). Den Namen werde ich mir merken, denn sie hat eine leichte und am\u00fcsante Art zu schreiben und verarbeitet in den Geschichten zudem das Leben mit ihren 4 Kindern und sowas ist immer voller \u00dcberraschungen, nicht wahr?\u00a0\u00a0\u00a0\u00a0 \ud83d\ude09<\/p>\n<p>Ich hatte zudem an dem Wochenende eine pers\u00f6nliche \u00dcberraschung erlebt: Meine Freundin, welche ebenfalls Olga hei\u00dft, ist mit ihren 42 Jahren\u00a0Oma geworden und\u00a0dabei ist ihre Tochter nur 1 Jahr \u00e4lter als meine Andrea. So schnell kann man den gesellschaftlichen Status \u00e4ndern, wenn die Kinder \u00e4lter werden.\u00a0\u00a0\u00a0\u00a0 \ud83d\ude00<\/p>\n","protected":false},"excerpt":{"rendered":"<p>Der modifizierte Spruch beschreibt genau das, was gestern mit unserer hei\u00dfgeliebten Casa OLCA passiert ist. Wir haben n\u00e4mlich schon vor Wochen in unserem Familienplaner eingetragen, dass der nun inzwischen vergangene Sonntag f\u00fcr den richtigen Zeitpunkt eines Gro\u00dfputzes bestimmt ist. So eine Aktion war schon lange \u00fcberf\u00e4llig. Allein hatte ich logischerweise weder Zeit noch die B\u00f6cke [&hellip;]<\/p>\n","protected":false},"author":3,"featured_media":0,"comment_status":"open","ping_status":"closed","sticky":false,"template":"","format":"standard","meta":{"ngg_post_thumbnail":0,"footnotes":""},"categories":[6,4,7,8,17,1],"tags":[16,60,14,550,13,552,549,551,15],"class_list":["post-325","post","type-post","status-publish","format-standard","hentry","category-ackern-und-werkeln","category-freud-und-leid","category-freunde-und-co","category-hoeren-und-lesen","category-kauderwelsch-und-muttersprache","category-olca-und-stan","tag-andrea","tag-buch","tag-carsten","tag-krimi","tag-olga","tag-oma","tag-pitzen","tag-russich","tag-stephanie"],"_links":{"self":[{"href":"https:\/\/www.marvinchen.de\/olgas_welt\/blog\/wp-json\/wp\/v2\/posts\/325","targetHints":{"allow":["GET"]}}],"collection":[{"href":"https:\/\/www.marvinchen.de\/olgas_welt\/blog\/wp-json\/wp\/v2\/posts"}],"about":[{"href":"https:\/\/www.marvinchen.de\/olgas_welt\/blog\/wp-json\/wp\/v2\/types\/post"}],"author":[{"embeddable":true,"href":"https:\/\/www.marvinchen.de\/olgas_welt\/blog\/wp-json\/wp\/v2\/users\/3"}],"replies":[{"embeddable":true,"href":"https:\/\/www.marvinchen.de\/olgas_welt\/blog\/wp-json\/wp\/v2\/comments?post=325"}],"version-history":[{"count":0,"href":"https:\/\/www.marvinchen.de\/olgas_welt\/blog\/wp-json\/wp\/v2\/posts\/325\/revisions"}],"wp:attachment":[{"href":"https:\/\/www.marvinchen.de\/olgas_welt\/blog\/wp-json\/wp\/v2\/media?parent=325"}],"wp:term":[{"taxonomy":"category","embeddable":true,"href":"https:\/\/www.marvinchen.de\/olgas_welt\/blog\/wp-json\/wp\/v2\/categories?post=325"},{"taxonomy":"post_tag","embeddable":true,"href":"https:\/\/www.marvinchen.de\/olgas_welt\/blog\/wp-json\/wp\/v2\/tags?post=325"}],"curies":[{"name":"wp","href":"https:\/\/api.w.org\/{rel}","templated":true}]}}