{"id":3263,"date":"2015-06-22T19:01:09","date_gmt":"2015-06-22T17:01:09","guid":{"rendered":"http:\/\/www.marvinchen.de\/olgas_welt\/blog\/?p=3263"},"modified":"2015-06-22T19:01:09","modified_gmt":"2015-06-22T17:01:09","slug":"fotojahresplan-2015-skulpturen-in-meiner-naehe","status":"publish","type":"post","link":"https:\/\/www.marvinchen.de\/olgas_welt\/blog\/2015\/06\/fotojahresplan-2015-skulpturen-in-meiner-naehe\/","title":{"rendered":"Fotojahresplan 2015 &#8211; Skulpturen in meiner N\u00e4he"},"content":{"rendered":"<p>Ich wei\u00df nicht, ob es bereits irgendjemandem aufgefallen ist, aber ich habe es wirklich bis heute noch nicht geschafft, meinen Bericht \u00fcber die Fotoausbeute vom Mai zu schreiben\u00a0\u00a0\u00a0\u00a0:unschuldig:\u00a0\u00a0\u00a0 und die Gr\u00fcnde daf\u00fcr kennt ihr ja eigentlich\u00a0aus meinen letzten Blogeintr\u00e4gen\u00a0\u00a0\u00a0 \ud83d\ude09<br \/>\nDennoch habe ich mit Hilfe meines flei\u00dfigen Mannes\u00a0im Hintergrund Schritt f\u00fcr Schritt alles getan, um euch meine Fundst\u00fccke pr\u00e4sentieren zu k\u00f6nnen.<\/p>\n<p>Anfang des Jahres, als ich meine Fotopl\u00e4ne schmiedete, wusste ich noch nicht, dass wir ausgerechnet im Mai zwei Ausfl\u00fcge nach Polen unternehmen. Darum habe ich entgegen meiner urspr\u00fcnglichen Intention, nur die wenig bekannte Skulpturen\u00a0in Dresden zu finden, zu fotografieren und euch zu zeigen, nun auch einige Skulpturenbilder aus dem Nachbarland mit in die Galerie einsortiert.<\/p>\n<p>Ansonsten ist\u00a0mir bei meinen Streifz\u00fcgen durch Striesen, Johannstadt und Plauen\u00a0aufgefallen, dass es noch jede Menge interessante Denkm\u00e4ler aus DDR-Zeiten gibt. Au\u00dferdem kristallisierten sich beim Bildersichten\u00a0bestimmte Themenbereiche heraus: Familie bzw. Frau mit Kind, Tiere, ber\u00fchmte Pers\u00f6nlichkeiten, ganze Lebenszyklen sowie abstrakte Kunst. Ich habe\u00a0deshalb versucht, die Bilder in meiner\u00a0gro\u00dfen\u00a0Galerie etwas nach diesen Gesichtspunkten zu gruppieren. Aber nun genug geschwafelt, jetzt werden zuerst die Bilder gezeigt und danach noch einmal ein paar Worte verloren\u00a0\u00a0\u00a0 \ud83d\ude09<\/p>\nngg_shortcode_0_placeholder\n<p>Zu meinen pers\u00f6nlichen\u00a0Favoriten (neben den B\u00e4ren nat\u00fcrlich,\u00a0sie sind\u00a0au\u00dfer Konkurrenz\u00a0\u00a0\u00a0 \ud83d\ude09 \u00a0\u00a0 ) geh\u00f6rt auf jeden Fall die au\u00dfergew\u00f6hnlich beeindruckende Arbeit von Jerzy Kalina.\u00a0Die Gesamtskulptur\u00a0ist allerdings sehr schwer zu fotografieren gewesen, denn die 14 Einzelskulpturen verteilen sich auf zwei gegen\u00fcberliegende Stra\u00dfenseiten:<\/p>\n<p style=\"text-align: center;\"><a href=\"https:\/\/www.marvinchen.de\/olgas_welt\/blog\/wp-content\/uploads\/2015\/06\/breslau01.jpg\"><img loading=\"lazy\" decoding=\"async\" class=\"aligncenter wp-image-3265\" src=\"https:\/\/www.marvinchen.de\/olgas_welt\/blog\/wp-content\/uploads\/2015\/06\/breslau01.jpg\" alt=\"breslau01\" width=\"560\" height=\"420\" srcset=\"https:\/\/www.marvinchen.de\/olgas_welt\/blog\/wp-content\/uploads\/2015\/06\/breslau01.jpg 800w, https:\/\/www.marvinchen.de\/olgas_welt\/blog\/wp-content\/uploads\/2015\/06\/breslau01-300x225.jpg 300w\" sizes=\"auto, (max-width: 560px) 100vw, 560px\" \/><\/a><\/p>\n<p>Auf einer Seite steigen die Menschen in den Untergrund, um auf der anderen Seite wieder nach oben zu kommen. Das Werk dient als Symbol f\u00fcr die schicksalstr\u00e4chtigen Zeiten\u00a0der j\u00fcngsten, polnischen Geschichte, speziell\u00a0im Zeitraum 1977 &#8211; 2005, und stellt den Untergang des Kommunismus und den Aufstieg in die Demokratie dar.<\/p>\n<p>Ein anderes Bild w\u00fcrde eigentlich viel besser in ein\u00a0Fotoprojekt aus dem vergangenen Jahr passen &#8211; <a href=\"https:\/\/www.marvinchen.de\/olgas_welt\/blog\/2014\/07\/fotojahresplan-2014-brunnen\/\" target=\"_blank\">Brunnen<\/a>. Bis zum\u00a0Fr\u00fchjahr war &#8222;Flugwille des Menschen&#8220; nur eine Skulpturengruppe,\u00a0seit Neustem\u00a0ist das allerdings zus\u00e4tzlich noch ein sch\u00f6nes Wasserspiel geworden:<\/p>\n<p style=\"text-align: center;\"><a href=\"https:\/\/www.marvinchen.de\/olgas_welt\/blog\/wp-content\/uploads\/2015\/06\/Dresden-Flugwille.jpg\"><img loading=\"lazy\" decoding=\"async\" class=\"aligncenter size-full wp-image-3266\" src=\"https:\/\/www.marvinchen.de\/olgas_welt\/blog\/wp-content\/uploads\/2015\/06\/Dresden-Flugwille.jpg\" alt=\"Dresden-Flugwille\" width=\"533\" height=\"800\" srcset=\"https:\/\/www.marvinchen.de\/olgas_welt\/blog\/wp-content\/uploads\/2015\/06\/Dresden-Flugwille.jpg 533w, https:\/\/www.marvinchen.de\/olgas_welt\/blog\/wp-content\/uploads\/2015\/06\/Dresden-Flugwille-300x450.jpg 300w\" sizes=\"auto, (max-width: 533px) 100vw, 533px\" \/><\/a><\/p>\n<p>Ich habe es aber schon so lange fotografieren wollen,\u00a0selbst wenn\u00a0meine Skulpturengalerie dadurch etwas verw\u00e4ssert wird\u00a0\u00a0\u00a0\u00a0\ud83d\ude09\u00a0\u00a0\u00a0 ich hoffe, euch gef\u00e4llt es trotzdem\u00a0\u00a0\u00a0 \ud83d\ude00<\/p>\n<p>Eigentlich k\u00f6nnte ich zu einigen Werken\u00a0noch\u00a0sehr viel mehr\u00a0berichten, aber zu manchen konnte ich dagegen nicht einmal die Namen der K\u00fcnstler ausfindig machen &#8230; dennoch war zumindest f\u00fcr mich mal wieder sehr interessant, sich mit diesem Thema zu befassen und wer wei\u00df, vielleicht achtet nun auch ihr\u00a0etwas mehr auf die kleinen Kunstwerke in den Parks\u00a0oder am Wegesrand\u00a0\u00a0\u00a0 \ud83d\ude09<\/p>\n","protected":false},"excerpt":{"rendered":"<p>Ich wei\u00df nicht, ob es bereits irgendjemandem aufgefallen ist, aber ich habe es wirklich bis heute noch nicht geschafft, meinen Bericht \u00fcber die Fotoausbeute vom Mai zu schreiben\u00a0\u00a0\u00a0\u00a0:unschuldig:\u00a0\u00a0\u00a0 und die Gr\u00fcnde daf\u00fcr kennt ihr ja eigentlich\u00a0aus meinen letzten Blogeintr\u00e4gen\u00a0\u00a0\u00a0 \ud83d\ude09 Dennoch habe ich mit Hilfe meines flei\u00dfigen Mannes\u00a0im Hintergrund Schritt f\u00fcr Schritt alles getan, um [&hellip;]<\/p>\n","protected":false},"author":3,"featured_media":0,"comment_status":"open","ping_status":"closed","sticky":false,"template":"","format":"standard","meta":{"ngg_post_thumbnail":0,"footnotes":""},"categories":[3,822,1],"tags":[856,1105,14,436,27,587,716,847,1107,13,23,1104,1103,1109,1108,1106],"class_list":["post-3263","post","type-post","status-publish","format-standard","hentry","category-ausfluege-und-reisen","category-fotografie-und-photoshop","category-olca-und-stan","tag-breslau","tag-bronze","tag-carsten","tag-ddr","tag-dresden","tag-foto","tag-fotografieren","tag-fotojahresplan","tag-kolberg","tag-olga","tag-polen","tag-sandstein","tag-skulpturen","tag-sozailistisch","tag-stettin","tag-wasserspiel"],"_links":{"self":[{"href":"https:\/\/www.marvinchen.de\/olgas_welt\/blog\/wp-json\/wp\/v2\/posts\/3263","targetHints":{"allow":["GET"]}}],"collection":[{"href":"https:\/\/www.marvinchen.de\/olgas_welt\/blog\/wp-json\/wp\/v2\/posts"}],"about":[{"href":"https:\/\/www.marvinchen.de\/olgas_welt\/blog\/wp-json\/wp\/v2\/types\/post"}],"author":[{"embeddable":true,"href":"https:\/\/www.marvinchen.de\/olgas_welt\/blog\/wp-json\/wp\/v2\/users\/3"}],"replies":[{"embeddable":true,"href":"https:\/\/www.marvinchen.de\/olgas_welt\/blog\/wp-json\/wp\/v2\/comments?post=3263"}],"version-history":[{"count":0,"href":"https:\/\/www.marvinchen.de\/olgas_welt\/blog\/wp-json\/wp\/v2\/posts\/3263\/revisions"}],"wp:attachment":[{"href":"https:\/\/www.marvinchen.de\/olgas_welt\/blog\/wp-json\/wp\/v2\/media?parent=3263"}],"wp:term":[{"taxonomy":"category","embeddable":true,"href":"https:\/\/www.marvinchen.de\/olgas_welt\/blog\/wp-json\/wp\/v2\/categories?post=3263"},{"taxonomy":"post_tag","embeddable":true,"href":"https:\/\/www.marvinchen.de\/olgas_welt\/blog\/wp-json\/wp\/v2\/tags?post=3263"}],"curies":[{"name":"wp","href":"https:\/\/api.w.org\/{rel}","templated":true}]}}