{"id":3268,"date":"2015-06-28T18:00:18","date_gmt":"2015-06-28T16:00:18","guid":{"rendered":"http:\/\/www.marvinchen.de\/olgas_welt\/blog\/?p=3268"},"modified":"2015-06-28T18:04:36","modified_gmt":"2015-06-28T16:04:36","slug":"verabschieden-und-wiedersehen","status":"publish","type":"post","link":"https:\/\/www.marvinchen.de\/olgas_welt\/blog\/2015\/06\/verabschieden-und-wiedersehen\/","title":{"rendered":"Verabschieden und Wiedersehen"},"content":{"rendered":"<p>Langsam, aber sicher neigt sich der erste Sommermonat zu Ende. Er hat uns allen ziemlich oft seine kalten Schulter gezeigt, besonders in der vergangenen Woche. Ich habe an einem Tag sogar wieder mal meine Halbstiefelchen aus dem Schrank geholt, irgendwie war mir bei dem Blick auf unser Thermometer so danach. Die Zahl 12,8\u00b0C in Verbindung mit Dauerregen fand ich f\u00fcrs Tragen von Ballerinas eher unpassend.<\/p>\n<p>Aber an dem Abend, als es auf sch\u00f6nes Wetter wirklich ankam, hat sich der Juni anst\u00e4ndig benommen. Das war am Donnerstag der Fall. Wir hatten unsere letzte Stunde vom English Business-Kurs und verbrachten nur die H\u00e4lfte der Unterrichtszeit im Klassenzimmer. Den restlichen Abend lie\u00dfen wir im <a href=\"http:\/\/www.faehrgarten.de\/\" target=\"_blank\">F\u00e4hrgarten Johannstadt<\/a>\u00a0bei einem Bierchen ausklingen. Das war echt sch\u00f6n! Und der Sonnenuntergang war einfach ein Traum!<\/p>\n<p style=\"text-align: center;\"><a href=\"https:\/\/www.marvinchen.de\/olgas_welt\/blog\/wp-content\/uploads\/2015\/06\/English-Abschied.jpg\"><img loading=\"lazy\" decoding=\"async\" class=\"aligncenter wp-image-3269\" src=\"https:\/\/www.marvinchen.de\/olgas_welt\/blog\/wp-content\/uploads\/2015\/06\/English-Abschied.jpg\" alt=\"English-Abschied\" width=\"560\" height=\"420\" srcset=\"https:\/\/www.marvinchen.de\/olgas_welt\/blog\/wp-content\/uploads\/2015\/06\/English-Abschied.jpg 800w, https:\/\/www.marvinchen.de\/olgas_welt\/blog\/wp-content\/uploads\/2015\/06\/English-Abschied-300x225.jpg 300w\" sizes=\"auto, (max-width: 560px) 100vw, 560px\" \/><\/a><\/p>\n<p>Am Freitag war ich wieder mal wieder an der Reihe, etwas l\u00e4nger als sonst, sprich bis 18:00 Uhr statt 16:30 Uhr, im B\u00fcro zu bleiben &#8211; um so lange wie m\u00f6glich als Ansprechpartner f\u00fcr die Kunden zu sein, wechseln\u00a0sich unsere Kundenbetreuer mit diesem &#8222;Sp\u00e4tdienst&#8220; alle mal ab. Danach fuhr ich schnellstens nach Hause, denn wir haben uns diesmal zu\u00a0unserem Freitagsritual &#8222;D\u00f6nermann&#8220; mit Anna verabredet.\u00a0Mit ihr gibt es ja immer viel zu besprechen\u00a0\u00a0\u00a0 \ud83d\ude42<br \/>\nNach dem Essen trollten sich Carsten, Anna und ihr treuer Begleiter <a href=\"https:\/\/www.marvinchen.de\/olgas_welt\/blog\/2013\/01\/auf-den-hund-gekommen\/\" target=\"_blank\">Leon<\/a>\u00a0in unsere Wohnung und ich seilte mich noch schnell ab, um aus dem benachbartem Kaufland 2-3 Sachen f\u00fcrs Wochenende zu besorgen.\u00a0Diesmal hatte ich in dem\u00a0Laden eine v\u00f6llig unterwartete Begegnung:\u00a0Ich\u00a0traf Stephanies ehemalige Kindergartenerzieherin Frau Sch\u00fctte! Das war nach so vielen Jahren eine echte \u00dcberraschung! Ich finde nach wie vor, dass sie eine besondere und sehr positive Rolle im Leben meiner Kleinen gespielt hat und halte ganz gro\u00dfe St\u00fccke auf sie. Aber nun ist sie in Rente gegangen, wobei rein optisch h\u00e4tte ich sie nicht in diese Kategorie eingeordnet. Wir haben uns auf Anhieb wiedererkannt und konnten\u00a0ein wenig\u00a0miteinander plaudern. Nun hoffen wir jederzeit auf ein erneutes Wiedersehen, denn sie wohnt eigentlich ganz in der N\u00e4he unseres &#8222;neuen&#8220; Domizils.<\/p>\n<p>Eine\u00a0weiteres Wiedersehen am Samstag war dagegen verabredet und geplant.\u00a0Claudia aus Uelzen kennen Carsten und ich ziemlich genau so lange wie wir beide uns kennen. Wir\u00a0sind uns damals\u00a0im Internet auf der gleichen Austauschplattform begegnet und haben uns sogar schon ein paarmal Vis-a-Vis getroffen &#8211; zuletzt im Juli 2013.<\/p>\n<p>Ihr Mann Jan\u00a0war in\u00a0Dresden, um an einer Weiterbildung teilzunehmen und sie durfte mit. Wir trafen uns um 11 Uhr, &#8222;entf\u00fchrten&#8220; sie zu dem wohl bekanntesten Baum in unserer Gegend &#8211; der<a href=\"https:\/\/de.wikipedia.org\/wiki\/Babisnauer_Pappel\" target=\"_blank\"> Babisnauer Pappel<\/a>&#8211; und\u00a0gingen anschlie\u00dfend durch den <a href=\"http:\/\/www.grosser-garten-dresden.de\/de\/startseite\/\" target=\"_blank\">Gro\u00dfen Garten<\/a>,\u00a0bis wir von einem Regenschauer \u00fcberrascht wurden. Vor dem sind wir ins gem\u00fctliche\u00a0<a href=\"http:\/\/www.carolaschloesschen.de\/\" target=\"_blank\">Carolaschl\u00f6\u00dfchen<\/a> (\u00fcbrigens mit einer sehr leckeren und guten Auswahl an tollen\u00a0Kuchen!) gefl\u00fcchtet.<\/p>\n<p style=\"text-align: center;\"><a href=\"https:\/\/www.marvinchen.de\/olgas_welt\/blog\/wp-content\/uploads\/2015\/06\/carolaschl\u00f6\u00dfchen.jpg\"><img loading=\"lazy\" decoding=\"async\" class=\"aligncenter wp-image-3270\" src=\"https:\/\/www.marvinchen.de\/olgas_welt\/blog\/wp-content\/uploads\/2015\/06\/carolaschl\u00f6\u00dfchen.jpg\" alt=\"carolaschl\u00f6\u00dfchen\" width=\"560\" height=\"373\" srcset=\"https:\/\/www.marvinchen.de\/olgas_welt\/blog\/wp-content\/uploads\/2015\/06\/carolaschl\u00f6\u00dfchen.jpg 800w, https:\/\/www.marvinchen.de\/olgas_welt\/blog\/wp-content\/uploads\/2015\/06\/carolaschl\u00f6\u00dfchen-300x200.jpg 300w\" sizes=\"auto, (max-width: 560px) 100vw, 560px\" \/><\/a><\/p>\n<p>Gegen 15 Uhr\u00a0war auch Jans Weiterbildung zu Ende. Wir holten ihn ab und\u00a0zeigten unseren G\u00e4sten ein paar sch\u00f6ne Ecken der Dresdner Neustadt, wie z.B. die\u00a0<a href=\"http:\/\/www.kunsthof-dresden.de\/\" target=\"_blank\">Kunsthofpassage<\/a> und\u00a0unsere Lieblingseisdiele <a href=\"http:\/\/www.mimis-eis.de\/\" target=\"_blank\">Mimi&#8217;s Eismanufaktur<\/a>,\u00a0um dann f\u00fcr ein leckeres Abendessen im t\u00fcrkischen Restaurant <a href=\"http:\/\/www.tuerkisches-restaurant.com\/\" target=\"_blank\">Ocakbasi<\/a>\u00a0einzukehren. Da die B\u00e4uche danach sehr kugelrund geworden sind (das Essen dort ist einfach so unbeschreiblich gut\u00a0!!!),\u00a0g\u00f6nnten wir uns noch einen langen Spaziergang durch die Dresdner Heide, wobei Carsten und ich zum ersten Mal in unserem Dresden-Leben den Garnisonfriedhof der gefallenen K\u00e4mpfer der Sowjetischen Armee entdeckten.<\/p>\n<p style=\"text-align: center;\"><a href=\"https:\/\/www.marvinchen.de\/olgas_welt\/blog\/wp-content\/uploads\/2015\/06\/garnisonsfriedhof.jpg\"><img loading=\"lazy\" decoding=\"async\" class=\"aligncenter wp-image-3271\" src=\"https:\/\/www.marvinchen.de\/olgas_welt\/blog\/wp-content\/uploads\/2015\/06\/garnisonsfriedhof.jpg\" alt=\"garnisonsfriedhof\" width=\"560\" height=\"420\" srcset=\"https:\/\/www.marvinchen.de\/olgas_welt\/blog\/wp-content\/uploads\/2015\/06\/garnisonsfriedhof.jpg 800w, https:\/\/www.marvinchen.de\/olgas_welt\/blog\/wp-content\/uploads\/2015\/06\/garnisonsfriedhof-300x225.jpg 300w\" sizes=\"auto, (max-width: 560px) 100vw, 560px\" \/><\/a><\/p>\n<p>Mit jedem Besuch kann man\u00a0ab und an\u00a0auch v\u00f6llig unbekannte Wege gehen \u00a0 \u00a0\ud83d\ude09 \u00a0 \u00a0auf jeden Fall war das ein wundervoller Tag mit den beiden. Danke nochmals f\u00fcr die gemeinsame Zeit!<\/p>\n<p style=\"text-align: center;\"><a href=\"https:\/\/www.marvinchen.de\/olgas_welt\/blog\/wp-content\/uploads\/2015\/06\/Mit-Jan-und-Claudia.jpg\"><img loading=\"lazy\" decoding=\"async\" class=\"aligncenter wp-image-3272\" src=\"https:\/\/www.marvinchen.de\/olgas_welt\/blog\/wp-content\/uploads\/2015\/06\/Mit-Jan-und-Claudia.jpg\" alt=\"Mit-Jan-und-Claudia\" width=\"420\" height=\"560\" srcset=\"https:\/\/www.marvinchen.de\/olgas_welt\/blog\/wp-content\/uploads\/2015\/06\/Mit-Jan-und-Claudia.jpg 600w, https:\/\/www.marvinchen.de\/olgas_welt\/blog\/wp-content\/uploads\/2015\/06\/Mit-Jan-und-Claudia-300x400.jpg 300w\" sizes=\"auto, (max-width: 420px) 100vw, 420px\" \/><\/a><\/p>\n<p>Aber auch das sch\u00f6nste Wiedersehen wandelt sich mit der Zeit leider immer wieder in einen Abschied um. Den heutigen Sonntag nutzen wir, um die vielen kleinen, liegengebliebenen und angesammelten Dinge aufzuarbeiten und um ehrlich zu sein, um auch ein wenig zu faulenzen bzw. ausgeschlafen f\u00fcr die n\u00e4chste Woche zu sein \u00a0 \u00a0\ud83d\ude00 \u00a0 \u00a0diese\u00a0verspricht n\u00e4mlich ebenfalls\u00a0wieder voller Termine und sehr ereignisreich zu werden\u00a0\u00a0 \ud83d\ude42<\/p>\n","protected":false},"excerpt":{"rendered":"<p>Langsam, aber sicher neigt sich der erste Sommermonat zu Ende. Er hat uns allen ziemlich oft seine kalten Schulter gezeigt, besonders in der vergangenen Woche. Ich habe an einem Tag sogar wieder mal meine Halbstiefelchen aus dem Schrank geholt, irgendwie war mir bei dem Blick auf unser Thermometer so danach. Die Zahl 12,8\u00b0C in Verbindung [&hellip;]<\/p>\n","protected":false},"author":3,"featured_media":0,"comment_status":"open","ping_status":"closed","sticky":false,"template":"","format":"standard","meta":{"ngg_post_thumbnail":0,"footnotes":""},"categories":[5,4,7,17,1],"tags":[56,1114,1023,302,14,1110,326,27,74,260,716,830,1111,832,1115,13,567,1113,344,956,1112,564],"class_list":["post-3268","post","type-post","status-publish","format-standard","hentry","category-essen-und-trinken","category-freud-und-leid","category-freunde-und-co","category-kauderwelsch-und-muttersprache","category-olca-und-stan","tag-anna","tag-babisnauer-pappel","tag-baum","tag-besuch","tag-carsten","tag-claudia","tag-doner","tag-dresden","tag-englisch","tag-essen","tag-fotografieren","tag-hund","tag-jan","tag-leon","tag-mimis-eis","tag-olga","tag-sommer","tag-sowjetische-armee","tag-treffen","tag-tuerkisch","tag-uelzen","tag-vhs"],"_links":{"self":[{"href":"https:\/\/www.marvinchen.de\/olgas_welt\/blog\/wp-json\/wp\/v2\/posts\/3268","targetHints":{"allow":["GET"]}}],"collection":[{"href":"https:\/\/www.marvinchen.de\/olgas_welt\/blog\/wp-json\/wp\/v2\/posts"}],"about":[{"href":"https:\/\/www.marvinchen.de\/olgas_welt\/blog\/wp-json\/wp\/v2\/types\/post"}],"author":[{"embeddable":true,"href":"https:\/\/www.marvinchen.de\/olgas_welt\/blog\/wp-json\/wp\/v2\/users\/3"}],"replies":[{"embeddable":true,"href":"https:\/\/www.marvinchen.de\/olgas_welt\/blog\/wp-json\/wp\/v2\/comments?post=3268"}],"version-history":[{"count":0,"href":"https:\/\/www.marvinchen.de\/olgas_welt\/blog\/wp-json\/wp\/v2\/posts\/3268\/revisions"}],"wp:attachment":[{"href":"https:\/\/www.marvinchen.de\/olgas_welt\/blog\/wp-json\/wp\/v2\/media?parent=3268"}],"wp:term":[{"taxonomy":"category","embeddable":true,"href":"https:\/\/www.marvinchen.de\/olgas_welt\/blog\/wp-json\/wp\/v2\/categories?post=3268"},{"taxonomy":"post_tag","embeddable":true,"href":"https:\/\/www.marvinchen.de\/olgas_welt\/blog\/wp-json\/wp\/v2\/tags?post=3268"}],"curies":[{"name":"wp","href":"https:\/\/api.w.org\/{rel}","templated":true}]}}