{"id":3276,"date":"2015-07-08T19:05:42","date_gmt":"2015-07-08T17:05:42","guid":{"rendered":"http:\/\/www.marvinchen.de\/olgas_welt\/blog\/?p=3276"},"modified":"2015-07-08T19:05:42","modified_gmt":"2015-07-08T17:05:42","slug":"ferien-und-feiern","status":"publish","type":"post","link":"https:\/\/www.marvinchen.de\/olgas_welt\/blog\/2015\/07\/ferien-und-feiern\/","title":{"rendered":"Ferien und Feiern"},"content":{"rendered":"<p>Das sommerliche Wochenende habe ich nat\u00fcrlich nicht zu Hause, sondern drau\u00dfen verbracht. Es war ja ohnehin schon seit Langem komplett\u00a0verplant\u00a0\u00a0\u00a0 \ud83d\ude09<\/p>\n<p>Aber mein\u00a0fr\u00fchestes Highlight der vergangenen\u00a0Woche hatte ich bereits am Dienstag. Denn da ging mein erster VHS-Russischkurs f\u00fcr Anf\u00e4nger (vorerst) zu Ende. Ich bin echt stolz auf &#8222;meine&#8220; Gruppe, denn das Gros von ihnen\u00a0ist tats\u00e4chlich mit keinerlei Vorwissen eingestiegen und nach lediglich 14 Abenden konnten sie schon lesen, schreiben und sich auch ein wenig unterhalten. So wie das Abschiedsgeschenk aussieht, hatten die Kursteilnehmer wohl ebenfalls ganz viel Spa\u00df beim Unterricht (man beachte die Karte\u00a0\u00a0\u00a0 \ud83d\ude00\u00a0\u00a0\u00a0 ):<\/p>\n<p style=\"text-align: center;\"><a href=\"https:\/\/www.marvinchen.de\/olgas_welt\/blog\/wp-content\/uploads\/2015\/07\/IMG_0008.jpg\"><img loading=\"lazy\" decoding=\"async\" class=\"aligncenter wp-image-3277\" src=\"https:\/\/www.marvinchen.de\/olgas_welt\/blog\/wp-content\/uploads\/2015\/07\/IMG_0008.jpg\" alt=\"IMG_0008\" width=\"420\" height=\"560\" srcset=\"https:\/\/www.marvinchen.de\/olgas_welt\/blog\/wp-content\/uploads\/2015\/07\/IMG_0008.jpg 600w, https:\/\/www.marvinchen.de\/olgas_welt\/blog\/wp-content\/uploads\/2015\/07\/IMG_0008-300x400.jpg 300w\" sizes=\"auto, (max-width: 420px) 100vw, 420px\" \/><\/a><\/p>\n<p>Jetzt haben wir alle\u00a0unsere wohlverdienten Ferien und ich hoffe, dass es Ende September mit dem Kurs weiter geht. Mal schauen, wer sich noch dazu entschlie\u00dft,\u00a0sich auch im Herbst und im Winter\u00a0jeden Dienstagabend mit den fiesen Zischlauten und gemeinen 6 F\u00e4llen zu besch\u00e4ftigen\u00a0\u00a0\u00a0 \ud83d\ude09<\/p>\n<p>Aber zur\u00fcck zum Wochenende. Eigentlich ist 4. Juli schon seit\u00a023 Jahren\u00a0mein pers\u00f6nlicher\u00a0Unabh\u00e4ngigkeitstag und dieser wird meistens\u00a0mit Familie oder mit\u00a0Freunden gefeiert. Dieses Jahr habe ich meine eigene Feier aber ausfallen lassen, um bei einer anderen dabei zu sein. Zwei Menschen haben sich entschieden, ihre Unabh\u00e4ngigkeit aufzugeben\u00a0und ich durfte sie an diesem besonderen Tag mit meiner Kamera begleiten:<\/p>\n<p style=\"text-align: center;\"><a href=\"https:\/\/www.marvinchen.de\/olgas_welt\/blog\/wp-content\/uploads\/2015\/07\/IMG_0406.jpg\"><img loading=\"lazy\" decoding=\"async\" class=\"aligncenter wp-image-3278\" src=\"https:\/\/www.marvinchen.de\/olgas_welt\/blog\/wp-content\/uploads\/2015\/07\/IMG_0406.jpg\" alt=\"IMG_0406\" width=\"560\" height=\"373\" srcset=\"https:\/\/www.marvinchen.de\/olgas_welt\/blog\/wp-content\/uploads\/2015\/07\/IMG_0406.jpg 800w, https:\/\/www.marvinchen.de\/olgas_welt\/blog\/wp-content\/uploads\/2015\/07\/IMG_0406-300x200.jpg 300w\" sizes=\"auto, (max-width: 560px) 100vw, 560px\" \/><\/a><\/p>\n<p style=\"text-align: center;\"><a href=\"https:\/\/www.marvinchen.de\/olgas_welt\/blog\/wp-content\/uploads\/2015\/07\/IMG_0306.jpg\"><img loading=\"lazy\" decoding=\"async\" class=\"aligncenter wp-image-3279\" src=\"https:\/\/www.marvinchen.de\/olgas_welt\/blog\/wp-content\/uploads\/2015\/07\/IMG_0306.jpg\" alt=\"IMG_0306\" width=\"560\" height=\"373\" srcset=\"https:\/\/www.marvinchen.de\/olgas_welt\/blog\/wp-content\/uploads\/2015\/07\/IMG_0306.jpg 800w, https:\/\/www.marvinchen.de\/olgas_welt\/blog\/wp-content\/uploads\/2015\/07\/IMG_0306-300x200.jpg 300w\" sizes=\"auto, (max-width: 560px) 100vw, 560px\" \/><\/a><\/p>\n<p style=\"text-align: center;\"><a href=\"https:\/\/www.marvinchen.de\/olgas_welt\/blog\/wp-content\/uploads\/2015\/07\/IMG_0328.jpg\"><img loading=\"lazy\" decoding=\"async\" class=\"aligncenter wp-image-3280\" src=\"https:\/\/www.marvinchen.de\/olgas_welt\/blog\/wp-content\/uploads\/2015\/07\/IMG_0328.jpg\" alt=\"IMG_0328\" width=\"560\" height=\"373\" srcset=\"https:\/\/www.marvinchen.de\/olgas_welt\/blog\/wp-content\/uploads\/2015\/07\/IMG_0328.jpg 800w, https:\/\/www.marvinchen.de\/olgas_welt\/blog\/wp-content\/uploads\/2015\/07\/IMG_0328-300x200.jpg 300w\" sizes=\"auto, (max-width: 560px) 100vw, 560px\" \/><\/a><\/p>\n<p>Vielen herzlichen Dank an das fr\u00f6hliche und gl\u00fcckliche\u00a0Ehepaar f\u00fcr ganz viel Spa\u00df beim Fotoshooting in au\u00dferordentlicher Mittagshitze und die vielen emotionalen Momente, bei welchen ich euch begleiten durfte! Wir w\u00fcnschen euch auch von hier nochmals alles, alles Gute im\u00a0zuk\u00fcnftigen Eheleben\u00a0\u00a0\u00a0 :herz: :herz: :herz:<\/p>\n<p>Den nicht weniger hei\u00dfen Sonntag haben wir ebenfalls\u00a0mit Feiern verbracht. Diesmal ging es um den runden Geburtstag\u00a0meiner besten Freundin Anna:<\/p>\n<p style=\"text-align: center;\"><a href=\"https:\/\/www.marvinchen.de\/olgas_welt\/blog\/wp-content\/uploads\/2015\/07\/IMG_0019.jpg\"><img loading=\"lazy\" decoding=\"async\" class=\"aligncenter wp-image-3281\" src=\"https:\/\/www.marvinchen.de\/olgas_welt\/blog\/wp-content\/uploads\/2015\/07\/IMG_0019.jpg\" alt=\"IMG_0019\" width=\"420\" height=\"560\" srcset=\"https:\/\/www.marvinchen.de\/olgas_welt\/blog\/wp-content\/uploads\/2015\/07\/IMG_0019.jpg 600w, https:\/\/www.marvinchen.de\/olgas_welt\/blog\/wp-content\/uploads\/2015\/07\/IMG_0019-300x400.jpg 300w\" sizes=\"auto, (max-width: 420px) 100vw, 420px\" \/><\/a><\/p>\n<p>Carsten hat sich\u00a0nebenbei als perfekter Helfer beim Ausrichten der Fete bewiesen, denn er k\u00fcmmerte sich hauptamtlich um die Musik und ums Grillen und nahm dem Geburtstagskind mit vielen geschickten, kleinen Handgriffen\u00a0so manchen\u00a0organisatorischen Kram von der Schulter. So hatten Anna und ich sogar einen Augenblick Zeit, um f\u00fcr ein gemeinsames Bild\u00a0von uns beiden\u00a0zu\u00a0posen (Danke sch\u00f6n, Ines!):<\/p>\n<p style=\"text-align: center;\"><a href=\"https:\/\/www.marvinchen.de\/olgas_welt\/blog\/wp-content\/uploads\/2015\/07\/FB-von-Ines-5.jpg\"><img loading=\"lazy\" decoding=\"async\" class=\"aligncenter wp-image-3283\" src=\"https:\/\/www.marvinchen.de\/olgas_welt\/blog\/wp-content\/uploads\/2015\/07\/FB-von-Ines-5.jpg\" alt=\"FB-von-Ines-5\" width=\"420\" height=\"630\" srcset=\"https:\/\/www.marvinchen.de\/olgas_welt\/blog\/wp-content\/uploads\/2015\/07\/FB-von-Ines-5.jpg 550w, https:\/\/www.marvinchen.de\/olgas_welt\/blog\/wp-content\/uploads\/2015\/07\/FB-von-Ines-5-300x450.jpg 300w, https:\/\/www.marvinchen.de\/olgas_welt\/blog\/wp-content\/uploads\/2015\/07\/FB-von-Ines-5-533x800.jpg 533w\" sizes=\"auto, (max-width: 420px) 100vw, 420px\" \/><\/a><\/p>\n<p>Trotzdem wir uns eigentlich immer im Schatten aufhielten, habe ich wie jedes Jahr den Sommer mit einem Sonnenbrand begonnen &#8230;\u00a0diesmal hat es besonders meine linke Schulter getroffen\u00a0\u00a0\u00a0\u00a0:erroeten:<br \/>\nAber inzwischen ist davon kaum noch etwas zu sehen\u00a0\u00a0\u00a0 \ud83d\ude42\u00a0\u00a0\u00a0 und was ist ein kleiner roter Hautfleck im Vergleich zu einem fabelhaften Sommertag und einer\u00a0unvergesslichen Feier\u00a0\u00a0\u00a0 \ud83d\ude00 !<\/p>\n","protected":false},"excerpt":{"rendered":"<p>Das sommerliche Wochenende habe ich nat\u00fcrlich nicht zu Hause, sondern drau\u00dfen verbracht. Es war ja ohnehin schon seit Langem komplett\u00a0verplant\u00a0\u00a0\u00a0 \ud83d\ude09 Aber mein\u00a0fr\u00fchestes Highlight der vergangenen\u00a0Woche hatte ich bereits am Dienstag. Denn da ging mein erster VHS-Russischkurs f\u00fcr Anf\u00e4nger (vorerst) zu Ende. Ich bin echt stolz auf &#8222;meine&#8220; Gruppe, denn das Gros von ihnen\u00a0ist tats\u00e4chlich [&hellip;]<\/p>\n","protected":false},"author":3,"featured_media":0,"comment_status":"open","ping_status":"closed","sticky":false,"template":"","format":"standard","meta":{"ngg_post_thumbnail":0,"footnotes":""},"categories":[5,822,4,7,17,1],"tags":[56,14,1116,293,85,638,716,584,853,1088,13,33,567,564],"class_list":["post-3276","post","type-post","status-publish","format-standard","hentry","category-essen-und-trinken","category-fotografie-und-photoshop","category-freud-und-leid","category-freunde-und-co","category-kauderwelsch-und-muttersprache","category-olca-und-stan","tag-anna","tag-carsten","tag-daniel","tag-feier","tag-ferien","tag-fotografie","tag-fotografieren","tag-hochzeit","tag-ines","tag-manu","tag-olga","tag-russisch","tag-sommer","tag-vhs"],"_links":{"self":[{"href":"https:\/\/www.marvinchen.de\/olgas_welt\/blog\/wp-json\/wp\/v2\/posts\/3276","targetHints":{"allow":["GET"]}}],"collection":[{"href":"https:\/\/www.marvinchen.de\/olgas_welt\/blog\/wp-json\/wp\/v2\/posts"}],"about":[{"href":"https:\/\/www.marvinchen.de\/olgas_welt\/blog\/wp-json\/wp\/v2\/types\/post"}],"author":[{"embeddable":true,"href":"https:\/\/www.marvinchen.de\/olgas_welt\/blog\/wp-json\/wp\/v2\/users\/3"}],"replies":[{"embeddable":true,"href":"https:\/\/www.marvinchen.de\/olgas_welt\/blog\/wp-json\/wp\/v2\/comments?post=3276"}],"version-history":[{"count":0,"href":"https:\/\/www.marvinchen.de\/olgas_welt\/blog\/wp-json\/wp\/v2\/posts\/3276\/revisions"}],"wp:attachment":[{"href":"https:\/\/www.marvinchen.de\/olgas_welt\/blog\/wp-json\/wp\/v2\/media?parent=3276"}],"wp:term":[{"taxonomy":"category","embeddable":true,"href":"https:\/\/www.marvinchen.de\/olgas_welt\/blog\/wp-json\/wp\/v2\/categories?post=3276"},{"taxonomy":"post_tag","embeddable":true,"href":"https:\/\/www.marvinchen.de\/olgas_welt\/blog\/wp-json\/wp\/v2\/tags?post=3276"}],"curies":[{"name":"wp","href":"https:\/\/api.w.org\/{rel}","templated":true}]}}