{"id":3309,"date":"2015-07-19T21:40:55","date_gmt":"2015-07-19T19:40:55","guid":{"rendered":"http:\/\/www.marvinchen.de\/olgas_welt\/blog\/?p=3309"},"modified":"2015-07-19T21:40:55","modified_gmt":"2015-07-19T19:40:55","slug":"so-viel-erlebt","status":"publish","type":"post","link":"https:\/\/www.marvinchen.de\/olgas_welt\/blog\/2015\/07\/so-viel-erlebt\/","title":{"rendered":"So viel erlebt!"},"content":{"rendered":"<p>Die Woche verging wieder mal wie im Fluge! Auf Arbeit hatte ich erneut beide H\u00e4nde voll zu tun, meine Kunden scheinen das Wort &#8222;Urlaub&#8220; nicht mehr in ihrem Wortschatz zu haben\u00a0\u00a0\u00a0 \ud83d\ude09\u00a0\u00a0\u00a0 daf\u00fcr waren die Abende einfach fantastisch und ich habe in den vergangenen Tagen so viel Sch\u00f6nes erleben d\u00fcrfen!<\/p>\n<p>Am Montag gingen Carsten und ich ins Kino &#8211; der neue <a href=\"https:\/\/www.youtube.com\/watch?v=jNU_jrPxs-0\" target=\"_blank\">Terminator: Genisys<\/a>\u00a0ist f\u00fcr uns ein Muss gewesen\u00a0\u00a0\u00a0 \ud83d\ude00\u00a0\u00a0\u00a0\u00a0<br \/>\nDa wir uns die 3D-Vorstellung ersparen wollten, entschieden wir uns gleich f\u00fcr eine OV-Vorstellung. Unser Englisch m\u00fcsste ja gut genug sein f\u00fcr die Streifen dieser Art, denn schlie\u00dflich waren schon die vier Vorg\u00e4nger (wurden am Wochenende davor in der Originalversion auf DVD angeguckt) nicht durch\u00a0besonders tiefsinnige Dialoge aufgefallen\u00a0\u00a0\u00a0 \ud83d\ude09<br \/>\nAber im Terminator 5 kamen ja regelrechte Vortr\u00e4ge zustande! Tiefsinnig waren sie dennoch nicht &#8211; so viel haben wir schon verstanden. Unsere Erwartungen an den Film waren nicht sonderlich hoch und diese hat er auf jeden Fall\u00a0erf\u00fcllt\u00a0\u00a0\u00a0 \ud83d\ude09<\/p>\n<p>Der Dienstagabend war schon seit Wochen daf\u00fcr vorgesehen, mit Ines und Torsten in einen Biergarten zu gehen. Der Wettergott hat uns am besagten Tag stundenlang\u00a0beweisen wollen, dass er uns das nicht g\u00f6nnen mag, denn es hat tags\u00fcber\u00a0immer wieder geregnet. Aber am Abend zeigte sich das Wetter von\u00a0seiner Sonnenseite und wir genossen nicht nur ein Bierchen, sondern auch \u00e4u\u00dferst leckeres Essen im kleinen \u00d6rtchen Hartha. Das Restaurant <a href=\"http:\/\/www.kurplatzcafe.de\/\" target=\"_blank\">Cafe am Kurplatz<\/a> kann ich nicht\u00a0nur f\u00fcr laue Sommerabende w\u00e4rmstens empfehlen, auch drinnen\u00a0ist das\u00a0richtig gem\u00fctlich!<\/p>\n<p>Am Donnerstag gab es leckeres Essen bei meiner besten Freundin Anna &#8211;\u00a0sie hat uns schon lange von ihren <a href=\"http:\/\/linscookingskills.blogspot.de\/2013\/09\/beljaschi-russische-gefullte.html\" target=\"_blank\">Beljaschi <\/a>vorgeschw\u00e4rmt und\u00a0nun war sie dran, sie f\u00fcr uns zuzubereiten. Die gebratenen, mit Hackfleisch gef\u00fcllten Teigtaschen waren in der Tat sehr lecker!!! Und f\u00fcr mich war das au\u00dferdem ein quasi Kindheitserinnerungsesssen\u00a0\u00a0\u00a0 \ud83d\ude42<\/p>\n<p>Am Samstag gingen Carsten und ich zum Festival\u00a0<a href=\"http:\/\/artderkultur.de\/index.php\/menuud\" target=\"_blank\">Umsonst &amp; Drau\u00dfen<\/a>. Der Name war\u00a0Programm &#8211; es\u00a0fand im <a href=\"http:\/\/wikimapia.org\/10555709\/de\/Hechtpark\" target=\"_blank\">Hechtpark<\/a> statt und man zahlte keinen Eintritt.<\/p>\n<p style=\"text-align: center;\"><a href=\"https:\/\/www.marvinchen.de\/olgas_welt\/blog\/wp-content\/uploads\/2015\/07\/IMG_0001.jpg\"><img loading=\"lazy\" decoding=\"async\" class=\"aligncenter wp-image-3310\" src=\"https:\/\/www.marvinchen.de\/olgas_welt\/blog\/wp-content\/uploads\/2015\/07\/IMG_0001.jpg\" alt=\"IMG_0001\" width=\"560\" height=\"373\" srcset=\"https:\/\/www.marvinchen.de\/olgas_welt\/blog\/wp-content\/uploads\/2015\/07\/IMG_0001.jpg 800w, https:\/\/www.marvinchen.de\/olgas_welt\/blog\/wp-content\/uploads\/2015\/07\/IMG_0001-300x200.jpg 300w\" sizes=\"auto, (max-width: 560px) 100vw, 560px\" \/><\/a><\/p>\n<p>Es gab auch Essen und Musik, aber wir sind\u00a0vorrangig wegen der Lesung von den\u00a0<a href=\"http:\/\/phrase4.de\/\" target=\"_blank\">Autoren der Phrase4<\/a> da gewesen &#8211; was soll ich machen, ich bin ein wenig s\u00fcchtig nach den Kurzgeschichten dieser\u00a0vier\u00a0\u00a0\u00a0 \ud83d\ude09\u00a0\u00a0\u00a0\u00a0Als Gastleserin war diesmal <a href=\"http:\/\/www.amazon.de\/Herzeigen-Bonny-Lycen-Henze\/dp\/386468143X\" target=\"_blank\">Bonny-Lycen Henze<\/a> dabei. Sie hat uns sehr beeindruckt, denn sie las ca. 10 Minuten lang ihr Gedicht nicht vom Papier ab, sondern trug es aus dem Ged\u00e4chtnis vor\u00a0&#8211; das war echt super! Viel Spa\u00df bei der Lesung hatten nicht nur die Zuh\u00f6rer, sondern auch die Autoren selbst, die sich auf ihrer hei\u00dfgeliebten Couch, welche extra f\u00fcr die Veranstaltung auf die B\u00fchne gestellt wurde, sehr wohl f\u00fchlten:<\/p>\n<p style=\"text-align: center;\"><a href=\"https:\/\/www.marvinchen.de\/olgas_welt\/blog\/wp-content\/uploads\/2015\/07\/IMG_0183.jpg\"><img loading=\"lazy\" decoding=\"async\" class=\"aligncenter wp-image-3311\" src=\"https:\/\/www.marvinchen.de\/olgas_welt\/blog\/wp-content\/uploads\/2015\/07\/IMG_0183.jpg\" alt=\"IMG_0183\" width=\"560\" height=\"373\" srcset=\"https:\/\/www.marvinchen.de\/olgas_welt\/blog\/wp-content\/uploads\/2015\/07\/IMG_0183.jpg 800w, https:\/\/www.marvinchen.de\/olgas_welt\/blog\/wp-content\/uploads\/2015\/07\/IMG_0183-300x200.jpg 300w\" sizes=\"auto, (max-width: 560px) 100vw, 560px\" \/><\/a><\/p>\n<p>F\u00fcr den heutigen Sonntag hatten Carsten und ich eigentlich eine Ganztagswanderung zur <a href=\"https:\/\/de.wikipedia.org\/wiki\/Schneekoppe\" target=\"_blank\">Schneekoppe<\/a> geplant und uns als Begleitung f\u00fcr diese Tour Anna mit ihrem Hund Leon &#8222;gesichert&#8220;. Nun bekomme ich allm\u00e4hlich das Gef\u00fchl, dass der Berg\u00a0von uns gar nicht erobert werden will, denn wir hatten schon im <a href=\"https:\/\/www.marvinchen.de\/olgas_welt\/blog\/2015\/02\/der-9-hochzeitstag\/\" target=\"_blank\">Februar<\/a>\u00a0kein Gl\u00fcck mit dem Wetter f\u00fcr einen Aufstieg und auch diesmal machte\u00a0uns die Wettervorhersage\u00a0keine Hoffnung auf einen sch\u00f6nen Wandertag\u00a0\u00a0\u00a0 \ud83d\ude41\u00a0\u00a0\u00a0\u00a0Aus diesem Grund haben wir unser Ziel kurzfristig umdisponiert und fuhren heute\u00a0nach Tschechien statt nach Polen, da wir festgestellt haben, dass Anna noch nie\u00a0die Gegend\u00a0um die\u00a0Tyssaer W\u00e4nden gesehen hat.<\/p>\n<p>Es wurde ein echt toller Ausflug! Unsere\u00a0Security passte sehr gut auf uns auf, selbst als wir zwei M\u00e4dels (mithilfe meines starken Mannes\u00a0\u00a0\u00a0 \ud83d\ude09\u00a0\u00a0\u00a0 )\u00a0es uns auf einem Baum gem\u00fctlich gemacht haben, um ein Becherchen Prosecco zu genie\u00dfen:<\/p>\n<p style=\"text-align: center;\"><a href=\"https:\/\/www.marvinchen.de\/olgas_welt\/blog\/wp-content\/uploads\/2015\/07\/IMG_0216.jpg\"><img loading=\"lazy\" decoding=\"async\" class=\"aligncenter wp-image-3312\" src=\"https:\/\/www.marvinchen.de\/olgas_welt\/blog\/wp-content\/uploads\/2015\/07\/IMG_0216.jpg\" alt=\"IMG_0216\" width=\"560\" height=\"420\" srcset=\"https:\/\/www.marvinchen.de\/olgas_welt\/blog\/wp-content\/uploads\/2015\/07\/IMG_0216.jpg 800w, https:\/\/www.marvinchen.de\/olgas_welt\/blog\/wp-content\/uploads\/2015\/07\/IMG_0216-300x225.jpg 300w\" sizes=\"auto, (max-width: 560px) 100vw, 560px\" \/><\/a><\/p>\n<p>Das war schlicht und einfach ein traumhaft sch\u00f6ner Tag und damit ein perfekter Abschlu\u00df einer erlebnisreichen Woche!<\/p>\n<p style=\"text-align: center;\"><a href=\"https:\/\/www.marvinchen.de\/olgas_welt\/blog\/wp-content\/uploads\/2015\/07\/IMG_0142.jpg\"><img loading=\"lazy\" decoding=\"async\" class=\"aligncenter wp-image-3313\" src=\"https:\/\/www.marvinchen.de\/olgas_welt\/blog\/wp-content\/uploads\/2015\/07\/IMG_0142.jpg\" alt=\"IMG_0142\" width=\"560\" height=\"420\" srcset=\"https:\/\/www.marvinchen.de\/olgas_welt\/blog\/wp-content\/uploads\/2015\/07\/IMG_0142.jpg 800w, https:\/\/www.marvinchen.de\/olgas_welt\/blog\/wp-content\/uploads\/2015\/07\/IMG_0142-300x225.jpg 300w\" sizes=\"auto, (max-width: 560px) 100vw, 560px\" \/><\/a><\/p>\n<p>In der kommenden Woche habe ich nicht mehr so viele Termine &#8230;\u00a0es wird ja\u00a0langsam Zeit, auch ein paar liegengebliebene Sachen wieder aufzuarbeiten\u00a0\u00a0\u00a0 \ud83d\ude09<\/p>\n","protected":false},"excerpt":{"rendered":"<p>Die Woche verging wieder mal wie im Fluge! Auf Arbeit hatte ich erneut beide H\u00e4nde voll zu tun, meine Kunden scheinen das Wort &#8222;Urlaub&#8220; nicht mehr in ihrem Wortschatz zu haben\u00a0\u00a0\u00a0 \ud83d\ude09\u00a0\u00a0\u00a0 daf\u00fcr waren die Abende einfach fantastisch und ich habe in den vergangenen Tagen so viel Sch\u00f6nes erleben d\u00fcrfen! Am Montag gingen Carsten und [&hellip;]<\/p>\n","protected":false},"author":3,"featured_media":0,"comment_status":"open","ping_status":"closed","sticky":false,"template":"","format":"standard","meta":{"ngg_post_thumbnail":0,"footnotes":""},"categories":[3,5,12,4,7,17,1],"tags":[56,14,74,260,52,853,1029,354,832,518,13,941,23,567,1121,1122,248,946],"class_list":["post-3309","post","type-post","status-publish","format-standard","hentry","category-ausfluege-und-reisen","category-essen-und-trinken","category-film-und-fernsehen","category-freud-und-leid","category-freunde-und-co","category-kauderwelsch-und-muttersprache","category-olca-und-stan","tag-anna","tag-carsten","tag-englisch","tag-essen","tag-film","tag-ines","tag-ines-und-torsten","tag-kino","tag-leon","tag-lesung","tag-olga","tag-phrase4","tag-polen","tag-sommer","tag-tschechien","tag-tyssaer-waende","tag-wandern","tag-wanderung"],"_links":{"self":[{"href":"https:\/\/www.marvinchen.de\/olgas_welt\/blog\/wp-json\/wp\/v2\/posts\/3309","targetHints":{"allow":["GET"]}}],"collection":[{"href":"https:\/\/www.marvinchen.de\/olgas_welt\/blog\/wp-json\/wp\/v2\/posts"}],"about":[{"href":"https:\/\/www.marvinchen.de\/olgas_welt\/blog\/wp-json\/wp\/v2\/types\/post"}],"author":[{"embeddable":true,"href":"https:\/\/www.marvinchen.de\/olgas_welt\/blog\/wp-json\/wp\/v2\/users\/3"}],"replies":[{"embeddable":true,"href":"https:\/\/www.marvinchen.de\/olgas_welt\/blog\/wp-json\/wp\/v2\/comments?post=3309"}],"version-history":[{"count":0,"href":"https:\/\/www.marvinchen.de\/olgas_welt\/blog\/wp-json\/wp\/v2\/posts\/3309\/revisions"}],"wp:attachment":[{"href":"https:\/\/www.marvinchen.de\/olgas_welt\/blog\/wp-json\/wp\/v2\/media?parent=3309"}],"wp:term":[{"taxonomy":"category","embeddable":true,"href":"https:\/\/www.marvinchen.de\/olgas_welt\/blog\/wp-json\/wp\/v2\/categories?post=3309"},{"taxonomy":"post_tag","embeddable":true,"href":"https:\/\/www.marvinchen.de\/olgas_welt\/blog\/wp-json\/wp\/v2\/tags?post=3309"}],"curies":[{"name":"wp","href":"https:\/\/api.w.org\/{rel}","templated":true}]}}