{"id":3322,"date":"2015-08-04T19:28:45","date_gmt":"2015-08-04T17:28:45","guid":{"rendered":"http:\/\/www.marvinchen.de\/olgas_welt\/blog\/?p=3322"},"modified":"2015-08-04T19:42:14","modified_gmt":"2015-08-04T17:42:14","slug":"das-leben-ist-nicht-jugendfrei","status":"publish","type":"post","link":"https:\/\/www.marvinchen.de\/olgas_welt\/blog\/2015\/08\/das-leben-ist-nicht-jugendfrei\/","title":{"rendered":"Das Leben ist nicht jugendfrei"},"content":{"rendered":"<p>Am vergangenen Wochenende haben Carsten und ich festgestellt, dass es v\u00f6llig egal ist, was man macht und tut &#8211; das Leben der Erwachsenen ist und bleibt nicht jugendfrei\u00a0\u00a0\u00a0 \ud83d\ude09 \u00a0 \u00a0die Jugend ist n\u00e4mlich \u00fcberall \u00a0 \u00a0\ud83d\ude09<\/p>\n<p>Zum Beispiel haben wir am Samstag Carstens Geburtstagsgeschenk &#8211; ein Schnupperkurs im <a href=\"http:\/\/www.gleitschirmzentrumdresden.de\/reload.html?\/gleitschirmzentrumdresden.html\" target=\"_blank\">Gleitschirmzentrum<\/a>\u00a0&#8211; eingel\u00f6st. Wir waren wohl die \u00e4ltesten Teilnehmer an diesem Tag, nur die Kursleiter waren in etwa unsere Altersklasse. Ja, ich war auch zu dem Kurs angemeldet, man muss ja schlie\u00dflich so viel wie es geht selber ausprobieren &#8230; solange es noch geht\u00a0\u00a0\u00a0 \ud83d\ude09<br \/>\nSchon\u00a0unsere Mitfahrer, welche wir in unserem Wagen zur Flugwiese mitgenommen haben,\u00a0waren zwei Studenten und ein Sch\u00fcler der 9. Klasse &#8211; der Rest der Mitflieger war zumindest optisch genau so alt\u00a0\u00a0\u00a0 \ud83d\ude42<br \/>\nAber das hat uns ja wie immer nicht gest\u00f6rt\u00a0\u00a0\u00a0 \ud83d\ude09 \u00a0 \u00a0Carsten legte als erster von uns beiden\u00a0los:<\/p>\n<p style=\"text-align: center\"><a href=\"https:\/\/www.marvinchen.de\/olgas_welt\/blog\/wp-content\/uploads\/2015\/08\/IMG_0056.jpg\"><img loading=\"lazy\" decoding=\"async\" class=\"aligncenter wp-image-3323\" src=\"https:\/\/www.marvinchen.de\/olgas_welt\/blog\/wp-content\/uploads\/2015\/08\/IMG_0056.jpg\" alt=\"IMG_0056\" width=\"560\" height=\"420\" srcset=\"https:\/\/www.marvinchen.de\/olgas_welt\/blog\/wp-content\/uploads\/2015\/08\/IMG_0056.jpg 800w, https:\/\/www.marvinchen.de\/olgas_welt\/blog\/wp-content\/uploads\/2015\/08\/IMG_0056-300x225.jpg 300w\" sizes=\"auto, (max-width: 560px) 100vw, 560px\" \/><\/a><\/p>\n<p>Und ist sogar ein kleines bisschen geflogen:<\/p>\n<p style=\"text-align: center\"><a href=\"https:\/\/www.marvinchen.de\/olgas_welt\/blog\/wp-content\/uploads\/2015\/08\/IMG_0116.jpg\"><img loading=\"lazy\" decoding=\"async\" class=\"aligncenter wp-image-3324\" src=\"https:\/\/www.marvinchen.de\/olgas_welt\/blog\/wp-content\/uploads\/2015\/08\/IMG_0116.jpg\" alt=\"IMG_0116\" width=\"560\" height=\"420\" srcset=\"https:\/\/www.marvinchen.de\/olgas_welt\/blog\/wp-content\/uploads\/2015\/08\/IMG_0116.jpg 800w, https:\/\/www.marvinchen.de\/olgas_welt\/blog\/wp-content\/uploads\/2015\/08\/IMG_0116-300x225.jpg 300w\" sizes=\"auto, (max-width: 560px) 100vw, 560px\" \/><\/a><\/p>\n<p>Bei mir hat der Wind nicht so gut mitgespielt, ich durfte nur rennen\u00a0\u00a0\u00a0 \ud83d\ude00<\/p>\n<p style=\"text-align: center\"><a href=\"https:\/\/www.marvinchen.de\/olgas_welt\/blog\/wp-content\/uploads\/2015\/08\/IMG_0072.jpg\"><img loading=\"lazy\" decoding=\"async\" class=\"aligncenter wp-image-3325\" src=\"https:\/\/www.marvinchen.de\/olgas_welt\/blog\/wp-content\/uploads\/2015\/08\/IMG_0072.jpg\" alt=\"IMG_0072\" width=\"560\" height=\"420\" srcset=\"https:\/\/www.marvinchen.de\/olgas_welt\/blog\/wp-content\/uploads\/2015\/08\/IMG_0072.jpg 800w, https:\/\/www.marvinchen.de\/olgas_welt\/blog\/wp-content\/uploads\/2015\/08\/IMG_0072-300x225.jpg 300w\" sizes=\"auto, (max-width: 560px) 100vw, 560px\" \/><\/a><\/p>\n<p>Es war im Grunde genommen wie beim Schlittenfahren: nach unten ging es schnell und machte Spa\u00df und den H\u00fcgel wieder hinauf zu stapfen, war da schon etwas m\u00fchsamer:<\/p>\n<p style=\"text-align: center\"><a href=\"https:\/\/www.marvinchen.de\/olgas_welt\/blog\/wp-content\/uploads\/2015\/08\/IMG_0132.jpg\"><img loading=\"lazy\" decoding=\"async\" class=\"aligncenter wp-image-3326\" src=\"https:\/\/www.marvinchen.de\/olgas_welt\/blog\/wp-content\/uploads\/2015\/08\/IMG_0132.jpg\" alt=\"IMG_0132\" width=\"420\" height=\"560\" srcset=\"https:\/\/www.marvinchen.de\/olgas_welt\/blog\/wp-content\/uploads\/2015\/08\/IMG_0132.jpg 600w, https:\/\/www.marvinchen.de\/olgas_welt\/blog\/wp-content\/uploads\/2015\/08\/IMG_0132-300x400.jpg 300w\" sizes=\"auto, (max-width: 420px) 100vw, 420px\" \/><\/a><\/p>\n<p>Ich w\u00fcrde au\u00dferdem allen Gleitschirminteressenten dazu raten, beim Schnupperkurs lang\u00e4rmlige Kleidung zu tragen, damit die Arme\u00a0am Ende des Tages nicht so aussehen wie meine \u00a0 \u00a0\ud83d\ude09<br \/>\nWenn sich die Stricke des Gleitschirms beim Aufbl\u00e4hen des Stoffs\u00a0anspannen, dann streifen sie eben ganz kr\u00e4ftig an den Oberarmen.<\/p>\n<p style=\"text-align: center\"><a href=\"https:\/\/www.marvinchen.de\/olgas_welt\/blog\/wp-content\/uploads\/2015\/08\/IMG_0173.jpg\"><img loading=\"lazy\" decoding=\"async\" class=\"aligncenter wp-image-3327\" src=\"https:\/\/www.marvinchen.de\/olgas_welt\/blog\/wp-content\/uploads\/2015\/08\/IMG_0173.jpg\" alt=\"IMG_0173\" width=\"560\" height=\"420\" srcset=\"https:\/\/www.marvinchen.de\/olgas_welt\/blog\/wp-content\/uploads\/2015\/08\/IMG_0173.jpg 800w, https:\/\/www.marvinchen.de\/olgas_welt\/blog\/wp-content\/uploads\/2015\/08\/IMG_0173-300x225.jpg 300w\" sizes=\"auto, (max-width: 560px) 100vw, 560px\" \/><\/a><\/p>\n<p>Ansonsten war das schon ein echt au\u00dfergew\u00f6hnliches Erlebnis. Dennoch glaube ich nicht, dass es unser Dauerhobby wird, denn daf\u00fcr ist man zu sehr vom Wind abh\u00e4ngig &#8230;<\/p>\n<p>Aber zur\u00fcck zur Jugend\u00a0\u00a0\u00a0 \ud83d\ude00 \u00a0 \u00a0&#8211;&gt; gleich nach dem Schnupperkurs trafen wir uns mit Couchsurfern aus Nowosibirsk. Ivan ist erst 18 und Julia ist 19 Jahre alt. Aber sie haben \u00fcber das Internet so nett angefragt, dass ich einfach nicht &#8222;nein&#8220; sagen konnte\u00a0\u00a0\u00a0 \ud83d\ude09 \u00a0 \u00a0sind sie nicht knuffig?<\/p>\n<p style=\"text-align: center\"><a href=\"https:\/\/www.marvinchen.de\/olgas_welt\/blog\/wp-content\/uploads\/2015\/08\/IMG_0173-1.jpg\"><img loading=\"lazy\" decoding=\"async\" class=\"aligncenter wp-image-3328\" src=\"https:\/\/www.marvinchen.de\/olgas_welt\/blog\/wp-content\/uploads\/2015\/08\/IMG_0173-1.jpg\" alt=\"IMG_0173-1\" width=\"560\" height=\"420\" srcset=\"https:\/\/www.marvinchen.de\/olgas_welt\/blog\/wp-content\/uploads\/2015\/08\/IMG_0173-1.jpg 800w, https:\/\/www.marvinchen.de\/olgas_welt\/blog\/wp-content\/uploads\/2015\/08\/IMG_0173-1-300x225.jpg 300w\" sizes=\"auto, (max-width: 560px) 100vw, 560px\" \/><\/a><\/p>\n<p>Man beachte \u00fcbrigens\u00a0unter anderem den Farbunterschied bei den Gesichtern von uns &#8211; nach mehreren Stunden an einem Flug\u00fcbungshang mit voller Sonneneinstrahlung &#8211; und von ihnen \u00a0 \u00a0\ud83d\ude09<br \/>\nBesonders aus mir w\u00e4re bestimmt eine tolle Indianerin geworden \u00a0 \u00a0\ud83d\ude09<br \/>\nNach der St\u00e4rkung bei unserem Haus- und Hofd\u00f6nermann zeigten wir den Beiden noch die Altstadt von Dresden. Am Sonntag besuchten wir mit unseren G\u00e4sten zuerst die <a href=\"http:\/\/www.oberelbe.de\/tourismus\/wandern\/bastei.html\" target=\"_blank\">Bastei<\/a>\u00a0und danach marschierten wir auf das Plateau vom\u00a0<a href=\"http:\/\/www.saechsische-schweiz.de\/urlaubsthemen\/aktivurlaub\/wandern\/rundwandertouren\/wanderung-zum-lilienstein.html\" target=\"_blank\">Lilienstein<\/a>.<\/p>\n<p style=\"text-align: center\"><a href=\"https:\/\/www.marvinchen.de\/olgas_welt\/blog\/wp-content\/uploads\/2015\/08\/IMG_0391.jpg\"><img loading=\"lazy\" decoding=\"async\" class=\"aligncenter wp-image-3329\" src=\"https:\/\/www.marvinchen.de\/olgas_welt\/blog\/wp-content\/uploads\/2015\/08\/IMG_0391.jpg\" alt=\"IMG_0391\" width=\"560\" height=\"420\" srcset=\"https:\/\/www.marvinchen.de\/olgas_welt\/blog\/wp-content\/uploads\/2015\/08\/IMG_0391.jpg 800w, https:\/\/www.marvinchen.de\/olgas_welt\/blog\/wp-content\/uploads\/2015\/08\/IMG_0391-300x225.jpg 300w\" sizes=\"auto, (max-width: 560px) 100vw, 560px\" \/><\/a><\/p>\n<p>Als Sahneh\u00e4ubchen f\u00fcr unsere kleinen Wanderfreunde gab es noch einen Ausflug zum <a href=\"http:\/\/www.saechsische-schweiz.de\/urlaubsthemen\/aktivurlaub\/wandern\/wandern-ohne-hindernisse\/wandern-mit-kindern\/felsenlabyrinth.html\" target=\"_blank\">Felsenlabyrinth<\/a>.\u00a0Da es bereits sp\u00e4ter Nachmittag war, hatten wir alle Felsen allein f\u00fcr uns und besonders Ivan bl\u00fchte dort richtig auf. Erst kurz nach Mitternacht haben wir die beiden Reisenden an ein vorher kontaktiertes Mitnahmeauto \u00fcbergeben, welches sie dann noch nach Prag brachte.<\/p>\n<p>Das war eigentlich das erste Mal, dass mich Couchsurfer von Anfang bis Ende gesiezt haben\u00a0\u00a0\u00a0 :unschuldig: \u00a0 \u00a0es ist zwar ein seltsames Gef\u00fchl, aber man kann es nicht abstreiten: ich bin so alt wie ihre M\u00fctter \u00a0 \u00a0\ud83d\ude09<\/p>\n<p>Jedenfalls, ihr merkt, es war tats\u00e4chlich ein jugendvolles und keinesfalls jugendfreies Wochenende, nicht wahr?<\/p>\n","protected":false},"excerpt":{"rendered":"<p>Am vergangenen Wochenende haben Carsten und ich festgestellt, dass es v\u00f6llig egal ist, was man macht und tut &#8211; das Leben der Erwachsenen ist und bleibt nicht jugendfrei\u00a0\u00a0\u00a0 \ud83d\ude09 \u00a0 \u00a0die Jugend ist n\u00e4mlich \u00fcberall \u00a0 \u00a0\ud83d\ude09 Zum Beispiel haben wir am Samstag Carstens Geburtstagsgeschenk &#8211; ein Schnupperkurs im Gleitschirmzentrum\u00a0&#8211; eingel\u00f6st. Wir waren wohl die [&hellip;]<\/p>\n","protected":false},"author":3,"featured_media":0,"comment_status":"open","ping_status":"closed","sticky":false,"template":"","format":"standard","meta":{"ngg_post_thumbnail":0,"footnotes":""},"categories":[3,4,7,10,17],"tags":[1124,14,535,728,769,53,1125,217,13,33,773,1126,248,352],"class_list":["post-3322","post","type-post","status-publish","format-standard","hentry","category-ausfluege-und-reisen","category-freud-und-leid","category-freunde-und-co","category-hc-und-cs","category-kauderwelsch-und-muttersprache","tag-bastei","tag-carsten","tag-couchsurfing","tag-felsenlabyrinth","tag-fliegen","tag-geburtstag","tag-gleitschirm","tag-lilienstein","tag-olga","tag-russisch","tag-sachsische-schweiz","tag-schnupperkurs","tag-wandern","tag-wochenende"],"_links":{"self":[{"href":"https:\/\/www.marvinchen.de\/olgas_welt\/blog\/wp-json\/wp\/v2\/posts\/3322","targetHints":{"allow":["GET"]}}],"collection":[{"href":"https:\/\/www.marvinchen.de\/olgas_welt\/blog\/wp-json\/wp\/v2\/posts"}],"about":[{"href":"https:\/\/www.marvinchen.de\/olgas_welt\/blog\/wp-json\/wp\/v2\/types\/post"}],"author":[{"embeddable":true,"href":"https:\/\/www.marvinchen.de\/olgas_welt\/blog\/wp-json\/wp\/v2\/users\/3"}],"replies":[{"embeddable":true,"href":"https:\/\/www.marvinchen.de\/olgas_welt\/blog\/wp-json\/wp\/v2\/comments?post=3322"}],"version-history":[{"count":0,"href":"https:\/\/www.marvinchen.de\/olgas_welt\/blog\/wp-json\/wp\/v2\/posts\/3322\/revisions"}],"wp:attachment":[{"href":"https:\/\/www.marvinchen.de\/olgas_welt\/blog\/wp-json\/wp\/v2\/media?parent=3322"}],"wp:term":[{"taxonomy":"category","embeddable":true,"href":"https:\/\/www.marvinchen.de\/olgas_welt\/blog\/wp-json\/wp\/v2\/categories?post=3322"},{"taxonomy":"post_tag","embeddable":true,"href":"https:\/\/www.marvinchen.de\/olgas_welt\/blog\/wp-json\/wp\/v2\/tags?post=3322"}],"curies":[{"name":"wp","href":"https:\/\/api.w.org\/{rel}","templated":true}]}}