{"id":3337,"date":"2015-08-17T18:18:13","date_gmt":"2015-08-17T16:18:13","guid":{"rendered":"http:\/\/www.marvinchen.de\/olgas_welt\/blog\/?p=3337"},"modified":"2015-08-17T18:18:13","modified_gmt":"2015-08-17T16:18:13","slug":"fotojahresplan-2015-friedhofsimpressionen","status":"publish","type":"post","link":"https:\/\/www.marvinchen.de\/olgas_welt\/blog\/2015\/08\/fotojahresplan-2015-friedhofsimpressionen\/","title":{"rendered":"Fotojahresplan 2015 &#8211; Friedhofsimpressionen"},"content":{"rendered":"<p>Schon seit sehr langer Zeit habe ich mein Interesse f\u00fcr Friedh\u00f6fe dieser Welt entdeckt und zum Gl\u00fcck teilt\u00a0auch Carsten diese etwas morbide Faszination. Nat\u00fcrlich ist das immer ein trauriger Ort, aber gleichzeitig strahlen die Friedh\u00f6fe so viel Ruhe und Mysterien aus &#8230;<\/p>\n<p style=\"text-align: center;\"><img loading=\"lazy\" decoding=\"async\" class=\"aligncenter wp-image-3338\" src=\"https:\/\/www.marvinchen.de\/olgas_welt\/blog\/wp-content\/uploads\/2015\/08\/IMG_0101.jpg\" alt=\"IMG_0101\" width=\"420\" height=\"630\" srcset=\"https:\/\/www.marvinchen.de\/olgas_welt\/blog\/wp-content\/uploads\/2015\/08\/IMG_0101.jpg 533w, https:\/\/www.marvinchen.de\/olgas_welt\/blog\/wp-content\/uploads\/2015\/08\/IMG_0101-300x450.jpg 300w\" sizes=\"auto, (max-width: 420px) 100vw, 420px\" \/><\/p>\n<p>Ich sehe an solchen Orten die normalen Sachen irgendwie aus einem andere Blickwinkel, da spielt wohl bestimmt auch mein Interesse f\u00fcr Mythologie und Symbolik eine gewisse Rolle. In vielen Kulturen werden V\u00f6gelchen als Symbol f\u00fcr die Seele angesehen:<\/p>\n<p style=\"text-align: center;\"><a href=\"https:\/\/www.marvinchen.de\/olgas_welt\/blog\/wp-content\/uploads\/2015\/08\/IMG_0067.jpg\"><img loading=\"lazy\" decoding=\"async\" class=\"aligncenter wp-image-3339\" src=\"https:\/\/www.marvinchen.de\/olgas_welt\/blog\/wp-content\/uploads\/2015\/08\/IMG_0067.jpg\" alt=\"IMG_0067\" width=\"420\" height=\"630\" srcset=\"https:\/\/www.marvinchen.de\/olgas_welt\/blog\/wp-content\/uploads\/2015\/08\/IMG_0067.jpg 533w, https:\/\/www.marvinchen.de\/olgas_welt\/blog\/wp-content\/uploads\/2015\/08\/IMG_0067-300x450.jpg 300w\" sizes=\"auto, (max-width: 420px) 100vw, 420px\" \/><\/a><\/p>\n<p>Ein Baum gilt als Verbindung zwischen Erde und Himmel:<\/p>\n<p style=\"text-align: center;\"><a href=\"https:\/\/www.marvinchen.de\/olgas_welt\/blog\/wp-content\/uploads\/2015\/08\/IMG_0103.jpg\"><img loading=\"lazy\" decoding=\"async\" class=\"aligncenter wp-image-3340\" src=\"https:\/\/www.marvinchen.de\/olgas_welt\/blog\/wp-content\/uploads\/2015\/08\/IMG_0103.jpg\" alt=\"IMG_0103\" width=\"560\" height=\"373\" srcset=\"https:\/\/www.marvinchen.de\/olgas_welt\/blog\/wp-content\/uploads\/2015\/08\/IMG_0103.jpg 800w, https:\/\/www.marvinchen.de\/olgas_welt\/blog\/wp-content\/uploads\/2015\/08\/IMG_0103-300x200.jpg 300w\" sizes=\"auto, (max-width: 560px) 100vw, 560px\" \/><\/a><\/p>\n<p>Selbst bei einer herausgefallenen Innenplatte eines gro\u00dfen Grabsteins auf dem Neuen J\u00fcdischen Friedhof\u00a0musste ich an ein Tor in die andere Welt denken:<\/p>\n<p style=\"text-align: center;\"><a href=\"https:\/\/www.marvinchen.de\/olgas_welt\/blog\/wp-content\/uploads\/2015\/08\/IMG_0059.jpg\"><img loading=\"lazy\" decoding=\"async\" class=\"aligncenter wp-image-3341\" src=\"https:\/\/www.marvinchen.de\/olgas_welt\/blog\/wp-content\/uploads\/2015\/08\/IMG_0059.jpg\" alt=\"IMG_0059\" width=\"560\" height=\"373\" srcset=\"https:\/\/www.marvinchen.de\/olgas_welt\/blog\/wp-content\/uploads\/2015\/08\/IMG_0059.jpg 800w, https:\/\/www.marvinchen.de\/olgas_welt\/blog\/wp-content\/uploads\/2015\/08\/IMG_0059-300x200.jpg 300w\" sizes=\"auto, (max-width: 560px) 100vw, 560px\" \/><\/a><\/p>\n<p>Eine allein liegende, abgebrochene Rose aus einem Trauergebinde lie\u00df mich unweigerlich an einen Verlust denken:<\/p>\n<p style=\"text-align: center;\"><a href=\"https:\/\/www.marvinchen.de\/olgas_welt\/blog\/wp-content\/uploads\/2015\/08\/IMG_0134.jpg\"><img loading=\"lazy\" decoding=\"async\" class=\"aligncenter wp-image-3342\" src=\"https:\/\/www.marvinchen.de\/olgas_welt\/blog\/wp-content\/uploads\/2015\/08\/IMG_0134.jpg\" alt=\"IMG_0134\" width=\"560\" height=\"373\" srcset=\"https:\/\/www.marvinchen.de\/olgas_welt\/blog\/wp-content\/uploads\/2015\/08\/IMG_0134.jpg 800w, https:\/\/www.marvinchen.de\/olgas_welt\/blog\/wp-content\/uploads\/2015\/08\/IMG_0134-300x200.jpg 300w\" sizes=\"auto, (max-width: 560px) 100vw, 560px\" \/><\/a><\/p>\n<p>Wenn ich frische Gr\u00e4ber sehe, geht es mir durch den Kopf, dass ich ein au\u00dfergew\u00f6hnlicher Gl\u00fcckspilz bin, weil ich noch leben darf:<\/p>\n<p style=\"text-align: center;\"><a href=\"https:\/\/www.marvinchen.de\/olgas_welt\/blog\/wp-content\/uploads\/2015\/08\/IMG_0031.jpg\"><img loading=\"lazy\" decoding=\"async\" class=\"aligncenter wp-image-3343\" src=\"https:\/\/www.marvinchen.de\/olgas_welt\/blog\/wp-content\/uploads\/2015\/08\/IMG_0031.jpg\" alt=\"IMG_0031\" width=\"560\" height=\"373\" srcset=\"https:\/\/www.marvinchen.de\/olgas_welt\/blog\/wp-content\/uploads\/2015\/08\/IMG_0031.jpg 800w, https:\/\/www.marvinchen.de\/olgas_welt\/blog\/wp-content\/uploads\/2015\/08\/IMG_0031-300x200.jpg 300w\" sizes=\"auto, (max-width: 560px) 100vw, 560px\" \/><\/a><\/p>\n<p>Und auch, weil ich von der Erfahrung, ein eigenes Kind zu beerdigen, bislang verschont geblieben bin und insgeheim hoffe, dass es auch so bleibt.<\/p>\n<p style=\"text-align: center;\"><a href=\"https:\/\/www.marvinchen.de\/olgas_welt\/blog\/wp-content\/uploads\/2015\/08\/IMG_0019.jpg\"><img loading=\"lazy\" decoding=\"async\" class=\"aligncenter wp-image-3344\" src=\"https:\/\/www.marvinchen.de\/olgas_welt\/blog\/wp-content\/uploads\/2015\/08\/IMG_0019.jpg\" alt=\"IMG_0019\" width=\"420\" height=\"630\" srcset=\"https:\/\/www.marvinchen.de\/olgas_welt\/blog\/wp-content\/uploads\/2015\/08\/IMG_0019.jpg 533w, https:\/\/www.marvinchen.de\/olgas_welt\/blog\/wp-content\/uploads\/2015\/08\/IMG_0019-300x450.jpg 300w\" sizes=\"auto, (max-width: 420px) 100vw, 420px\" \/><\/a><\/p>\n<p>Diese bunten, fr\u00f6hlich bemalten Steine markieren eine der schmerzlichsten Stelle meiner Rundg\u00e4nge &#8211; das Baby hat gerade mal 3 Monate gelebt&#8230;<\/p>\n<p style=\"text-align: center;\"><a href=\"https:\/\/www.marvinchen.de\/olgas_welt\/blog\/wp-content\/uploads\/2015\/08\/IMG_0007.jpg\"><img loading=\"lazy\" decoding=\"async\" class=\"aligncenter wp-image-3345\" src=\"https:\/\/www.marvinchen.de\/olgas_welt\/blog\/wp-content\/uploads\/2015\/08\/IMG_0007.jpg\" alt=\"IMG_0007\" width=\"560\" height=\"373\" srcset=\"https:\/\/www.marvinchen.de\/olgas_welt\/blog\/wp-content\/uploads\/2015\/08\/IMG_0007.jpg 800w, https:\/\/www.marvinchen.de\/olgas_welt\/blog\/wp-content\/uploads\/2015\/08\/IMG_0007-300x200.jpg 300w\" sizes=\"auto, (max-width: 560px) 100vw, 560px\" \/><\/a><\/p>\n<p>Die Menschen dr\u00fccken schon seit langer Zeit ihre Trauer mit ausdrucksstarken und sehr sch\u00f6nen Skulpturen aus, wobei man dabei wesentlich \u00f6fter weiblichen Gestalten begegnet als m\u00e4nnlichen:<\/p>\n<p style=\"text-align: center;\"><a href=\"https:\/\/www.marvinchen.de\/olgas_welt\/blog\/wp-content\/uploads\/2015\/08\/IMG_0159.jpg\"><img loading=\"lazy\" decoding=\"async\" class=\"aligncenter wp-image-3346\" src=\"https:\/\/www.marvinchen.de\/olgas_welt\/blog\/wp-content\/uploads\/2015\/08\/IMG_0159.jpg\" alt=\"IMG_0159\" width=\"420\" height=\"630\" srcset=\"https:\/\/www.marvinchen.de\/olgas_welt\/blog\/wp-content\/uploads\/2015\/08\/IMG_0159.jpg 533w, https:\/\/www.marvinchen.de\/olgas_welt\/blog\/wp-content\/uploads\/2015\/08\/IMG_0159-300x450.jpg 300w\" sizes=\"auto, (max-width: 420px) 100vw, 420px\" \/><\/a><\/p>\n<p>&nbsp;<\/p>\n<p style=\"text-align: center;\"><a href=\"https:\/\/www.marvinchen.de\/olgas_welt\/blog\/wp-content\/uploads\/2015\/08\/IMG_0020.jpg\"><img loading=\"lazy\" decoding=\"async\" class=\"aligncenter wp-image-3347\" src=\"https:\/\/www.marvinchen.de\/olgas_welt\/blog\/wp-content\/uploads\/2015\/08\/IMG_0020.jpg\" alt=\"IMG_0020\" width=\"420\" height=\"630\" srcset=\"https:\/\/www.marvinchen.de\/olgas_welt\/blog\/wp-content\/uploads\/2015\/08\/IMG_0020.jpg 533w, https:\/\/www.marvinchen.de\/olgas_welt\/blog\/wp-content\/uploads\/2015\/08\/IMG_0020-300x450.jpg 300w\" sizes=\"auto, (max-width: 420px) 100vw, 420px\" \/><\/a><\/p>\n<p>Ein\u00a0trauernder Mann wird etwas anders dargestellt:<\/p>\n<p style=\"text-align: center;\"><a href=\"https:\/\/www.marvinchen.de\/olgas_welt\/blog\/wp-content\/uploads\/2015\/08\/IMG_0047.jpg\"><img loading=\"lazy\" decoding=\"async\" class=\"aligncenter wp-image-3348\" src=\"https:\/\/www.marvinchen.de\/olgas_welt\/blog\/wp-content\/uploads\/2015\/08\/IMG_0047.jpg\" alt=\"IMG_0047\" width=\"560\" height=\"373\" srcset=\"https:\/\/www.marvinchen.de\/olgas_welt\/blog\/wp-content\/uploads\/2015\/08\/IMG_0047.jpg 800w, https:\/\/www.marvinchen.de\/olgas_welt\/blog\/wp-content\/uploads\/2015\/08\/IMG_0047-300x200.jpg 300w\" sizes=\"auto, (max-width: 560px) 100vw, 560px\" \/><\/a><\/p>\n<p>In der j\u00fcdischen Tradition geh\u00f6rt es dazu, auf dem Grabstein einen Kieselstein zu legen:<\/p>\n<p style=\"text-align: center;\"><a href=\"https:\/\/www.marvinchen.de\/olgas_welt\/blog\/wp-content\/uploads\/2015\/08\/IMG_0048-1.jpg\"><img loading=\"lazy\" decoding=\"async\" class=\"aligncenter wp-image-3349\" src=\"https:\/\/www.marvinchen.de\/olgas_welt\/blog\/wp-content\/uploads\/2015\/08\/IMG_0048-1.jpg\" alt=\"IMG_0048-1\" width=\"560\" height=\"373\" srcset=\"https:\/\/www.marvinchen.de\/olgas_welt\/blog\/wp-content\/uploads\/2015\/08\/IMG_0048-1.jpg 800w, https:\/\/www.marvinchen.de\/olgas_welt\/blog\/wp-content\/uploads\/2015\/08\/IMG_0048-1-300x200.jpg 300w\" sizes=\"auto, (max-width: 560px) 100vw, 560px\" \/><\/a><\/p>\n<p>Die Beigaben auf den christlichen Friedh\u00f6fen waren eher pers\u00f6nlicher Art. Manche Bergsteiger hatten z.B. ein Kletterseil mit Karabinerhaken dran oder gar ein Bergbuch, wenn junge Eltern aus dem Leben geschieden waren, hat man auf den Gr\u00e4bern Bilder ihrer Kinder gesehen und auch Spielsachen der Kinder:<\/p>\n<p style=\"text-align: center;\"><a href=\"https:\/\/www.marvinchen.de\/olgas_welt\/blog\/wp-content\/uploads\/2015\/08\/IMG_0154.jpg\"><img loading=\"lazy\" decoding=\"async\" class=\"aligncenter wp-image-3350\" src=\"https:\/\/www.marvinchen.de\/olgas_welt\/blog\/wp-content\/uploads\/2015\/08\/IMG_0154.jpg\" alt=\"IMG_0154\" width=\"560\" height=\"373\" srcset=\"https:\/\/www.marvinchen.de\/olgas_welt\/blog\/wp-content\/uploads\/2015\/08\/IMG_0154.jpg 800w, https:\/\/www.marvinchen.de\/olgas_welt\/blog\/wp-content\/uploads\/2015\/08\/IMG_0154-300x200.jpg 300w\" sizes=\"auto, (max-width: 560px) 100vw, 560px\" \/><\/a><\/p>\n<p>Auf dem sowjetischen Milit\u00e4rfriedhof durfte keiner aus der Reihe tanzen:<\/p>\n<p style=\"text-align: center;\"><a href=\"https:\/\/www.marvinchen.de\/olgas_welt\/blog\/wp-content\/uploads\/2015\/08\/IMG_0090.jpg\"><img loading=\"lazy\" decoding=\"async\" class=\"aligncenter wp-image-3351\" src=\"https:\/\/www.marvinchen.de\/olgas_welt\/blog\/wp-content\/uploads\/2015\/08\/IMG_0090.jpg\" alt=\"IMG_0090\" width=\"560\" height=\"373\" srcset=\"https:\/\/www.marvinchen.de\/olgas_welt\/blog\/wp-content\/uploads\/2015\/08\/IMG_0090.jpg 800w, https:\/\/www.marvinchen.de\/olgas_welt\/blog\/wp-content\/uploads\/2015\/08\/IMG_0090-300x200.jpg 300w\" sizes=\"auto, (max-width: 560px) 100vw, 560px\" \/><\/a><\/p>\n<p>Man hat dabei aber auch dem unbekannten Soldaten bedacht:<\/p>\n<p style=\"text-align: center;\"><a href=\"https:\/\/www.marvinchen.de\/olgas_welt\/blog\/wp-content\/uploads\/2015\/08\/IMG_0106.jpg\"><img loading=\"lazy\" decoding=\"async\" class=\"aligncenter wp-image-3352\" src=\"https:\/\/www.marvinchen.de\/olgas_welt\/blog\/wp-content\/uploads\/2015\/08\/IMG_0106.jpg\" alt=\"IMG_0106\" width=\"420\" height=\"630\" srcset=\"https:\/\/www.marvinchen.de\/olgas_welt\/blog\/wp-content\/uploads\/2015\/08\/IMG_0106.jpg 533w, https:\/\/www.marvinchen.de\/olgas_welt\/blog\/wp-content\/uploads\/2015\/08\/IMG_0106-300x450.jpg 300w\" sizes=\"auto, (max-width: 420px) 100vw, 420px\" \/><\/a><\/p>\n<p>Die Namenslosigkeit derer, welche auf solchen Anonymen Wiesen begraben sind, sind hoffentlich\u00a0noch zur ihren Lebzeiten von den Verstorbenen selbst gew\u00fcnscht worden:<\/p>\n<p style=\"text-align: center;\"><a href=\"https:\/\/www.marvinchen.de\/olgas_welt\/blog\/wp-content\/uploads\/2015\/08\/IMG_01321.jpg\"><img loading=\"lazy\" decoding=\"async\" class=\"aligncenter wp-image-3353\" src=\"https:\/\/www.marvinchen.de\/olgas_welt\/blog\/wp-content\/uploads\/2015\/08\/IMG_01321.jpg\" alt=\"IMG_0132\" width=\"560\" height=\"373\" srcset=\"https:\/\/www.marvinchen.de\/olgas_welt\/blog\/wp-content\/uploads\/2015\/08\/IMG_01321.jpg 800w, https:\/\/www.marvinchen.de\/olgas_welt\/blog\/wp-content\/uploads\/2015\/08\/IMG_01321-300x200.jpg 300w\" sizes=\"auto, (max-width: 560px) 100vw, 560px\" \/><\/a><\/p>\n<p>Und hier kam Asche zu Asche &#8230;<\/p>\n<p style=\"text-align: center;\"><a href=\"https:\/\/www.marvinchen.de\/olgas_welt\/blog\/wp-content\/uploads\/2015\/08\/IMG_0128-1.jpg\"><img loading=\"lazy\" decoding=\"async\" class=\"aligncenter wp-image-3354\" src=\"https:\/\/www.marvinchen.de\/olgas_welt\/blog\/wp-content\/uploads\/2015\/08\/IMG_0128-1.jpg\" alt=\"IMG_0128-1\" width=\"420\" height=\"630\" srcset=\"https:\/\/www.marvinchen.de\/olgas_welt\/blog\/wp-content\/uploads\/2015\/08\/IMG_0128-1.jpg 533w, https:\/\/www.marvinchen.de\/olgas_welt\/blog\/wp-content\/uploads\/2015\/08\/IMG_0128-1-300x450.jpg 300w\" sizes=\"auto, (max-width: 420px) 100vw, 420px\" \/><\/a><\/p>\n<p>Nicht nur Abschied von den geliebten Menschen f\u00e4llt uns schwer, sondern auch von Tieren, welche uns \u00fcber viele Jahre durch dick und d\u00fcnn begleiteten:<\/p>\n<p style=\"text-align: center;\"><a href=\"https:\/\/www.marvinchen.de\/olgas_welt\/blog\/wp-content\/uploads\/2015\/08\/IMG_0265.jpg\"><img loading=\"lazy\" decoding=\"async\" class=\"aligncenter wp-image-3355\" src=\"https:\/\/www.marvinchen.de\/olgas_welt\/blog\/wp-content\/uploads\/2015\/08\/IMG_0265.jpg\" alt=\"IMG_0265\" width=\"560\" height=\"373\" srcset=\"https:\/\/www.marvinchen.de\/olgas_welt\/blog\/wp-content\/uploads\/2015\/08\/IMG_0265.jpg 800w, https:\/\/www.marvinchen.de\/olgas_welt\/blog\/wp-content\/uploads\/2015\/08\/IMG_0265-300x200.jpg 300w\" sizes=\"auto, (max-width: 560px) 100vw, 560px\" \/><\/a><\/p>\n<p>Im jeden Fall bleiben die Hinterbliebenen zun\u00e4chst am Tr\u00e4nenmeer stehen, wie das M\u00e4dchen\u00a0aus <a href=\"http:\/\/www.skulptur-chodakowska.de\/\" target=\"_blank\">Malgorzata Chodakowskas<\/a> Hand:<\/p>\n<p style=\"text-align: center;\"><a href=\"https:\/\/www.marvinchen.de\/olgas_welt\/blog\/wp-content\/uploads\/2015\/08\/IMG_0165.jpg\"><img loading=\"lazy\" decoding=\"async\" class=\"aligncenter wp-image-3356\" src=\"https:\/\/www.marvinchen.de\/olgas_welt\/blog\/wp-content\/uploads\/2015\/08\/IMG_0165.jpg\" alt=\"IMG_0165\" width=\"420\" height=\"630\" srcset=\"https:\/\/www.marvinchen.de\/olgas_welt\/blog\/wp-content\/uploads\/2015\/08\/IMG_0165.jpg 533w, https:\/\/www.marvinchen.de\/olgas_welt\/blog\/wp-content\/uploads\/2015\/08\/IMG_0165-300x450.jpg 300w\" sizes=\"auto, (max-width: 420px) 100vw, 420px\" \/><\/a><\/p>\n<p>Irgendwann hei\u00dft es\u00a0dann f\u00fcr uns alle:<\/p>\n<p style=\"text-align: center;\"><a href=\"https:\/\/www.marvinchen.de\/olgas_welt\/blog\/wp-content\/uploads\/2015\/08\/IMG_0109.jpg\"><img loading=\"lazy\" decoding=\"async\" class=\"aligncenter wp-image-3357\" src=\"https:\/\/www.marvinchen.de\/olgas_welt\/blog\/wp-content\/uploads\/2015\/08\/IMG_0109.jpg\" alt=\"IMG_0109\" width=\"420\" height=\"630\" srcset=\"https:\/\/www.marvinchen.de\/olgas_welt\/blog\/wp-content\/uploads\/2015\/08\/IMG_0109.jpg 533w, https:\/\/www.marvinchen.de\/olgas_welt\/blog\/wp-content\/uploads\/2015\/08\/IMG_0109-300x450.jpg 300w\" sizes=\"auto, (max-width: 420px) 100vw, 420px\" \/><\/a><\/p>\n<p>Aber ich hoffe doch inst\u00e4ndig, dass unser Lebensbuch noch nicht die letzte Seite unserer Geschichte erreicht hat:<\/p>\n<p style=\"text-align: center;\"><a href=\"https:\/\/www.marvinchen.de\/olgas_welt\/blog\/wp-content\/uploads\/2015\/08\/IMG_0119.jpg\"><img loading=\"lazy\" decoding=\"async\" class=\"aligncenter wp-image-3358\" src=\"https:\/\/www.marvinchen.de\/olgas_welt\/blog\/wp-content\/uploads\/2015\/08\/IMG_0119.jpg\" alt=\"IMG_0119\" width=\"560\" height=\"373\" srcset=\"https:\/\/www.marvinchen.de\/olgas_welt\/blog\/wp-content\/uploads\/2015\/08\/IMG_0119.jpg 800w, https:\/\/www.marvinchen.de\/olgas_welt\/blog\/wp-content\/uploads\/2015\/08\/IMG_0119-300x200.jpg 300w\" sizes=\"auto, (max-width: 560px) 100vw, 560px\" \/><\/a><\/p>\n<p>F\u00fcr mich war das auf jeden Fall ein sehr emotionales Projekt. Das n\u00e4chste ist aber nicht mehr so gr\u00fcblerisch-nachdenklich, denn Hunde k\u00f6nnen uns doch immer wieder hervorragend tr\u00f6sten und zum Lachen bringen, nicht wahr?<\/p>\n","protected":false},"excerpt":{"rendered":"<p>Schon seit sehr langer Zeit habe ich mein Interesse f\u00fcr Friedh\u00f6fe dieser Welt entdeckt und zum Gl\u00fcck teilt\u00a0auch Carsten diese etwas morbide Faszination. Nat\u00fcrlich ist das immer ein trauriger Ort, aber gleichzeitig strahlen die Friedh\u00f6fe so viel Ruhe und Mysterien aus &#8230; Ich sehe an solchen Orten die normalen Sachen irgendwie aus einem andere Blickwinkel, [&hellip;]<\/p>\n","protected":false},"author":3,"featured_media":0,"comment_status":"open","ping_status":"closed","sticky":false,"template":"","format":"standard","meta":{"ngg_post_thumbnail":0,"footnotes":""},"categories":[3,822,4,1],"tags":[14,587,716,847,1123,1131,651,1130,13,1103,1132,360],"class_list":["post-3337","post","type-post","status-publish","format-standard","hentry","category-ausfluege-und-reisen","category-fotografie-und-photoshop","category-freud-und-leid","category-olca-und-stan","tag-carsten","tag-foto","tag-fotografieren","tag-fotojahresplan","tag-friedhof","tag-juedisch","tag-leben","tag-nachdenken","tag-olga","tag-skulpturen","tag-sowjetisch","tag-tod"],"_links":{"self":[{"href":"https:\/\/www.marvinchen.de\/olgas_welt\/blog\/wp-json\/wp\/v2\/posts\/3337","targetHints":{"allow":["GET"]}}],"collection":[{"href":"https:\/\/www.marvinchen.de\/olgas_welt\/blog\/wp-json\/wp\/v2\/posts"}],"about":[{"href":"https:\/\/www.marvinchen.de\/olgas_welt\/blog\/wp-json\/wp\/v2\/types\/post"}],"author":[{"embeddable":true,"href":"https:\/\/www.marvinchen.de\/olgas_welt\/blog\/wp-json\/wp\/v2\/users\/3"}],"replies":[{"embeddable":true,"href":"https:\/\/www.marvinchen.de\/olgas_welt\/blog\/wp-json\/wp\/v2\/comments?post=3337"}],"version-history":[{"count":0,"href":"https:\/\/www.marvinchen.de\/olgas_welt\/blog\/wp-json\/wp\/v2\/posts\/3337\/revisions"}],"wp:attachment":[{"href":"https:\/\/www.marvinchen.de\/olgas_welt\/blog\/wp-json\/wp\/v2\/media?parent=3337"}],"wp:term":[{"taxonomy":"category","embeddable":true,"href":"https:\/\/www.marvinchen.de\/olgas_welt\/blog\/wp-json\/wp\/v2\/categories?post=3337"},{"taxonomy":"post_tag","embeddable":true,"href":"https:\/\/www.marvinchen.de\/olgas_welt\/blog\/wp-json\/wp\/v2\/tags?post=3337"}],"curies":[{"name":"wp","href":"https:\/\/api.w.org\/{rel}","templated":true}]}}