{"id":3409,"date":"2015-09-13T19:23:07","date_gmt":"2015-09-13T17:23:07","guid":{"rendered":"http:\/\/www.marvinchen.de\/olgas_welt\/blog\/?p=3409"},"modified":"2015-09-13T19:31:15","modified_gmt":"2015-09-13T17:31:15","slug":"ausflug-in-den-norden","status":"publish","type":"post","link":"https:\/\/www.marvinchen.de\/olgas_welt\/blog\/2015\/09\/ausflug-in-den-norden\/","title":{"rendered":"Ausflug in den Norden"},"content":{"rendered":"<p>Da dieses Jahr kein gro\u00dfer Urlaub von uns geplant war, machen wir wenigstens ein paar Kleinurlaube: Im Mai ging es an die<a href=\"https:\/\/www.marvinchen.de\/olgas_welt\/blog\/2015\/05\/ausflug-an-die-polnische-ostsee\/\" target=\"_blank\"> polnische Ostsee<\/a>, im August fuhren wir in die <a href=\"https:\/\/www.marvinchen.de\/olgas_welt\/blog\/2015\/09\/back-to-the-roots\/\" target=\"_blank\">Westukraine<\/a>\u00a0und im September g\u00f6nnten wir uns nun einige Tage im Norden Deutschlands. Die meiste Zeit haben wir in Hamburg verbracht, aber da wir bereits zu unserem 1. Hochzeitstag viel von dieser Stadt gesehen haben, pickten wir uns diesmal die besonderen Rosinen f\u00fcr Wiederholungst\u00e4ter-Besucher raus\u00a0\u00a0\u00a0 \ud83d\ude00<\/p>\n<p>Zum Beispiel haben wir es jetzt endlich auch mal gepackt, den ber\u00fchmten Fischmarkt auf St. Pauli, welcher nur sonntags von 5:00 bis 9:30 Uhr aufgebaut\u00a0ist, zu besichtigen. Daf\u00fcr mussten\u00a0wir uns zwar ganz fr\u00fch am Morgen aus den Betten herausw\u00fchlen, aber das war es auf jeden Fall wert! Es sah am Ende \u00fcberhaupt so aus, dass die Hamburger am Sonntag keinen Schlaf brauchen\u00a0\u00a0\u00a0 \ud83d\ude09 \u00a0 \u00a0der Markt war gerammelt voll! Es gab allerdings nicht nur Fisch zu kaufen, sondern mittlerweile wohl auch allerhand anderes Zeug, wie z.B. Pflanzen, H\u00fchner und Kleidung\u00a0&#8230; Meeresbeute\u00a0bleibt aber zumindest im hinteren Teil des Marktes noch Hauptverkaufsware:<\/p>\n<p style=\"text-align: center;\"><a href=\"https:\/\/www.marvinchen.de\/olgas_welt\/blog\/wp-content\/uploads\/2015\/09\/collage-web.jpg\"><img loading=\"lazy\" decoding=\"async\" class=\"aligncenter wp-image-3410\" src=\"https:\/\/www.marvinchen.de\/olgas_welt\/blog\/wp-content\/uploads\/2015\/09\/collage-web.jpg\" alt=\"collage-web\" width=\"560\" height=\"420\" srcset=\"https:\/\/www.marvinchen.de\/olgas_welt\/blog\/wp-content\/uploads\/2015\/09\/collage-web.jpg 800w, https:\/\/www.marvinchen.de\/olgas_welt\/blog\/wp-content\/uploads\/2015\/09\/collage-web-300x225.jpg 300w\" sizes=\"auto, (max-width: 560px) 100vw, 560px\" \/><\/a><\/p>\n<p>Ich habe bei dieser Gelegenheit zwei T-Shirts mit Teddyb\u00e4ren-Bildern abgestaubt. Eins davon\u00a0wird wohl mein zuk\u00fcnftiges B\u00e4renfotoshooting-Shirt f\u00fcr den Fotografen werden, denn im Busenbereich sind zwei Teddys abgebildet und dazu steht ein passender Spruch: &#8222;Stop staring\u00a0at my Teddys&#8220; darauf. Ich fand das jedenfalls\u00a0herrlich mehrdeutig \u00a0 \u00a0\ud83d\ude09<\/p>\n<p>Wir haben uns danach\u00a0mit einer ganz lieben Person getroffen, welche wir seit 2012 nicht mehr gesehen haben, da sie nach Hamburg gezogen ist &#8211; Constanze. Zum Gl\u00fcck hat sie am Sonntag spontan noch etwas Zeit f\u00fcr uns gefunden und es war ein fabelhaftes Wiedersehen, so als ob es keine derart lange Funkpause dazwischen gab:<\/p>\n<p style=\"text-align: center;\"><a href=\"https:\/\/www.marvinchen.de\/olgas_welt\/blog\/wp-content\/uploads\/2015\/09\/0006.jpg\"><img loading=\"lazy\" decoding=\"async\" class=\"aligncenter wp-image-3411\" src=\"https:\/\/www.marvinchen.de\/olgas_welt\/blog\/wp-content\/uploads\/2015\/09\/0006.jpg\" alt=\"0006\" width=\"560\" height=\"420\" srcset=\"https:\/\/www.marvinchen.de\/olgas_welt\/blog\/wp-content\/uploads\/2015\/09\/0006.jpg 800w, https:\/\/www.marvinchen.de\/olgas_welt\/blog\/wp-content\/uploads\/2015\/09\/0006-300x225.jpg 300w\" sizes=\"auto, (max-width: 560px) 100vw, 560px\" \/><\/a><\/p>\n<p>\u00dcbrigens, auf dem Weg zu unserem Treffpunkt mit ihr habe ich ein Deja-vu erlebt &#8230; kein Wunder bei dieser Farbkombination!<\/p>\n<p style=\"text-align: center;\"><a href=\"https:\/\/www.marvinchen.de\/olgas_welt\/blog\/wp-content\/uploads\/2015\/09\/0005.jpg\"><img loading=\"lazy\" decoding=\"async\" class=\"aligncenter wp-image-3412\" src=\"https:\/\/www.marvinchen.de\/olgas_welt\/blog\/wp-content\/uploads\/2015\/09\/0005.jpg\" alt=\"0005\" width=\"560\" height=\"420\" srcset=\"https:\/\/www.marvinchen.de\/olgas_welt\/blog\/wp-content\/uploads\/2015\/09\/0005.jpg 800w, https:\/\/www.marvinchen.de\/olgas_welt\/blog\/wp-content\/uploads\/2015\/09\/0005-300x225.jpg 300w\" sizes=\"auto, (max-width: 560px) 100vw, 560px\" \/><\/a><\/p>\n<p>Ja, wir sind tats\u00e4chlich ausgerechnet am ukrainischen Konsulat vorbeigelaufen \u00a0 \u00a0\ud83d\ude42<\/p>\n<p>Wir konnten in Hamburg nat\u00fcrlich auch endlich die seit ein paar Wochen kran- und ger\u00fcstbefreite Elbphilharmonie sehen. Man mag zu den Kosten stehen wie man will, beeindruckend ist das Geb\u00e4ude schon, stimmt&#8217;s?<\/p>\n<p style=\"text-align: center;\"><a href=\"https:\/\/www.marvinchen.de\/olgas_welt\/blog\/wp-content\/uploads\/2015\/09\/0007.jpg\"><img loading=\"lazy\" decoding=\"async\" class=\"aligncenter wp-image-3413\" src=\"https:\/\/www.marvinchen.de\/olgas_welt\/blog\/wp-content\/uploads\/2015\/09\/0007.jpg\" alt=\"0007\" width=\"560\" height=\"420\" srcset=\"https:\/\/www.marvinchen.de\/olgas_welt\/blog\/wp-content\/uploads\/2015\/09\/0007.jpg 800w, https:\/\/www.marvinchen.de\/olgas_welt\/blog\/wp-content\/uploads\/2015\/09\/0007-300x225.jpg 300w\" sizes=\"auto, (max-width: 560px) 100vw, 560px\" \/><\/a><\/p>\n<p>Aber noch mehr beeindruckt hat uns eine Vorstellung des Musicals &#8222;Der K\u00f6nig der L\u00f6wen&#8220;. Es war eine ziemlich kurzfristige Entscheidung von uns, dorthin zu gehen (Freitagabend gebucht, Sonntagabend besucht) und wir hatten echt Gl\u00fcck, dass wir noch zwei zusammenh\u00e4ngenden Sitzpl\u00e4tze in der letzten Reihe ergattert haben. Da die Figuren und die B\u00fchnenbilder aber so riesig und unglaublich gut ausgearbeitet\u00a0sind, sieht man wirklich auf allen Pl\u00e4tzen &#8211; auch ganz hinten &#8211; alles supergut!<\/p>\n<p style=\"text-align: center;\"><a href=\"https:\/\/www.marvinchen.de\/olgas_welt\/blog\/wp-content\/uploads\/2015\/09\/0008.jpg\"><img loading=\"lazy\" decoding=\"async\" class=\"aligncenter wp-image-3414\" src=\"https:\/\/www.marvinchen.de\/olgas_welt\/blog\/wp-content\/uploads\/2015\/09\/0008.jpg\" alt=\"0008\" width=\"560\" height=\"420\" srcset=\"https:\/\/www.marvinchen.de\/olgas_welt\/blog\/wp-content\/uploads\/2015\/09\/0008.jpg 800w, https:\/\/www.marvinchen.de\/olgas_welt\/blog\/wp-content\/uploads\/2015\/09\/0008-300x225.jpg 300w\" sizes=\"auto, (max-width: 560px) 100vw, 560px\" \/><\/a><\/p>\n<p>Zwischen all den gro\u00dfen und kleinen Events hatten wir zum Gl\u00fcck auch noch genug Zeit zum Verwielen, um z.B. an der Au\u00dfenalster in der Sonne zu sitzen und die Wasserv\u00f6gel aus der n\u00e4chsten N\u00e4he anzuschauen:<\/p>\n<p style=\"text-align: center;\"><a href=\"https:\/\/www.marvinchen.de\/olgas_welt\/blog\/wp-content\/uploads\/2015\/09\/0009.jpg\"><img loading=\"lazy\" decoding=\"async\" class=\"aligncenter wp-image-3415\" src=\"https:\/\/www.marvinchen.de\/olgas_welt\/blog\/wp-content\/uploads\/2015\/09\/0009.jpg\" alt=\"0009\" width=\"420\" height=\"560\" srcset=\"https:\/\/www.marvinchen.de\/olgas_welt\/blog\/wp-content\/uploads\/2015\/09\/0009.jpg 600w, https:\/\/www.marvinchen.de\/olgas_welt\/blog\/wp-content\/uploads\/2015\/09\/0009-300x400.jpg 300w\" sizes=\"auto, (max-width: 420px) 100vw, 420px\" \/><\/a><\/p>\n<p>Oft genug habe ich nach so mancher Wandertour und Stadtrundgang das Gef\u00fchl, F\u00fc\u00dfe in gleicher Gr\u00f6\u00dfe zu haben wie dieses V\u00f6gelchen\u00a0\u00a0\u00a0 \ud83d\ude09<br \/>\nWei\u00df \u00fcbrigens jemand, wie dieser Vogel hei\u00dft? Diesmal ist es keine Fangfrage, ich m\u00f6chte nur sehr\u00a0 gern mit eurer Hilfe meine Bildungsl\u00fccke in Ornithologie schlie\u00dfen \u00a0 \u00a0\ud83d\ude42 \u00a0 \u00a0unsere Vermutung liegt bei Teichhuhn oder Blesshuhn &#8230;<\/p>\n<p>An unserer Verweilbank waren eine Schwanenmama und ihre K\u00fcken sehr zutraulich und fra\u00dfen uns sogar Br\u00f6tchenreste ganz zart aus der Hand:<\/p>\n<p style=\"text-align: center;\"><a href=\"https:\/\/www.marvinchen.de\/olgas_welt\/blog\/wp-content\/uploads\/2015\/09\/0010.jpg\"><img loading=\"lazy\" decoding=\"async\" class=\"aligncenter wp-image-3416\" src=\"https:\/\/www.marvinchen.de\/olgas_welt\/blog\/wp-content\/uploads\/2015\/09\/0010.jpg\" alt=\"0010\" width=\"560\" height=\"420\" srcset=\"https:\/\/www.marvinchen.de\/olgas_welt\/blog\/wp-content\/uploads\/2015\/09\/0010.jpg 800w, https:\/\/www.marvinchen.de\/olgas_welt\/blog\/wp-content\/uploads\/2015\/09\/0010-300x225.jpg 300w\" sizes=\"auto, (max-width: 560px) 100vw, 560px\" \/><\/a><\/p>\n<p>Und ja, eine ebenfalls zutrauliche und neugierige Gans (links) ist ebenfalls mit von der Partie\u00a0\u00a0\u00a0 \ud83d\ude42<\/p>\n<p>Dank eines Tipps von Constanze verbrachten wir auch etliche Stunden im Schanzenviertel. Diese Gegend ist vom Flair her mit der Dresdner Neustadt oder dem Hechtviertel vergleichbar: jung, hipp, alternativ und hat viele sch\u00f6ne Lokalit\u00e4ten mit gutem Essen. Bei einem t\u00fcrkischen Restaurant habe ich einen Humpen sehr leckeren Ayran bekommen &#8211; nicht in fl\u00fcssiger Form wie normal, sondern frisch vom &#8222;Fa\u00df&#8220; gezapft und dadurch etwas sahnig-cremiger, deshalb auch diese Krone:<\/p>\n<p style=\"text-align: center;\"><a href=\"https:\/\/www.marvinchen.de\/olgas_welt\/blog\/wp-content\/uploads\/2015\/09\/0011.jpg\"><img loading=\"lazy\" decoding=\"async\" class=\"aligncenter wp-image-3417\" src=\"https:\/\/www.marvinchen.de\/olgas_welt\/blog\/wp-content\/uploads\/2015\/09\/0011.jpg\" alt=\"0011\" width=\"420\" height=\"560\" srcset=\"https:\/\/www.marvinchen.de\/olgas_welt\/blog\/wp-content\/uploads\/2015\/09\/0011.jpg 600w, https:\/\/www.marvinchen.de\/olgas_welt\/blog\/wp-content\/uploads\/2015\/09\/0011-300x400.jpg 300w\" sizes=\"auto, (max-width: 420px) 100vw, 420px\" \/><\/a><\/p>\n<p>Und auch die gef\u00fcllten Kartoffeln bei &#8222;<a href=\"http:\/\/restaurant-test-hamburg.de\/2009\/01\/28\/kumpir-hamburg\/\" target=\"_blank\">Kumpir<\/a>&#8220; sind einen Besuch bzw. eine Bestellung auf jeden Fall wert!<br \/>\nVon dort ging es dann zur\u00fcck in die Innenstadt &#8230; quer durch den <a href=\"http:\/\/plantenunblomen.hamburg.de\/\" target=\"_blank\">Planten un Blomen<\/a>-Park:<\/p>\n<p style=\"text-align: center;\"><a href=\"https:\/\/www.marvinchen.de\/olgas_welt\/blog\/wp-content\/uploads\/2015\/09\/0012.jpg\"><img loading=\"lazy\" decoding=\"async\" class=\"aligncenter wp-image-3418\" src=\"https:\/\/www.marvinchen.de\/olgas_welt\/blog\/wp-content\/uploads\/2015\/09\/0012.jpg\" alt=\"0012\" width=\"420\" height=\"560\" srcset=\"https:\/\/www.marvinchen.de\/olgas_welt\/blog\/wp-content\/uploads\/2015\/09\/0012.jpg 600w, https:\/\/www.marvinchen.de\/olgas_welt\/blog\/wp-content\/uploads\/2015\/09\/0012-300x400.jpg 300w\" sizes=\"auto, (max-width: 420px) 100vw, 420px\" \/><\/a><\/p>\n<p>Wir g\u00f6nnten uns an den anderen Tagen wie immer auch ein paar Ziele au\u00dferhalb der gro\u00dfen Stadt. Diesmal ging es zuerst zur <a href=\"https:\/\/de.wikipedia.org\/wiki\/Schiffsbegr%C3%BC%C3%9Fungsanlage_Willkomm-H%C3%B6ft\" target=\"_blank\">Schiffsbegr\u00fc\u00dfungsanlage\u00a0Willkomm-H\u00f6ft<\/a>:<\/p>\n<p style=\"text-align: center;\"><a href=\"https:\/\/www.marvinchen.de\/olgas_welt\/blog\/wp-content\/uploads\/2015\/09\/0013.jpg\"><img loading=\"lazy\" decoding=\"async\" class=\"aligncenter wp-image-3419\" src=\"https:\/\/www.marvinchen.de\/olgas_welt\/blog\/wp-content\/uploads\/2015\/09\/0013.jpg\" alt=\"0013\" width=\"420\" height=\"560\" srcset=\"https:\/\/www.marvinchen.de\/olgas_welt\/blog\/wp-content\/uploads\/2015\/09\/0013.jpg 600w, https:\/\/www.marvinchen.de\/olgas_welt\/blog\/wp-content\/uploads\/2015\/09\/0013-300x400.jpg 300w\" sizes=\"auto, (max-width: 420px) 100vw, 420px\" \/><\/a><\/p>\n<p>Wir mussten zwar ein wenig warten, bis ein ausreichend gro\u00dfes Schiff mit mehr als 500 BRT vorbeigekommen ist, denn nur dann erfolgt eine Begr\u00fc\u00dfung oder Verabschiedung in Deutsch und in der Landessprache (bei uns war das Maltesisch) sowie die entsprechende Landeshymne. Vorbeigefahren sind ein paar Schiffe, aber leider immer zu klein, sodass erst die &#8222;Baltic Wind&#8220; eine Verabschiedung (kam aus Hamburg und fuhr in Richtung Nordsee) mittels Lautsprecher bekam:<\/p>\n<p style=\"text-align: center;\"><a href=\"https:\/\/www.marvinchen.de\/olgas_welt\/blog\/wp-content\/uploads\/2015\/09\/0014.jpg\"><img loading=\"lazy\" decoding=\"async\" class=\"aligncenter wp-image-3420\" src=\"https:\/\/www.marvinchen.de\/olgas_welt\/blog\/wp-content\/uploads\/2015\/09\/0014.jpg\" alt=\"0014\" width=\"560\" height=\"420\" srcset=\"https:\/\/www.marvinchen.de\/olgas_welt\/blog\/wp-content\/uploads\/2015\/09\/0014.jpg 800w, https:\/\/www.marvinchen.de\/olgas_welt\/blog\/wp-content\/uploads\/2015\/09\/0014-300x225.jpg 300w\" sizes=\"auto, (max-width: 560px) 100vw, 560px\" \/><\/a><\/p>\n<p>Es ging weiter nach Westen &#8230; auf dem Nord-Ostsee-Kanal in Brunsb\u00fcttel hat man keine Zeit f\u00fcr solche Spielereien, denn in der dortigen Schleuse geht es streng nach Plan zu.<\/p>\n<p style=\"text-align: center;\"><a href=\"https:\/\/www.marvinchen.de\/olgas_welt\/blog\/wp-content\/uploads\/2015\/09\/0016.jpg\"><img loading=\"lazy\" decoding=\"async\" class=\"aligncenter wp-image-3422\" src=\"https:\/\/www.marvinchen.de\/olgas_welt\/blog\/wp-content\/uploads\/2015\/09\/0016.jpg\" alt=\"0016\" width=\"560\" height=\"420\" srcset=\"https:\/\/www.marvinchen.de\/olgas_welt\/blog\/wp-content\/uploads\/2015\/09\/0016.jpg 800w, https:\/\/www.marvinchen.de\/olgas_welt\/blog\/wp-content\/uploads\/2015\/09\/0016-300x225.jpg 300w\" sizes=\"auto, (max-width: 560px) 100vw, 560px\" \/><\/a><\/p>\n<p>Das Gros der\u00a0Schiffe waren allerdings alles andere als klein &#8211; hier kommt gerade der Kreuzfahrtdampfer &#8222;Saga Sapphire&#8220; (bis 1999 noch\u00a0bekannt als &#8222;Europa&#8220;) aus Kiel auf die Schleuse zu:<\/p>\n<p style=\"text-align: center;\"><a href=\"https:\/\/www.marvinchen.de\/olgas_welt\/blog\/wp-content\/uploads\/2015\/09\/0015.jpg\"><img loading=\"lazy\" decoding=\"async\" class=\"aligncenter wp-image-3421\" src=\"https:\/\/www.marvinchen.de\/olgas_welt\/blog\/wp-content\/uploads\/2015\/09\/0015.jpg\" alt=\"0015\" width=\"560\" height=\"420\" srcset=\"https:\/\/www.marvinchen.de\/olgas_welt\/blog\/wp-content\/uploads\/2015\/09\/0015.jpg 800w, https:\/\/www.marvinchen.de\/olgas_welt\/blog\/wp-content\/uploads\/2015\/09\/0015-300x225.jpg 300w\" sizes=\"auto, (max-width: 560px) 100vw, 560px\" \/><\/a><\/p>\n<p>Keine Sorge, auch dieser Riesenpott passte hervorragend unter der Br\u00fccke durch\u00a0\u00a0\u00a0 \ud83d\ude42<br \/>\nWir h\u00e4tten gerne noch das Schwesternschiff &#8222;Saga Pearl II&#8220;, aus den 80ern besser bekannt als das ehemalige\u00a0ZDF-Traumschiff &#8222;Astor&#8220; und\u00a0aus der\u00a0DFF-Fernsehserie &#8222;Luv und Lee&#8220; als &#8222;Arkona&#8220;, in der Schleuse bewundert, dieses musste aber wegen Niedrigwasser f\u00fcr ein paar Stunden in der Elbe ankern. Schade &#8230;<\/p>\n<p>\u00dcbrigens, bei dieser Reise sind noch weitere Bilder f\u00fcr meine <a href=\"https:\/\/www.marvinchen.de\/webbibliothek\/_tagebuecher\/_olgaobsession\/obsession.htm\" target=\"_blank\">4. Obsession<\/a> entstanden\u00a0\u00a0\u00a0 \ud83d\ude09<\/p>\n<p>Total trockene F\u00fc\u00dfe hatte ich aber dann bei unserem Zwischenstopp auf dem Heimweg, denn Carsten hat die Gelegenheit genutzt, mir endlich die L\u00fcneburger Heide vorzuf\u00fchren, da er von der Dresdner Heide damals doch recht\u00a0entt\u00e4uscht war. F\u00fcr ihn gab es dort zu viele gro\u00dfe B\u00e4ume\u00a0\u00a0\u00a0 \ud83d\ude09 \u00a0 \u00a0in der L\u00fcneburger Heide ist der Wuchs erheblich niedriger, meint mein Mann.<\/p>\n<p><em>Anmerkung\u00a0von Carsten: Hmmm, liegt wohl an der Tatsache, da\u00df die L\u00fcneburger Heide eine HEIDE ist und die Dresdner Heide ein WALD &#8230;\u00a0<\/em><\/p>\n<p>Naja, ein wenig hat es sogar mich \u00fcberzeugt &#8230;<\/p>\n<p style=\"text-align: center;\"><a href=\"https:\/\/www.marvinchen.de\/olgas_welt\/blog\/wp-content\/uploads\/2015\/09\/0017.jpg\"><img loading=\"lazy\" decoding=\"async\" class=\"aligncenter wp-image-3423\" src=\"https:\/\/www.marvinchen.de\/olgas_welt\/blog\/wp-content\/uploads\/2015\/09\/0017.jpg\" alt=\"0017\" width=\"560\" height=\"420\" srcset=\"https:\/\/www.marvinchen.de\/olgas_welt\/blog\/wp-content\/uploads\/2015\/09\/0017.jpg 800w, https:\/\/www.marvinchen.de\/olgas_welt\/blog\/wp-content\/uploads\/2015\/09\/0017-300x225.jpg 300w\" sizes=\"auto, (max-width: 560px) 100vw, 560px\" \/><\/a><\/p>\n<p>&#8230; denn\u00a0irgendwie sah es doch mehr nach Heidelandschaft aus:<\/p>\n<p style=\"text-align: center;\"><a href=\"https:\/\/www.marvinchen.de\/olgas_welt\/blog\/wp-content\/uploads\/2015\/09\/0019.jpg\"><img loading=\"lazy\" decoding=\"async\" class=\"aligncenter wp-image-3424\" src=\"https:\/\/www.marvinchen.de\/olgas_welt\/blog\/wp-content\/uploads\/2015\/09\/0019.jpg\" alt=\"0019\" width=\"560\" height=\"420\" srcset=\"https:\/\/www.marvinchen.de\/olgas_welt\/blog\/wp-content\/uploads\/2015\/09\/0019.jpg 800w, https:\/\/www.marvinchen.de\/olgas_welt\/blog\/wp-content\/uploads\/2015\/09\/0019-300x225.jpg 300w\" sizes=\"auto, (max-width: 560px) 100vw, 560px\" \/><\/a><\/p>\n<p>Ich hatte sogar die passende Farben bei meiner Kleidung ausgew\u00e4hlt:<\/p>\n<p style=\"text-align: center;\"><a href=\"https:\/\/www.marvinchen.de\/olgas_welt\/blog\/wp-content\/uploads\/2015\/09\/0020.jpg\"><img loading=\"lazy\" decoding=\"async\" class=\"aligncenter wp-image-3426\" src=\"https:\/\/www.marvinchen.de\/olgas_welt\/blog\/wp-content\/uploads\/2015\/09\/0020.jpg\" alt=\"0020\" width=\"560\" height=\"420\" srcset=\"https:\/\/www.marvinchen.de\/olgas_welt\/blog\/wp-content\/uploads\/2015\/09\/0020.jpg 800w, https:\/\/www.marvinchen.de\/olgas_welt\/blog\/wp-content\/uploads\/2015\/09\/0020-300x225.jpg 300w\" sizes=\"auto, (max-width: 560px) 100vw, 560px\" \/><\/a><\/p>\n<p>Als passionierte, aber nicht ausgebildete Steinesammlerin fand ich die Feuersteine oder wie auch immer sie hei\u00dfen m\u00f6gen\u00a0in dieser Gegend einfach wundervoll. Wenn man sie gegen die Sonne h\u00e4lt, erstrahlen sie in einem warmen Honigton &#8211; ein Gedicht f\u00fcr die Augen.<\/p>\n<p style=\"text-align: center;\"><a href=\"https:\/\/www.marvinchen.de\/olgas_welt\/blog\/wp-content\/uploads\/2015\/09\/0018.jpg\"><img loading=\"lazy\" decoding=\"async\" class=\"aligncenter wp-image-3427\" src=\"https:\/\/www.marvinchen.de\/olgas_welt\/blog\/wp-content\/uploads\/2015\/09\/0018.jpg\" alt=\"0018\" width=\"420\" height=\"560\" srcset=\"https:\/\/www.marvinchen.de\/olgas_welt\/blog\/wp-content\/uploads\/2015\/09\/0018.jpg 600w, https:\/\/www.marvinchen.de\/olgas_welt\/blog\/wp-content\/uploads\/2015\/09\/0018-300x400.jpg 300w\" sizes=\"auto, (max-width: 420px) 100vw, 420px\" \/><\/a><\/p>\n<p>\u00dcbrigens, es gab in der Heide nicht nur niedrige Erika, sondern auch einige gro\u00dfe B\u00e4ume: solche Alleen s\u00e4umten zum Beispiel ab und an die Wege. Unter diesen gro\u00dfen, h\u00e4ngenden \u00c4sten f\u00fchlte ich mich ein wenig wie im M\u00e4rchenwald!<\/p>\n<p style=\"text-align: center;\"><a href=\"https:\/\/www.marvinchen.de\/olgas_welt\/blog\/wp-content\/uploads\/2015\/09\/0021.jpg\"><img loading=\"lazy\" decoding=\"async\" class=\"aligncenter wp-image-3428\" src=\"https:\/\/www.marvinchen.de\/olgas_welt\/blog\/wp-content\/uploads\/2015\/09\/0021.jpg\" alt=\"0021\" width=\"560\" height=\"420\" srcset=\"https:\/\/www.marvinchen.de\/olgas_welt\/blog\/wp-content\/uploads\/2015\/09\/0021.jpg 800w, https:\/\/www.marvinchen.de\/olgas_welt\/blog\/wp-content\/uploads\/2015\/09\/0021-300x225.jpg 300w\" sizes=\"auto, (max-width: 560px) 100vw, 560px\" \/><\/a><\/p>\n<p>Das Einzige, was wir lebendig nicht vor unsere Augen bekommen haben, waren \u00fcbrigens die ber\u00fchmt-ber\u00fcchtigten Heidschnucken. Es gab sie in Gastst\u00e4tten als Ragout, Gulasch oder Bratwurst oder auf einem Flohmarktstand als Gruppenbild &#8230; putzmunter auf der Wiese aber totale Fehlanzeige!<\/p>\n<p style=\"text-align: center;\"><a href=\"https:\/\/www.marvinchen.de\/olgas_welt\/blog\/wp-content\/uploads\/2015\/09\/0023.jpg\"><img loading=\"lazy\" decoding=\"async\" class=\"aligncenter wp-image-3429\" src=\"https:\/\/www.marvinchen.de\/olgas_welt\/blog\/wp-content\/uploads\/2015\/09\/0023.jpg\" alt=\"0023\" width=\"560\" height=\"420\" srcset=\"https:\/\/www.marvinchen.de\/olgas_welt\/blog\/wp-content\/uploads\/2015\/09\/0023.jpg 800w, https:\/\/www.marvinchen.de\/olgas_welt\/blog\/wp-content\/uploads\/2015\/09\/0023-300x225.jpg 300w\" sizes=\"auto, (max-width: 560px) 100vw, 560px\" \/><\/a><\/p>\n<p>Nun ja, ich habe schon Norwegen ohne echte Elche \u00fcberlebt, da werde ich wohl auch die Heide ohne Schnucken \u00fcberstehen\u00a0\u00a0\u00a0\u00a0 \ud83d\ude09<\/p>\n","protected":false},"excerpt":{"rendered":"<p>Da dieses Jahr kein gro\u00dfer Urlaub von uns geplant war, machen wir wenigstens ein paar Kleinurlaube: Im Mai ging es an die polnische Ostsee, im August fuhren wir in die Westukraine\u00a0und im September g\u00f6nnten wir uns nun einige Tage im Norden Deutschlands. Die meiste Zeit haben wir in Hamburg verbracht, aber da wir bereits zu [&hellip;]<\/p>\n","protected":false},"author":3,"featured_media":0,"comment_status":"open","ping_status":"closed","sticky":false,"template":"","format":"standard","meta":{"ngg_post_thumbnail":0,"footnotes":""},"categories":[3,5,4,7,1],"tags":[1139,14,1144,722,260,1142,1138,1140,1141,784,1135,1143,1137,13,510,1145,344,515,21,1055],"class_list":["post-3409","post","type-post","status-publish","format-standard","hentry","category-ausfluege-und-reisen","category-essen-und-trinken","category-freud-und-leid","category-freunde-und-co","category-olca-und-stan","tag-alster","tag-carsten","tag-constanze","tag-einkaufen","tag-essen","tag-fischmarkt","tag-hamburg","tag-heide","tag-heidschnucke","tag-kultur","tag-markt","tag-musical","tag-norden","tag-olga","tag-reise","tag-stadt","tag-treffen","tag-trinken","tag-urlaub","tag-vogel"],"_links":{"self":[{"href":"https:\/\/www.marvinchen.de\/olgas_welt\/blog\/wp-json\/wp\/v2\/posts\/3409","targetHints":{"allow":["GET"]}}],"collection":[{"href":"https:\/\/www.marvinchen.de\/olgas_welt\/blog\/wp-json\/wp\/v2\/posts"}],"about":[{"href":"https:\/\/www.marvinchen.de\/olgas_welt\/blog\/wp-json\/wp\/v2\/types\/post"}],"author":[{"embeddable":true,"href":"https:\/\/www.marvinchen.de\/olgas_welt\/blog\/wp-json\/wp\/v2\/users\/3"}],"replies":[{"embeddable":true,"href":"https:\/\/www.marvinchen.de\/olgas_welt\/blog\/wp-json\/wp\/v2\/comments?post=3409"}],"version-history":[{"count":0,"href":"https:\/\/www.marvinchen.de\/olgas_welt\/blog\/wp-json\/wp\/v2\/posts\/3409\/revisions"}],"wp:attachment":[{"href":"https:\/\/www.marvinchen.de\/olgas_welt\/blog\/wp-json\/wp\/v2\/media?parent=3409"}],"wp:term":[{"taxonomy":"category","embeddable":true,"href":"https:\/\/www.marvinchen.de\/olgas_welt\/blog\/wp-json\/wp\/v2\/categories?post=3409"},{"taxonomy":"post_tag","embeddable":true,"href":"https:\/\/www.marvinchen.de\/olgas_welt\/blog\/wp-json\/wp\/v2\/tags?post=3409"}],"curies":[{"name":"wp","href":"https:\/\/api.w.org\/{rel}","templated":true}]}}