{"id":35,"date":"2007-09-02T15:41:11","date_gmt":"2007-09-02T13:41:11","guid":{"rendered":"http:\/\/www.marvinchen.de\/olgas_welt\/blog\/?p=35"},"modified":"2009-05-02T18:09:46","modified_gmt":"2009-05-02T16:09:46","slug":"casa-tutensuppe","status":"publish","type":"post","link":"https:\/\/www.marvinchen.de\/olgas_welt\/blog\/2007\/09\/casa-tutensuppe\/","title":{"rendered":"Casa &#8222;T\u00fctensuppe&#8220;"},"content":{"rendered":"<p>Ab morgen beginnt in Casa OLCA wieder das geordnete Leben, denn am 3.September beginnt in Sachsen nach den 6 Wochen Sommerferien die Schule. Es wird zwar nur 5 Wochen lang geordnet bleiben, aber man hat zumindest f\u00fcr diesen Zeitraum den festen Tagesablauf. In nur 5 Wochen haben die M\u00e4dels allerdings bereits die n\u00e4chste Schulunterbrechung &#8211; 2 Wochen Herbstferien.<\/p>\n<p>Sie werden wie immer eine Woche mit ihrem Papa verbringen und eine Woche mit uns. Dieses Jahr wird auf jeden Fall keine Reisen mehr geben, denn meine Urlaubstage sind alle und unser Geld\u00a0ebenfalls.<\/p>\n<p>Die letzte Woche hat aber bewiesen, dass wir auch nach dem Arbeitsleben viel Spa\u00df mt den Kindern haben k\u00f6nnen. Andrea hat ihre Freundin f\u00fcr drei Tage bei uns einquartiert und die beiden waren tags\u00fcber mal im Kino, mal im Schwimmbad, mal in der Innenstadt bummeln. Abends haben wir uns als Familie vergn\u00fcgt, wobei Andeas Freundin auch zur Familie mitz\u00e4hlte: Wir waren in U.S. Play bowlen, haben uns einige DVDs mit ihnen angeschaut, sind am Elbradweg spazieren gewesen -war einfach sehr nett!<\/p>\n<p>Ern\u00e4hrt haben die M\u00e4dels sich haupts\u00e4chlich von den T\u00fctensuppen. Ich koche sie normalerweise nie, habe aber immer einen Vorrat, gerade f\u00fcr solche &#8222;selbst\u00e4ndigen &#8220; Tage &#8211; die M\u00e4dels essen sie nur zu gern!<\/p>\n","protected":false},"excerpt":{"rendered":"<p>Ab morgen beginnt in Casa OLCA wieder das geordnete Leben, denn am 3.September beginnt in Sachsen nach den 6 Wochen Sommerferien die Schule. Es wird zwar nur 5 Wochen lang geordnet bleiben, aber man hat zumindest f\u00fcr diesen Zeitraum den festen Tagesablauf. In nur 5 Wochen haben die M\u00e4dels allerdings bereits die n\u00e4chste Schulunterbrechung &#8211; [&hellip;]<\/p>\n","protected":false},"author":3,"featured_media":0,"comment_status":"open","ping_status":"open","sticky":false,"template":"","format":"standard","meta":{"ngg_post_thumbnail":0,"footnotes":""},"categories":[7,1],"tags":[16,14,85,13,87,86],"class_list":["post-35","post","type-post","status-publish","format-standard","hentry","category-freunde-und-co","category-olca-und-stan","tag-andrea","tag-carsten","tag-ferien","tag-olga","tag-schule","tag-tutensuppe"],"_links":{"self":[{"href":"https:\/\/www.marvinchen.de\/olgas_welt\/blog\/wp-json\/wp\/v2\/posts\/35","targetHints":{"allow":["GET"]}}],"collection":[{"href":"https:\/\/www.marvinchen.de\/olgas_welt\/blog\/wp-json\/wp\/v2\/posts"}],"about":[{"href":"https:\/\/www.marvinchen.de\/olgas_welt\/blog\/wp-json\/wp\/v2\/types\/post"}],"author":[{"embeddable":true,"href":"https:\/\/www.marvinchen.de\/olgas_welt\/blog\/wp-json\/wp\/v2\/users\/3"}],"replies":[{"embeddable":true,"href":"https:\/\/www.marvinchen.de\/olgas_welt\/blog\/wp-json\/wp\/v2\/comments?post=35"}],"version-history":[{"count":0,"href":"https:\/\/www.marvinchen.de\/olgas_welt\/blog\/wp-json\/wp\/v2\/posts\/35\/revisions"}],"wp:attachment":[{"href":"https:\/\/www.marvinchen.de\/olgas_welt\/blog\/wp-json\/wp\/v2\/media?parent=35"}],"wp:term":[{"taxonomy":"category","embeddable":true,"href":"https:\/\/www.marvinchen.de\/olgas_welt\/blog\/wp-json\/wp\/v2\/categories?post=35"},{"taxonomy":"post_tag","embeddable":true,"href":"https:\/\/www.marvinchen.de\/olgas_welt\/blog\/wp-json\/wp\/v2\/tags?post=35"}],"curies":[{"name":"wp","href":"https:\/\/api.w.org\/{rel}","templated":true}]}}