{"id":36,"date":"2007-10-04T09:13:58","date_gmt":"2007-10-04T07:13:58","guid":{"rendered":"http:\/\/www.marvinchen.de\/olgas_welt\/blog\/?p=36"},"modified":"2012-05-26T22:16:05","modified_gmt":"2012-05-26T20:16:05","slug":"familienleben-mit-hoch-und-tief","status":"publish","type":"post","link":"https:\/\/www.marvinchen.de\/olgas_welt\/blog\/2007\/10\/familienleben-mit-hoch-und-tief\/","title":{"rendered":"Familienleben mit Hoch und Tief"},"content":{"rendered":"<p>Nach den 5 Tagen in D\u00fcsseldorf, wo ich zur Messe &#8222;Expopharm&#8220; als Aussteller durfte und mir dort bereits am ersten Tag eine fiese Erk\u00e4ltung zugezogen habe bin ich zu Hause endlich nicht nur k\u00f6rperlich, sondern auch mit allen Sinnen angekommen :0)<\/p>\n<p style=\"text-align: center;\"><a href=\"https:\/\/www.marvinchen.de\/olgas_welt\/blog\/2007\/10\/familienleben-mit-hoch-und-tief\/2007-10-04\/\" rel=\"attachment wp-att-884\"><img loading=\"lazy\" decoding=\"async\" class=\" wp-image-884 aligncenter\" title=\"2007-10-04\" src=\"https:\/\/www.marvinchen.de\/olgas_welt\/blog\/wp-content\/uploads\/2007\/10\/2007-10-04.jpg\" alt=\"\" width=\"560\" height=\"420\" srcset=\"https:\/\/www.marvinchen.de\/olgas_welt\/blog\/wp-content\/uploads\/2007\/10\/2007-10-04.jpg 800w, https:\/\/www.marvinchen.de\/olgas_welt\/blog\/wp-content\/uploads\/2007\/10\/2007-10-04-300x225.jpg 300w\" sizes=\"auto, (max-width: 560px) 100vw, 560px\" \/><\/a><\/p>\n<p>Es ist schon komisch, ohne Wochenende durchzuarbeiten, da kam der gestrige Feiertag wie gerufen.<\/p>\n<p>Der Feiertag war komplett im Zeichen der Familie und guter Nachbarschaft. Als erstes haben wir nach einem gemeinsamen Fr\u00fchst\u00fcck Stephanie zum Fussballplatz gebracht und uns nat\u00fcrlich das ganze Spiel angeschaut. Stephanie war diesmal nicht auf dem Feld, der Gegner war zu stark, aber das Spiel war echt spannend, auch wenn nicht das eigene Kind immer am Ball ist :0)<\/p>\n<p>Nach dem Mittagessen waren wir im Kino und haben &#8222;Ratatouille&#8220; angeguckt &#8211; absolut liebens- und empfehlenswert! Ich habe schon angefangen, den Platz f\u00fcr die DVD freizur\u00e4umen :0)<\/p>\n<p>Abends tanzten wir mit dem Tomatan-Quiche a la Kerstin bei den Nachbarn zum vermeintlich kurzen Plausch an. Nach Mitternacht kamen wir mit dem fast leeren Blech nach Hause zur\u00fcck.<\/p>\n<p>Und jetzt zu dem, was davor war.<\/p>\n<p>An meinem letzten Messetag (Sonntag, 30.09) habe ich die SMS von meiner Mutter erhalten, das mein Vater gestorben ist. Wir haben schon seit einigen Tagen damit gerechnet, es ging ihm von Tag zu Tag schlechter, er ist nicht mehr aufgestanden, hat nichts mehr gegessen, nur getrunken und am Wahltag war es f\u00fcr ihn die Zeit zu gehen. Am Montag hat man ihn bestattet. Da meine Mutter in der Siedlung sehr bekannt ist und man schon damit gerechnet hat ging es auch ohne Papierkram, man kann es aufgrund der Beziehungen im Nachgang erledigen. Mein Vater wollte schnell begraben werden und keine gro\u00dfe Trauerfeier haben, den Wunsch hat man ihm erf\u00fcllt.<\/p>\n<p>F\u00fcr meine Mutter beginnt nun ein ganz neues Lebensabschnitt. Die Pflege des Vaters hat auch sie gesundheitlich sehr beasprucht, aber da war sie nicht allein. Nun muss sie sich mit der Einsamkeit im Haus zurechtfinden. Ich sch\u00e4tze, fr\u00fcher oder sp\u00e4ter wird sie wieder in der Wohnung einziehen, wo meine Schw\u00e4gerin wohnt, ein Zimmer war dort immer frei gehalten. Sie wird auch weiterhin in die Schule arbeiten gehen, nicht nur des Geldes wegen, sondern, um gebraucht zu werden.<\/p>\n<p>Ich habe am Montag mit Walja lange telefoniert und wir haben ausgemacht, dass wir am n\u00e4chsten Montag es so organisieren, dass meine Mutter auch selber mit mir sprechen kann.<\/p>\n","protected":false},"excerpt":{"rendered":"<p>Nach den 5 Tagen in D\u00fcsseldorf, wo ich zur Messe &#8222;Expopharm&#8220; als Aussteller durfte und mir dort bereits am ersten Tag eine fiese Erk\u00e4ltung zugezogen habe bin ich zu Hause endlich nicht nur k\u00f6rperlich, sondern auch mit allen Sinnen angekommen :0) Es ist schon komisch, ohne Wochenende durchzuarbeiten, da kam der gestrige Feiertag wie gerufen. [&hellip;]<\/p>\n","protected":false},"author":3,"featured_media":0,"comment_status":"open","ping_status":"open","sticky":false,"template":"","format":"standard","meta":{"ngg_post_thumbnail":0,"footnotes":""},"categories":[12,4,7,1],"tags":[89,52,13,88,49],"class_list":["post-36","post","type-post","status-publish","format-standard","hentry","category-film-und-fernsehen","category-freud-und-leid","category-freunde-und-co","category-olca-und-stan","tag-expopharm","tag-film","tag-olga","tag-vater","tag-walja"],"_links":{"self":[{"href":"https:\/\/www.marvinchen.de\/olgas_welt\/blog\/wp-json\/wp\/v2\/posts\/36","targetHints":{"allow":["GET"]}}],"collection":[{"href":"https:\/\/www.marvinchen.de\/olgas_welt\/blog\/wp-json\/wp\/v2\/posts"}],"about":[{"href":"https:\/\/www.marvinchen.de\/olgas_welt\/blog\/wp-json\/wp\/v2\/types\/post"}],"author":[{"embeddable":true,"href":"https:\/\/www.marvinchen.de\/olgas_welt\/blog\/wp-json\/wp\/v2\/users\/3"}],"replies":[{"embeddable":true,"href":"https:\/\/www.marvinchen.de\/olgas_welt\/blog\/wp-json\/wp\/v2\/comments?post=36"}],"version-history":[{"count":0,"href":"https:\/\/www.marvinchen.de\/olgas_welt\/blog\/wp-json\/wp\/v2\/posts\/36\/revisions"}],"wp:attachment":[{"href":"https:\/\/www.marvinchen.de\/olgas_welt\/blog\/wp-json\/wp\/v2\/media?parent=36"}],"wp:term":[{"taxonomy":"category","embeddable":true,"href":"https:\/\/www.marvinchen.de\/olgas_welt\/blog\/wp-json\/wp\/v2\/categories?post=36"},{"taxonomy":"post_tag","embeddable":true,"href":"https:\/\/www.marvinchen.de\/olgas_welt\/blog\/wp-json\/wp\/v2\/tags?post=36"}],"curies":[{"name":"wp","href":"https:\/\/api.w.org\/{rel}","templated":true}]}}