{"id":3767,"date":"2015-11-15T14:09:11","date_gmt":"2015-11-15T13:09:11","guid":{"rendered":"http:\/\/www.marvinchen.de\/olgas_welt\/blog\/?p=3767"},"modified":"2015-11-15T14:09:11","modified_gmt":"2015-11-15T13:09:11","slug":"ein-maerchen-ein-maerchen","status":"publish","type":"post","link":"https:\/\/www.marvinchen.de\/olgas_welt\/blog\/2015\/11\/ein-maerchen-ein-maerchen\/","title":{"rendered":"Ein M\u00e4rchen? Ein M\u00e4rchen!"},"content":{"rendered":"<p>Inspiriert durch das B\u00fchnenprogramm &#8222;Treasure of the Celts &#8211; Ein Tanzm\u00e4rchen&#8220; von der Dresdner <a href=\"http:\/\/irishdancecompany-dresden.de\" target=\"_blank\">Irish Dance Company<\/a>\u00a0am letzten Wochenende, habe ich mir gedacht, dass ich eine Fotoserie von meinem Shooting am 25. Mai diesen Jahres ebenfalls zu einem M\u00e4rchen zusammensetzen kann. Die beiden Modells sind dabei nur\u00a0zuf\u00e4lligerweise\u00a0 \u00a0 \ud83d\ude00 \u00a0 \u00a0auch aus dem Hopserensemble des oben genannten Irish-Dance-M\u00e4rchens, bei dem sich die Menschen der &#8222;Gr\u00fcnen\u00a0Insel&#8220; durch die Einflussnahme von Elfen und einem\u00a0Kobold\u00a0auf die Suche nach dem Schatz der Kelten begeben und musikalisch um die Welt reisen. Ich w\u00fcrde euch ja gerne nahelegen, dieses St\u00fccke ebenfalls zu besuchen, aber leider gab es im Stadtkulturhaus Freital nur zwei Auftritte aufgrund des 10-j\u00e4hrigen Vereinsjubil\u00e4ums des IDC &#8211; die Premiere am 7. zu der wir anwesend sein durften und die Zugabevorstellung am 8.11. &#8230; so m\u00fcsst ihr, liebe Leser, wohl zwangsl\u00e4ufig auf die hoffentlich bald erscheinende DVD\/BluRay in 3D und DTS-Surroundsound warten \u00a0\u00a0\ud83d\ude09<\/p>\n<p>Nun aber zu meiner Geschichte:<br \/>\nEs war einmal eine Waldelfe. Die echten Namen nennen ihre Elfen nie, deshalb werden wir sie Yrlissa taufen. Sie lebte ganz f\u00fcr sich allein\u00a0in einem wundersch\u00f6nen Wald und hatte darin einen\u00a0Lieblingsstein zum Sitzen und Tr\u00e4umen.<\/p>\n<p style=\"text-align: center;\"><a href=\"https:\/\/www.marvinchen.de\/olgas_welt\/blog\/wp-content\/uploads\/2015\/11\/001.jpg\"><img loading=\"lazy\" decoding=\"async\" class=\"aligncenter wp-image-3768\" src=\"https:\/\/www.marvinchen.de\/olgas_welt\/blog\/wp-content\/uploads\/2015\/11\/001.jpg\" alt=\"001\" width=\"560\" height=\"373\" srcset=\"https:\/\/www.marvinchen.de\/olgas_welt\/blog\/wp-content\/uploads\/2015\/11\/001.jpg 800w, https:\/\/www.marvinchen.de\/olgas_welt\/blog\/wp-content\/uploads\/2015\/11\/001-300x200.jpg 300w\" sizes=\"auto, (max-width: 560px) 100vw, 560px\" \/><\/a><\/p>\n<p>Zum Wald geh\u00f6rte auch ein verzauberter See, dessen Oberfl\u00e4che\u00a0ruhig und verschlafen zum Verweilen einlud. In letzter Zeit schaute\u00a0Yrlissa immer\u00a0\u00f6fter sehns\u00fcchtig hinein und w\u00fcnschte sich, darin nicht nur immer ihr eigenes Spiegelbild zu sehen.<\/p>\n<p style=\"text-align: center;\"><a href=\"https:\/\/www.marvinchen.de\/olgas_welt\/blog\/wp-content\/uploads\/2015\/11\/002.jpg\"><img loading=\"lazy\" decoding=\"async\" class=\"aligncenter wp-image-3769\" src=\"https:\/\/www.marvinchen.de\/olgas_welt\/blog\/wp-content\/uploads\/2015\/11\/002.jpg\" alt=\"002\" width=\"420\" height=\"630\" srcset=\"https:\/\/www.marvinchen.de\/olgas_welt\/blog\/wp-content\/uploads\/2015\/11\/002.jpg 533w, https:\/\/www.marvinchen.de\/olgas_welt\/blog\/wp-content\/uploads\/2015\/11\/002-300x450.jpg 300w\" sizes=\"auto, (max-width: 420px) 100vw, 420px\" \/><\/a><\/p>\n<p>Denn so sch\u00f6n ihr ruhiges und gelassenes Waldleben auch war, so f\u00fchlte sie sich an manchen Tagen doch ziemlich einsam und w\u00fcnschte sich eine Freundin. Da ihr Herzenswunsch immer st\u00e4rker und inniger\u00a0wurde, ging er eines Tages in Erf\u00fcllung und Yrlissa sah an einem Baumstamm in ihrem Wald eine andere Waldelfe.<\/p>\n<p style=\"text-align: center;\"><a href=\"https:\/\/www.marvinchen.de\/olgas_welt\/blog\/wp-content\/uploads\/2015\/11\/003.jpg\"><img loading=\"lazy\" decoding=\"async\" class=\"aligncenter wp-image-3770\" src=\"https:\/\/www.marvinchen.de\/olgas_welt\/blog\/wp-content\/uploads\/2015\/11\/003.jpg\" alt=\"003\" width=\"560\" height=\"373\" srcset=\"https:\/\/www.marvinchen.de\/olgas_welt\/blog\/wp-content\/uploads\/2015\/11\/003.jpg 800w, https:\/\/www.marvinchen.de\/olgas_welt\/blog\/wp-content\/uploads\/2015\/11\/003-300x200.jpg 300w\" sizes=\"auto, (max-width: 560px) 100vw, 560px\" \/><\/a><\/p>\n<p>Sie freute sich, war aber auch noch etwas misstrauisch, denn obwohl sie sich so sehr eine Freundin gew\u00fcnscht hatte, wusste sie eben nicht, wir ihr Leben sich jetzt ver\u00e4ndern w\u00fcrde. Deshalb n\u00e4herte sie sich der\u00a0zarten, jungen Elfe noch nicht an. Im Kopf der Yrlissa kreisten dabei ganz viele Gedanken: Wird das eine gute Freundin f\u00fcr mich sein? Sie sieht doch so unschuldig aus. Ist sie vielleicht zu zart besaitet und\u00a0wird immer wieder eingeschnappt sein, wenn ich irgendwas Falsches mache oder sage? Und was wird nun aus meinen Traumstunden?<\/p>\n<p>Am Ende steigerte sie sich so sehr in ihre Gedanken hinein, dass sie traurig wurde, anstatt sich \u00fcber die Erf\u00fcllung ihres sehnlichsten Wunsches zu freuen. Da kam die Neue auf sie zu und tr\u00f6stete sie, denn auch ihr war die neue Situation nicht ganz geheuer.<\/p>\n<p style=\"text-align: center;\"><a href=\"https:\/\/www.marvinchen.de\/olgas_welt\/blog\/wp-content\/uploads\/2015\/11\/004.jpg\"><img loading=\"lazy\" decoding=\"async\" class=\"aligncenter wp-image-3771\" src=\"https:\/\/www.marvinchen.de\/olgas_welt\/blog\/wp-content\/uploads\/2015\/11\/004.jpg\" alt=\"004\" width=\"560\" height=\"373\" srcset=\"https:\/\/www.marvinchen.de\/olgas_welt\/blog\/wp-content\/uploads\/2015\/11\/004.jpg 800w, https:\/\/www.marvinchen.de\/olgas_welt\/blog\/wp-content\/uploads\/2015\/11\/004-300x200.jpg 300w\" sizes=\"auto, (max-width: 560px) 100vw, 560px\" \/><\/a><\/p>\n<p>So haben die beiden Elfen gemerkt, dass sie beide sehr gute Freundinnen sein k\u00f6nnen, wenn sie es nur wollen. Die neue Elfe hie\u00df Malon und sie w\u00fcnschte, einmal das ganze Waldreich von Yrlissa zu sehen. Dieser Wunsch war leicht zu erf\u00fcllen. Von einem Baum aus\u00a0konnte man schon ganz weit in die Ferne blicken, ohne gleich die Baumwipfeln daf\u00fcr erreichen zu m\u00fcssen.<\/p>\n<p style=\"text-align: center;\"><a href=\"https:\/\/www.marvinchen.de\/olgas_welt\/blog\/wp-content\/uploads\/2015\/11\/005.jpg\"><img loading=\"lazy\" decoding=\"async\" class=\"aligncenter wp-image-3772\" src=\"https:\/\/www.marvinchen.de\/olgas_welt\/blog\/wp-content\/uploads\/2015\/11\/005.jpg\" alt=\"005\" width=\"420\" height=\"630\" srcset=\"https:\/\/www.marvinchen.de\/olgas_welt\/blog\/wp-content\/uploads\/2015\/11\/005.jpg 533w, https:\/\/www.marvinchen.de\/olgas_welt\/blog\/wp-content\/uploads\/2015\/11\/005-300x450.jpg 300w\" sizes=\"auto, (max-width: 420px) 100vw, 420px\" \/><\/a><\/p>\n<p>Der verschlafene\u00a0See hat Malon sehr\u00a0beeindruckt, denn noch nie zuvor\u00a0hat sie ihr eigenes Spiegelbild gesehen. Yrlissa freute sich aber am meisten dar\u00fcber, dass sie an der spiegelglatten Oberfl\u00e4che endlich in zwei\u00a0Elfengesichter blicken\u00a0konnte.<\/p>\n<p style=\"text-align: center;\"><a href=\"https:\/\/www.marvinchen.de\/olgas_welt\/blog\/wp-content\/uploads\/2015\/11\/007.jpg\"><img loading=\"lazy\" decoding=\"async\" class=\"aligncenter wp-image-3773\" src=\"https:\/\/www.marvinchen.de\/olgas_welt\/blog\/wp-content\/uploads\/2015\/11\/007.jpg\" alt=\"007\" width=\"420\" height=\"630\" srcset=\"https:\/\/www.marvinchen.de\/olgas_welt\/blog\/wp-content\/uploads\/2015\/11\/007.jpg 533w, https:\/\/www.marvinchen.de\/olgas_welt\/blog\/wp-content\/uploads\/2015\/11\/007-300x450.jpg 300w\" sizes=\"auto, (max-width: 420px) 100vw, 420px\" \/><\/a><\/p>\n<p>Sie lasen stundenlang und sehr oft gemeinsam in dem Zauberbuch, welches jede Elfe in einem Versteck ihres Waldes liegen hat.<\/p>\n<p style=\"text-align: center;\"><a href=\"https:\/\/www.marvinchen.de\/olgas_welt\/blog\/wp-content\/uploads\/2015\/11\/008.jpg\"><img loading=\"lazy\" decoding=\"async\" class=\"aligncenter wp-image-3774\" src=\"https:\/\/www.marvinchen.de\/olgas_welt\/blog\/wp-content\/uploads\/2015\/11\/008.jpg\" alt=\"008\" width=\"420\" height=\"630\" srcset=\"https:\/\/www.marvinchen.de\/olgas_welt\/blog\/wp-content\/uploads\/2015\/11\/008.jpg 533w, https:\/\/www.marvinchen.de\/olgas_welt\/blog\/wp-content\/uploads\/2015\/11\/008-300x450.jpg 300w\" sizes=\"auto, (max-width: 420px) 100vw, 420px\" \/><\/a><\/p>\n<p>Bei einer solchen Lesestunden kam Yrlissa ein neuer Gedanke in den Kopf, welchen sie nat\u00fcrlich sofort ihrer neuen Freundin anvertraute.<\/p>\n<p style=\"text-align: center;\"><a href=\"https:\/\/www.marvinchen.de\/olgas_welt\/blog\/wp-content\/uploads\/2015\/11\/009.jpg\"><img loading=\"lazy\" decoding=\"async\" class=\"aligncenter wp-image-3775\" src=\"https:\/\/www.marvinchen.de\/olgas_welt\/blog\/wp-content\/uploads\/2015\/11\/009.jpg\" alt=\"009\" width=\"560\" height=\"373\" srcset=\"https:\/\/www.marvinchen.de\/olgas_welt\/blog\/wp-content\/uploads\/2015\/11\/009.jpg 800w, https:\/\/www.marvinchen.de\/olgas_welt\/blog\/wp-content\/uploads\/2015\/11\/009-300x200.jpg 300w\" sizes=\"auto, (max-width: 560px) 100vw, 560px\" \/><\/a><\/p>\n<p>Auch Malon fand die etwas verr\u00fcckte Idee ihrer Freundin richtig\u00a0gut. Soll ich euch den geheimen Gedanken dieser beiden Waldelfen verraten? Ich tu es. Sie wollten n\u00e4mlich\u00a0mithilfe von Magie ihre Elfent\u00e4nze den Menschen, welche in der N\u00e4he des Waldes lebten,\u00a0beibringen.<\/p>\n<p style=\"text-align: center;\"><a href=\"https:\/\/www.marvinchen.de\/olgas_welt\/blog\/wp-content\/uploads\/2015\/11\/012.jpg\"><img loading=\"lazy\" decoding=\"async\" class=\"aligncenter wp-image-3776\" src=\"https:\/\/www.marvinchen.de\/olgas_welt\/blog\/wp-content\/uploads\/2015\/11\/012.jpg\" alt=\"012\" width=\"560\" height=\"373\" srcset=\"https:\/\/www.marvinchen.de\/olgas_welt\/blog\/wp-content\/uploads\/2015\/11\/012.jpg 800w, https:\/\/www.marvinchen.de\/olgas_welt\/blog\/wp-content\/uploads\/2015\/11\/012-300x200.jpg 300w\" sizes=\"auto, (max-width: 560px) 100vw, 560px\" \/><\/a><\/p>\n<p>Es wei\u00df sicherlich\u00a0jeder, dass Elfen gern und mit einer eben elfengleichen Leichtigkeit \u00fcber den Boden tanzend schweben. Nun ging es darum, die leichtf\u00fc\u00dfigen Schritte so anzupassen, dass auch die, im Vergleich zu Elfen eher schwerf\u00e4lligen Menschen diese leicht\u00a0erlernen k\u00f6nnten.<\/p>\n<p>Es\u00a0wurde ge\u00fcbt und ge\u00fcbt, einen Fu\u00df vor den anderen gesetzt und immer wieder geschaut, wie die Tanzfigur\u00a0nun wirkt.<\/p>\n<p style=\"text-align: center;\"><a href=\"https:\/\/www.marvinchen.de\/olgas_welt\/blog\/wp-content\/uploads\/2015\/11\/010.jpg\"><img loading=\"lazy\" decoding=\"async\" class=\"aligncenter wp-image-3777\" src=\"https:\/\/www.marvinchen.de\/olgas_welt\/blog\/wp-content\/uploads\/2015\/11\/010.jpg\" alt=\"010\" width=\"560\" height=\"373\" srcset=\"https:\/\/www.marvinchen.de\/olgas_welt\/blog\/wp-content\/uploads\/2015\/11\/010.jpg 800w, https:\/\/www.marvinchen.de\/olgas_welt\/blog\/wp-content\/uploads\/2015\/11\/010-300x200.jpg 300w\" sizes=\"auto, (max-width: 560px) 100vw, 560px\" \/><\/a><\/p>\n<p>Jede Drehung musste so gut sitzen, dass man diese nicht nur als Elfe ausf\u00fchren vermochte, sondern dass sie auch &#8222;menschentauglich&#8220; war.<\/p>\n<p style=\"text-align: center;\"><a href=\"https:\/\/www.marvinchen.de\/olgas_welt\/blog\/wp-content\/uploads\/2015\/11\/013.jpg\"><img loading=\"lazy\" decoding=\"async\" class=\"aligncenter wp-image-3778\" src=\"https:\/\/www.marvinchen.de\/olgas_welt\/blog\/wp-content\/uploads\/2015\/11\/013.jpg\" alt=\"013\" width=\"560\" height=\"373\" srcset=\"https:\/\/www.marvinchen.de\/olgas_welt\/blog\/wp-content\/uploads\/2015\/11\/013.jpg 800w, https:\/\/www.marvinchen.de\/olgas_welt\/blog\/wp-content\/uploads\/2015\/11\/013-300x200.jpg 300w\" sizes=\"auto, (max-width: 560px) 100vw, 560px\" \/><\/a><\/p>\n<p>Selbst\u00a0wenn die Aufgabe noch so ernst war, Yrlissa und Malon hatten viel Spa\u00df dabei und g\u00f6nnten sich hin und wieder sogar eine Bl\u00f6delpause.<\/p>\n<p style=\"text-align: center;\"><a href=\"https:\/\/www.marvinchen.de\/olgas_welt\/blog\/wp-content\/uploads\/2015\/11\/014.jpg\"><img loading=\"lazy\" decoding=\"async\" class=\"aligncenter wp-image-3779\" src=\"https:\/\/www.marvinchen.de\/olgas_welt\/blog\/wp-content\/uploads\/2015\/11\/014.jpg\" alt=\"014\" width=\"560\" height=\"373\" srcset=\"https:\/\/www.marvinchen.de\/olgas_welt\/blog\/wp-content\/uploads\/2015\/11\/014.jpg 800w, https:\/\/www.marvinchen.de\/olgas_welt\/blog\/wp-content\/uploads\/2015\/11\/014-300x200.jpg 300w\" sizes=\"auto, (max-width: 560px) 100vw, 560px\" \/><\/a><\/p>\n<p>Nach getaner Arbeit wurde wie immer\u00a0reichlich Zeit zum Tr\u00e4umen genutzt. Nun sa\u00df Yrlissa aber nicht mehr allein auf ihrem Stein im Schatten der B\u00e4ume, sondern auf einer bunten Wiese mit ihrer Seelenschwester Malon.<\/p>\n<p style=\"text-align: center;\"><a href=\"https:\/\/www.marvinchen.de\/olgas_welt\/blog\/wp-content\/uploads\/2015\/11\/015.jpg\"><img loading=\"lazy\" decoding=\"async\" class=\"aligncenter wp-image-3780\" src=\"https:\/\/www.marvinchen.de\/olgas_welt\/blog\/wp-content\/uploads\/2015\/11\/015.jpg\" alt=\"015\" width=\"560\" height=\"373\" srcset=\"https:\/\/www.marvinchen.de\/olgas_welt\/blog\/wp-content\/uploads\/2015\/11\/015.jpg 800w, https:\/\/www.marvinchen.de\/olgas_welt\/blog\/wp-content\/uploads\/2015\/11\/015-300x200.jpg 300w\" sizes=\"auto, (max-width: 560px) 100vw, 560px\" \/><\/a><\/p>\n<p>Nach diesen Mu\u00dfestunden ging es immer wieder erneut zur\u00fcck an die Arbeit, denn alle Tanzschritte mussten einfach perfekt werden &#8230; darin waren sich beide Freundinnen von Anfang an einig.<\/p>\n<p style=\"text-align: center;\"><a href=\"https:\/\/www.marvinchen.de\/olgas_welt\/blog\/wp-content\/uploads\/2015\/11\/011.jpg\"><img loading=\"lazy\" decoding=\"async\" class=\"aligncenter wp-image-3781\" src=\"https:\/\/www.marvinchen.de\/olgas_welt\/blog\/wp-content\/uploads\/2015\/11\/011.jpg\" alt=\"011\" width=\"560\" height=\"373\" srcset=\"https:\/\/www.marvinchen.de\/olgas_welt\/blog\/wp-content\/uploads\/2015\/11\/011.jpg 800w, https:\/\/www.marvinchen.de\/olgas_welt\/blog\/wp-content\/uploads\/2015\/11\/011-300x200.jpg 300w\" sizes=\"auto, (max-width: 560px) 100vw, 560px\" \/><\/a><\/p>\n<p>Als\u00a0sie sicher waren, dass ihnen das Vorhaben gelungen ist, die Elfent\u00e4nze in menschliche Schritte umzusetzen, freuten sie sich vom Herzen.<\/p>\n<p style=\"text-align: center;\"><a href=\"https:\/\/www.marvinchen.de\/olgas_welt\/blog\/wp-content\/uploads\/2015\/11\/016.jpg\"><img loading=\"lazy\" decoding=\"async\" class=\"aligncenter wp-image-3782\" src=\"https:\/\/www.marvinchen.de\/olgas_welt\/blog\/wp-content\/uploads\/2015\/11\/016.jpg\" alt=\"016\" width=\"560\" height=\"373\" srcset=\"https:\/\/www.marvinchen.de\/olgas_welt\/blog\/wp-content\/uploads\/2015\/11\/016.jpg 800w, https:\/\/www.marvinchen.de\/olgas_welt\/blog\/wp-content\/uploads\/2015\/11\/016-300x200.jpg 300w\" sizes=\"auto, (max-width: 560px) 100vw, 560px\" \/><\/a><\/p>\n<p>Die Menschen, welchen Yrlissa und Malon die T\u00e4nze zeigten, waren sofort von den neuen M\u00f6glichkeiten verzaubert und wollten\u00a0diese ungewohnten Bewegungsabl\u00e4ufe\u00a0mit Begeisterung sofort selbst erlernen. Und wer sehen m\u00f6chte, was die menschlichen T\u00e4nzer am Ende daraus gemacht haben, sollte sich unbedingt\u00a0diese <a href=\"https:\/\/www.youtube.com\/watch?v=0wwU4KPL6gk&amp;feature=youtu.be\" target=\"_blank\">Geschichte<\/a>\u00a0in Videoform\u00a0ansehen.<\/p>\n<p>Die Menschen waren gl\u00fccklich und genau so gl\u00fccklich f\u00fchlten sich die beiden Freundinnen, die Waldelfen Yrlissa und Malon. Und wer wei\u00df, vielleicht denken sich die Zwei noch ein anderes Geschenk f\u00fcr ihre menschlichen Nachbarn aus und ich darf dann wieder dar\u00fcber berichten &#8230; wir werden sehen.<\/p>\n","protected":false},"excerpt":{"rendered":"<p>Inspiriert durch das B\u00fchnenprogramm &#8222;Treasure of the Celts &#8211; Ein Tanzm\u00e4rchen&#8220; von der Dresdner Irish Dance Company\u00a0am letzten Wochenende, habe ich mir gedacht, dass ich eine Fotoserie von meinem Shooting am 25. Mai diesen Jahres ebenfalls zu einem M\u00e4rchen zusammensetzen kann. Die beiden Modells sind dabei nur\u00a0zuf\u00e4lligerweise\u00a0 \u00a0 \ud83d\ude00 \u00a0 \u00a0auch aus dem Hopserensemble des [&hellip;]<\/p>\n","protected":false},"author":3,"featured_media":0,"comment_status":"open","ping_status":"closed","sticky":false,"template":"","format":"standard","meta":{"ngg_post_thumbnail":0,"footnotes":""},"categories":[822,4,7,8,1],"tags":[1166,587,716,112,1167,646,836,825,853,764,1088,1152,13,662,1062,581],"class_list":["post-3767","post","type-post","status-publish","format-standard","hentry","category-fotografie-und-photoshop","category-freud-und-leid","category-freunde-und-co","category-hoeren-und-lesen","category-olca-und-stan","tag-elfen","tag-foto","tag-fotografieren","tag-fotoshooting","tag-fotostory","tag-freund","tag-freundschaft","tag-idc","tag-ines","tag-irish-dance","tag-manu","tag-maerchen","tag-olga","tag-schreiben","tag-tanz","tag-tanzen"],"_links":{"self":[{"href":"https:\/\/www.marvinchen.de\/olgas_welt\/blog\/wp-json\/wp\/v2\/posts\/3767","targetHints":{"allow":["GET"]}}],"collection":[{"href":"https:\/\/www.marvinchen.de\/olgas_welt\/blog\/wp-json\/wp\/v2\/posts"}],"about":[{"href":"https:\/\/www.marvinchen.de\/olgas_welt\/blog\/wp-json\/wp\/v2\/types\/post"}],"author":[{"embeddable":true,"href":"https:\/\/www.marvinchen.de\/olgas_welt\/blog\/wp-json\/wp\/v2\/users\/3"}],"replies":[{"embeddable":true,"href":"https:\/\/www.marvinchen.de\/olgas_welt\/blog\/wp-json\/wp\/v2\/comments?post=3767"}],"version-history":[{"count":0,"href":"https:\/\/www.marvinchen.de\/olgas_welt\/blog\/wp-json\/wp\/v2\/posts\/3767\/revisions"}],"wp:attachment":[{"href":"https:\/\/www.marvinchen.de\/olgas_welt\/blog\/wp-json\/wp\/v2\/media?parent=3767"}],"wp:term":[{"taxonomy":"category","embeddable":true,"href":"https:\/\/www.marvinchen.de\/olgas_welt\/blog\/wp-json\/wp\/v2\/categories?post=3767"},{"taxonomy":"post_tag","embeddable":true,"href":"https:\/\/www.marvinchen.de\/olgas_welt\/blog\/wp-json\/wp\/v2\/tags?post=3767"}],"curies":[{"name":"wp","href":"https:\/\/api.w.org\/{rel}","templated":true}]}}