{"id":3785,"date":"2015-11-24T13:05:36","date_gmt":"2015-11-24T12:05:36","guid":{"rendered":"http:\/\/www.marvinchen.de\/olgas_welt\/blog\/?p=3785"},"modified":"2015-11-27T14:22:59","modified_gmt":"2015-11-27T13:22:59","slug":"kleine-freuden-des-alltags","status":"publish","type":"post","link":"https:\/\/www.marvinchen.de\/olgas_welt\/blog\/2015\/11\/kleine-freuden-des-alltags\/","title":{"rendered":"Kleine Freuden des Alltags"},"content":{"rendered":"<p>Die vergangene Woche hatte immer wieder einige sch\u00f6ne Momente f\u00fcr mich parat.<\/p>\n<p>Der Mittwoch war in Sachsen frei, weil wir immer noch den Bu\u00df- und Bettag haben, wof\u00fcr wir als Arbeitnehmer nat\u00fcrlich blechen d\u00fcrfen. Aber so ein freier Tag im November, welchen\u00a0Carsten und ich zum Lesen, Kochen\u00a0und &#8222;Rocky&#8220;-Filme gucken genutzt haben, ist eigentlich schon eine \u00e4u\u00dferst sch\u00f6ne Unterbrechung der Arbeitswoche \u00a0 \u00a0\ud83d\ude09<\/p>\n<p>Am Donnerstagabend hatten wir zwei Besucher in unserer Wohnung, auf die wir uns immer freuen:\u00a0Anna kam nach einem Spaziergang mit dem Hund vorbei. Leon war platt und beanspruchte f\u00fcr sich recht schnell einen Platz auf dem Teppich vor der Couch. Diese\u00a0als solche\u00a0geh\u00f6rte aber ganz alleine Anna und mir, denn da Carsten wusste was wir vorhatten, fl\u00fcchtete er vorsichtshalber ins andere Zimmer. Ich habe w\u00e4hrend unserer Ukrainereise auf einem Markt ein paar CDs mit Liedern aus den 70ern, 80ern und 90ern mitgebracht. Wohl gemerkt, alle Lieder sind aus der guten, alten Sowjetzeit, aber zum Gl\u00fcck nicht allzu\u00a0arg patriotisch \u00a0 \u00a0\ud83d\ude09<br \/>\nF\u00fcr diese H\u00f6r- und Erinnerungsfreuden trafen\u00a0Anna und ich uns schon einmal, denn es ist sehr interessant, die Lieder anzuh\u00f6ren, zu erraten und die pers\u00f6nlichen\u00a0Erinnerungen, welche mit diesen Liedern verkn\u00fcpft sind, zu teilen &#8211; es macht uns\u00a0beiden enorm viel Spa\u00df \u00a0 \u00a0\ud83d\ude42 \u00a0 \u00a0und nat\u00fcrlich haben wir bei etlichen selber mitgesungen &#8230; worauf Leon\u00a0nach\u00a0einer gewissen Zeit\u00a0seine m\u00fcden Glieder vom Teppich erhob und sich in Carstens N\u00e4he schleppte, wo er weder die alten Musikschinken, noch unser fr\u00f6hliches Gebr\u00fcll anh\u00f6ren musste\u00a0\u00a0\u00a0 \ud83d\ude42<br \/>\nDie ersten 210 Lieder, welche dank MP3-Format alle auf eine CD passten, konnten wir inzwischen durchh\u00f6ren, aber wir haben noch eine weitere, allerdings\u00a0mit\u00a0nur\u00a0136 Liedern, da liegen \u00a0 \u00a0\ud83d\ude00<\/p>\n<p>Am Feiertag und Wochenende tauchten Carsten und ich ebenfalls in die Nostalgie der 80er\/90er ein, denn die DVD-Box &#8222;Rocky-Saga&#8220;\u00a0wartete eigentlich schon etwas l\u00e4nger auf ein Ansehen. Ich wusste zwar im Gro\u00dfen und Ganzen noch, um was es in den Filmen 1-4 ging, aber da ich sie zum letzten Mal vor \u00fcber 20 Jahren angesehen habe, konnte ich mich nicht wirklich an etwas erinnern. Nun bin ich wieder Up-to-Date bez\u00fcglich\u00a0Adrian (seine Frau), Apollo Creed (Gegner in 1 &amp; 2, Trainer in 3), Clubber Lang (Mr.T als Gegner in Teil 3), Ivan Drago (Dolph Lundgren als b\u00f6ser, russischer Gegner in Teil 4), Tommy Gunn (Rockys Trainerdeb\u00fct in Teil 5) und Mason \u201eThe Line\u201c Dixon (Rockys Computergegner in Teil 6) \u00a0 \u00a0\ud83d\ude42 \u00a0 \u00a0&#8230; darauf eine <a href=\"https:\/\/www.youtube.com\/watch?v=hKQioyQDowU\" target=\"_blank\">Rocky-Fanfare<\/a> !!!<\/p>\n<p>Zum &#8222;Ausgleich&#8220; schauten wir uns am Sonntagabend einen etwas anspruchsvolleren Streifen auf DVD\u00a0an:\u00a0<a href=\"https:\/\/www.youtube.com\/watch?v=wu9JeTX6Sdw\" target=\"_blank\">Die Frau in Gold<\/a>. Wer sich f\u00fcr das Thema Kunstraub und im Allgemeinen die Verbindung zwischen unseren Zeiten und dem Zweiten Weltkrieg\u00a0interessiert, soll diesen Film nicht verpassen. Ich fand, er ist sehr gut gemacht und Helen Mirren halte ich\u00a0ohnehin f\u00fcr eine gro\u00dfartige Schauspielerin.<\/p>\n<p>Auch wenn es scheinen mag, wir haben allerdings nicht nur Filme geschaut. Am Sonntagvormittag bekamen\u00a0wir \u00fcberraschend eine spontane Einladung in die Com\u00f6die Dresden, wo am Nachmittag richtig &#8222;<a href=\"http:\/\/www.comoedie-dresden.de\/produktion\/heisse-zeiten\/\" target=\"_blank\">Hei\u00dfe Zeiten<\/a>&#8220;\u00a0erlebt werden konnten \u00a0 \u00a0\ud83d\ude42 \u00a0 \u00a0Gundel und Peter haben nach einem Geburtstagsgeschenk f\u00fcr mich gesucht und kamen auf die Idee, zu fragen, ob ich ein Problem damit h\u00e4tte, mein Geschenk schon ein paar Tage vorher zu erhalten \u00a0 \u00a0\ud83d\ude09 \u00a0 \u00a0&#8230; hatte ich nat\u00fcrlich nicht und so genossen wir zu viert eine lustige Vorstellung \u00fcber den Umgang mit und die \u00dcberraschungen zu den Wechseljahren. Nun weiss mein Mann, worauf er sich bei mir \u00fcber kurz oder lang einstellen darf\u00a0\u00a0\u00a0 \ud83d\ude09 \u00a0 \u00a0Ich bin den beiden sooooo dankbar, dass sie diese geniale Idee hatten, mit uns spontan ins Theater zu gehen &#8211; es war ein toller Nachmittag!<\/p>\n<p>Ansonsten haben Carsten und ich die letzten Tage etliche Spazierg\u00e4nge unternommen, damit ich Bilder f\u00fcr mein Monatsprojekt &#8222;Fensterleben &amp; \u00a0-l\u00e4den&#8220; durch die Linse sammeln konnte. Bei unseren\u00a0Streifz\u00fcgen durch Striesen zeigte es sich f\u00fcr uns deutlich: der November war insgesamt sehr warm geraten. Das hat offensichtlich aber nicht nur den Menschen gut getan, den anscheinend ist die Natur wohl auch obgleich dieser Temperaturen voll reingefallen\u00a0\u00a0\u00a0 \ud83d\ude09<\/p>\n<p style=\"text-align: center;\"><a href=\"https:\/\/www.marvinchen.de\/olgas_welt\/blog\/wp-content\/uploads\/2015\/11\/kleinIMG_0127.jpg\"><img loading=\"lazy\" decoding=\"async\" class=\"aligncenter wp-image-3786\" src=\"https:\/\/www.marvinchen.de\/olgas_welt\/blog\/wp-content\/uploads\/2015\/11\/kleinIMG_0127.jpg\" alt=\"kleinIMG_0127\" width=\"560\" height=\"373\" srcset=\"https:\/\/www.marvinchen.de\/olgas_welt\/blog\/wp-content\/uploads\/2015\/11\/kleinIMG_0127.jpg 801w, https:\/\/www.marvinchen.de\/olgas_welt\/blog\/wp-content\/uploads\/2015\/11\/kleinIMG_0127-300x200.jpg 300w, https:\/\/www.marvinchen.de\/olgas_welt\/blog\/wp-content\/uploads\/2015\/11\/kleinIMG_0127-800x533.jpg 800w\" sizes=\"auto, (max-width: 560px) 100vw, 560px\" \/><\/a><\/p>\n<p>Dieses Bild habe ich am Sonntagvormittag, den 22.11. aufgenommen !!!\u00a0Aber nun ist es auch bei uns in Dresden\u00a0sehr viel\u00a0k\u00e4lter geworden und ich hoffe, dass das B\u00e4umchen diese Wetterkapriolen ohne Sch\u00e4den \u00fcbersteht &#8230;<\/p>\n<p>Bei den Spazierg\u00e4ngen haben wir \u00fcbrigens auch diese\u00a0Komposition auf dem Barbarossaplatz entdeckt.<\/p>\n<p style=\"text-align: center;\"><a href=\"https:\/\/www.marvinchen.de\/olgas_welt\/blog\/wp-content\/uploads\/2015\/11\/kleinIMG_0177.jpg\"><img loading=\"lazy\" decoding=\"async\" class=\"aligncenter wp-image-3787\" src=\"https:\/\/www.marvinchen.de\/olgas_welt\/blog\/wp-content\/uploads\/2015\/11\/kleinIMG_0177.jpg\" alt=\"kleinIMG_0177\" width=\"560\" height=\"373\" srcset=\"https:\/\/www.marvinchen.de\/olgas_welt\/blog\/wp-content\/uploads\/2015\/11\/kleinIMG_0177.jpg 800w, https:\/\/www.marvinchen.de\/olgas_welt\/blog\/wp-content\/uploads\/2015\/11\/kleinIMG_0177-300x200.jpg 300w\" sizes=\"auto, (max-width: 560px) 100vw, 560px\" \/><\/a><\/p>\n<p>Wer lange Zeit auf dieser Bank verbringt, wird zwangsl\u00e4ufig zum Baumrindenexperten, denn irgendwas anderes sieht man bei dem Standort kaum \u00a0 \u00a0\ud83d\ude09 \u00a0 \u00a0da hat man wohl nicht nur sprichw\u00f6rtlich ein Brett vor dem Kopf, sondern gleich den ganzen Baum\u00a0\u00a0\u00a0 \ud83d\ude00<\/p>\n<p>Die jetzige Woche wird f\u00fcr mich \u00fcbrigens auch weiterhin positiv verlaufen &#8211; trotz immens vollem Terminplan. Ich freue mich wie Bolle darauf, dass Stephanie wieder f\u00fcr ein paar Tage zu uns ins Apartamento OLCA kommt, dass ich am Donnerstag und Freitag frei bekommen habe, dadurch meinen Geburtstag am Donnerstag von morgens bis abends mit meinen drei Lieben\u00a0verbringen kann, am Tag\u00a0danach\u00a0so viel Zeit zur Verf\u00fcgung habe, um f\u00fcr den\u00a0Freitagabend leckere Sachen f\u00fcr meine Geburtstagsfeier mit Freunden zu kochen und nat\u00fcrlich freue ich mich unendlich auf den feierlichen Abend als solches &#8211; das muss eine besonders sch\u00f6ne Woche werden!<\/p>\n","protected":false},"excerpt":{"rendered":"<p>Die vergangene Woche hatte immer wieder einige sch\u00f6ne Momente f\u00fcr mich parat. Der Mittwoch war in Sachsen frei, weil wir immer noch den Bu\u00df- und Bettag haben, wof\u00fcr wir als Arbeitnehmer nat\u00fcrlich blechen d\u00fcrfen. Aber so ein freier Tag im November, welchen\u00a0Carsten und ich zum Lesen, Kochen\u00a0und &#8222;Rocky&#8220;-Filme gucken genutzt haben, ist eigentlich schon eine [&hellip;]<\/p>\n","protected":false},"author":3,"featured_media":0,"comment_status":"open","ping_status":"closed","sticky":false,"template":"","format":"standard","meta":{"ngg_post_thumbnail":0,"footnotes":""},"categories":[3,12,822,4,7,1],"tags":[56,14,1017,412,52,587,716,53,1169,832,1168,644,13,497],"class_list":["post-3785","post","type-post","status-publish","format-standard","hentry","category-ausfluege-und-reisen","category-film-und-fernsehen","category-fotografie-und-photoshop","category-freud-und-leid","category-freunde-und-co","category-olca-und-stan","tag-anna","tag-carsten","tag-comoedie","tag-dvd","tag-film","tag-foto","tag-fotografieren","tag-geburtstag","tag-gundel-und-peter","tag-leon","tag-lieder","tag-musik","tag-olga","tag-theater"],"_links":{"self":[{"href":"https:\/\/www.marvinchen.de\/olgas_welt\/blog\/wp-json\/wp\/v2\/posts\/3785","targetHints":{"allow":["GET"]}}],"collection":[{"href":"https:\/\/www.marvinchen.de\/olgas_welt\/blog\/wp-json\/wp\/v2\/posts"}],"about":[{"href":"https:\/\/www.marvinchen.de\/olgas_welt\/blog\/wp-json\/wp\/v2\/types\/post"}],"author":[{"embeddable":true,"href":"https:\/\/www.marvinchen.de\/olgas_welt\/blog\/wp-json\/wp\/v2\/users\/3"}],"replies":[{"embeddable":true,"href":"https:\/\/www.marvinchen.de\/olgas_welt\/blog\/wp-json\/wp\/v2\/comments?post=3785"}],"version-history":[{"count":0,"href":"https:\/\/www.marvinchen.de\/olgas_welt\/blog\/wp-json\/wp\/v2\/posts\/3785\/revisions"}],"wp:attachment":[{"href":"https:\/\/www.marvinchen.de\/olgas_welt\/blog\/wp-json\/wp\/v2\/media?parent=3785"}],"wp:term":[{"taxonomy":"category","embeddable":true,"href":"https:\/\/www.marvinchen.de\/olgas_welt\/blog\/wp-json\/wp\/v2\/categories?post=3785"},{"taxonomy":"post_tag","embeddable":true,"href":"https:\/\/www.marvinchen.de\/olgas_welt\/blog\/wp-json\/wp\/v2\/tags?post=3785"}],"curies":[{"name":"wp","href":"https:\/\/api.w.org\/{rel}","templated":true}]}}