{"id":3790,"date":"2015-11-29T19:49:15","date_gmt":"2015-11-29T18:49:15","guid":{"rendered":"http:\/\/www.marvinchen.de\/olgas_welt\/blog\/?p=3790"},"modified":"2015-11-29T19:51:32","modified_gmt":"2015-11-29T18:51:32","slug":"45","status":"publish","type":"post","link":"https:\/\/www.marvinchen.de\/olgas_welt\/blog\/2015\/11\/45\/","title":{"rendered":"45"},"content":{"rendered":"<p>Wie ich schon in meinem letzten<a href=\"https:\/\/www.marvinchen.de\/olgas_welt\/blog\/2015\/11\/kleine-freuden-des-alltags\/\" target=\"_blank\"> Blogeintrag<\/a> angedeutet habe, hatte ich sehr gro\u00dfe Erwartungen an diese Woche. Was soll ich nun sagen: sie wurden nicht erf\u00fcllt, ich finde, sie wurden sogar \u00fcbertroffen \u00a0 \u00a0\ud83d\ude42<\/p>\n<p>Die Feierlichkeiten gingen schon am Donnerstag los, kaum, dass wir die Mitternacht geschafft hatten. Wir waren nach langer Zeit wieder mal zu viert unter einem Dach vereint und so habe ich meine Geschenke und die Gl\u00fcckw\u00fcnsche von meinem Mann und den beiden Kindern bereits vorm Schlafengehen bekommen. Es war so s\u00fc\u00df! Carsten war sogar\u00a0etwas \u00fcbereifrig und hat mir schon meine &#8222;Sherlock&#8220;-DVD-Box \u00fcberreicht, obwohl er sie eigentlich als Weihnachtsgeschenk gekauft\u00a0hatte. Unseligerweise hat er sie zusammen mit den Geburtstagsgeschenken an einem Ort versteckt und so landete diese Box zusammen mit einem <a href=\"http:\/\/www.amazon.de\/Fr%C3%BChst%C3%BCck-Karikatur-Pl%C3%A4tzchen-Ausstechform-Sandwich-Werkzeug\/dp\/B00S6ANTTA\/ref=pd_sim_79_1?ie=UTF8&amp;dpID=51d5FWP%2BXfL&amp;dpSrc=sims&amp;preST=_AC_UL160_SR160%2C160_&amp;refRID=153VR4GP15V70PVKA74F\" target=\"_blank\">Brotausstecher<\/a>\u00a0in B\u00e4renkopfform und einem Gutschein f\u00fcr\u00a0zehn Besuche in der <a href=\"http:\/\/www.salzgrotte-dresden-radebeul.de\/\" target=\"_blank\">Salzgrotte<\/a>\u00a0auf meinem Geschenketisch. Von den Kindern \u00a0bekam ich einen Korb. Genauer gesagt einen Korb, welcher als Adventskalender dient und voll mit verschiedenen \u00dcberraschungen gef\u00fcllt ist,\u00a0die ich im n\u00e4chsten Monat\u00a0nach und nach\u00a0auspacken werde. Nur das P\u00e4ckchen f\u00fcr den 1. Dezember war schon ausgepackt: ein Moosb\u00e4r, was nicht nur sprichw\u00f6rtlich, sondern tats\u00e4chlich eine Moosfigur in B\u00e4renform ist. Der braucht eben auch schon vor dem n\u00e4chsten Monat\u00a0etwas Wasser\u00a0in seiner Schale, damit er nicht austrocknet\u00a0\u00a0\u00a0 \ud83d\ude09<\/p>\n<p>Der Geburtstag selber war ein richtig sch\u00f6ner und gem\u00fctlicher Familientag! Am Anfang g\u00f6nnten wir uns ein Fr\u00fchst\u00fcck vom Buffet in\u00a0der &#8222;<a href=\"http:\/\/www.planwirtschaft-dresden.de\/de\/\" target=\"_blank\">Planwirtschaft<\/a>&#8220; &#8211; kein \u00dcberangebot, aber alles, was man zum Fr\u00fchst\u00fcck braucht und das, was es dort gab, fanden wir sehr lecker.\u00a0Au\u00dferdem ich war echt froh, dass es\u00a0dieses M\u00f6glichkeit \u00fcberhaupt gibt, denn mitten in der Woche (Donnerstag) ein Fr\u00fchst\u00fccksbuffet zu finden ist wahrlich keine leichte Aufgabe! Nach dem Essen fuhren wir in die &#8222;<a href=\"http:\/\/www.bowlingarena-dresden.de\/\" target=\"_blank\">Bowling Arena<\/a>&#8220; zum Spielen. Bloss gut, dass ich weit im Vorfeld eine Bowlingbahn f\u00fcr uns reserviert hatte \u00a0 \u00a0\ud83d\ude09 \u00a0 \u00a0denn wir konnten uns vor anderen Spielern auf den \u00fcbrigen 14 Bahnen gar nicht retten &#8230; nee, wir waren die absolut einzigen Bowlern\u00a0an diesem Nachmittag \u00a0 \u00a0\ud83d\ude00<\/p>\n<p style=\"text-align: center;\"><a href=\"https:\/\/www.marvinchen.de\/olgas_welt\/blog\/wp-content\/uploads\/2015\/11\/IMG_0060.jpg\"><img loading=\"lazy\" decoding=\"async\" class=\"aligncenter wp-image-3791\" src=\"https:\/\/www.marvinchen.de\/olgas_welt\/blog\/wp-content\/uploads\/2015\/11\/IMG_0060.jpg\" alt=\"IMG_0060\" width=\"420\" height=\"560\" srcset=\"https:\/\/www.marvinchen.de\/olgas_welt\/blog\/wp-content\/uploads\/2015\/11\/IMG_0060.jpg 590w, https:\/\/www.marvinchen.de\/olgas_welt\/blog\/wp-content\/uploads\/2015\/11\/IMG_0060-300x400.jpg 300w\" sizes=\"auto, (max-width: 420px) 100vw, 420px\" \/><\/a><\/p>\n<p>Auch wenn ich auf dem Foto so zufrieden aussehe &#8211; gespielt habe ich echt miserabel und belegte\u00a0auf der Familienrangliste des Tages sowohl bei der Gesamtpunktzahl als auch bei den Einzelwertungen der vier Spiele den untersten Platz. Selbst meine Hoffnungen, wenigstens einmal eines der Kinder zu \u00fcberholen, wurden schon bei den ersten W\u00fcrfen j\u00e4h zerst\u00f6rt. Naja,\u00a0hoffentlich lerne ich\u00a0nun mit (weisen) 45 Jahren, wie man richtig eine ruhige Kugel schiebt\u00a0 \u00a0 \ud83d\ude09<\/p>\n<p>Nach der sportlichen Bet\u00e4tigung kehrten wir erneut in die Innenstadt zur\u00fcck und nutzten die Gelegenheit \u00fcber den <a href=\"http:\/\/www.mittelalter-weihnacht.de\/startseite.html\" target=\"_blank\">Mittelalterlichen Weihnachtsmarkt im Stallhof<\/a>\u00a0zu schlendern, nachdem wir die Menschenmassen auf dem <a href=\"http:\/\/www.dresden.de\/de\/kultur\/veranstaltungen\/dresdner-striezelmarkt.php\" target=\"_blank\">581. Striezelmarkt<\/a>\u00a0hinter uns gelassen hatten. Leider spielte\u00a0das Wetter nicht so richtig mit, denn es begann immer st\u00e4rker zu regnen. Gl\u00fccklicherweise hatten wir schon vor Tagen einen Tisch im &#8222;<a href=\"http:\/\/www.ayersrock-dresden.de\/\" target=\"_blank\">Ayers Rock<\/a>&#8222;, einem australischen Restaurant nicht weit vom Dresdner Schloss entfernt, reserviert und konnten diesen schon ein paar Min\u00fctchen vorher als regensch\u00fctzenden Unterschlupf f\u00fcr uns beanspruchen\u00a0\u00a0\u00a0 \ud83d\ude42 \u00a0 \u00a0f\u00fcr mehr als drei Stunden wurde es ein richtig gem\u00fctlicher Ort, warm, mit supergutem Essen und sehr nettem Personal &#8211; perfekt f\u00fcr ein Geburtstagsessen im Kreise der Familie\u00a0\u00a0\u00a0 :verliebt:<\/p>\n<p style=\"text-align: center;\"><a href=\"https:\/\/www.marvinchen.de\/olgas_welt\/blog\/wp-content\/uploads\/2015\/11\/aIMG_0182.jpg\"><img loading=\"lazy\" decoding=\"async\" class=\"aligncenter wp-image-3792\" src=\"https:\/\/www.marvinchen.de\/olgas_welt\/blog\/wp-content\/uploads\/2015\/11\/aIMG_0182.jpg\" alt=\"aIMG_0182\" width=\"560\" height=\"420\" srcset=\"https:\/\/www.marvinchen.de\/olgas_welt\/blog\/wp-content\/uploads\/2015\/11\/aIMG_0182.jpg 800w, https:\/\/www.marvinchen.de\/olgas_welt\/blog\/wp-content\/uploads\/2015\/11\/aIMG_0182-300x225.jpg 300w\" sizes=\"auto, (max-width: 560px) 100vw, 560px\" \/><\/a><\/p>\n<p>Am Freitag habe ich anfangs ganz viel Zeit in der K\u00fcche verbracht, um f\u00fcr meine werten G\u00e4ste <a href=\"https:\/\/www.marvinchen.de\/webbibliothek\/_olca_kochbuch\/rezepte\/borschtsch_a_la_olca.htm\" target=\"_blank\">Borschtsch<\/a>, <a href=\"https:\/\/de.wikipedia.org\/wiki\/Pilaw\" target=\"_blank\">Plow<\/a> und <a href=\"http:\/\/www.russlandjournal.de\/russische-rezepte\/gebaeck\/torte-napoleon\/\" target=\"_blank\">Napoleon<\/a>\u00a0zu machen.\u00a0Bei der Zubereitung der verschiedenen Vorspeisen wie Salate und gef\u00fcllte Eier konnte ich mein neues,\u00a0in Lviv gekauftes Buch &#8222;Ukrainische K\u00fcche&#8220; nutzen. Da\u00a0all das, was\u00a0ich aufgetischt habe, mit viel Appetit und\u00a0Freude in\u00a0Begleitung von lobenden Worten fast komplett aufgegessen wurde, l\u00e4\u00dft es mich annehmen, dass\u00a0mein Speiseplan den Geschmack der Freunde getroffen hat\u00a0\u00a0\u00a0 \ud83d\ude42 \u00a0 \u00a0Das hat mich echt gefreut! Und ich erfreute mich nat\u00fcrlich auch an den\u00a0vielen sch\u00f6nen und liebevoll ausgesuchten\u00a0Geschenke meiner Freunde:<\/p>\n<p style=\"text-align: center;\"><a href=\"https:\/\/www.marvinchen.de\/olgas_welt\/blog\/wp-content\/uploads\/2015\/11\/IMG_0011.jpg\"><img loading=\"lazy\" decoding=\"async\" class=\"aligncenter wp-image-3793\" src=\"https:\/\/www.marvinchen.de\/olgas_welt\/blog\/wp-content\/uploads\/2015\/11\/IMG_0011.jpg\" alt=\"IMG_0011\" width=\"560\" height=\"420\" srcset=\"https:\/\/www.marvinchen.de\/olgas_welt\/blog\/wp-content\/uploads\/2015\/11\/IMG_0011.jpg 800w, https:\/\/www.marvinchen.de\/olgas_welt\/blog\/wp-content\/uploads\/2015\/11\/IMG_0011-300x225.jpg 300w\" sizes=\"auto, (max-width: 560px) 100vw, 560px\" \/><\/a><\/p>\n<p>Am Samstag haben wir &#8211; leider ohne Andrea &#8211; einen ganz ruhigen Familientag mit Stephanie gemacht: ausschlafen, gem\u00fctlich fr\u00fchst\u00fccken, ins Kino gehen und &#8222;<a href=\"https:\/\/de.wikipedia.org\/wiki\/Die_Tribute_von_Panem_%E2%80%93_Mockingjay_Teil_2\" target=\"_blank\">Die Tribute von Panem &#8211; Mockingjay Teil 2<\/a>&#8220; anschauen &#8211; wobei ich zugeben\u00a0muss, dass die Endszenen mein Kind und mich sogar zu Tr\u00e4nen ger\u00fchrt haben. Zur\u00fcck im Apartamento OLCA kochten wir zusammen Wirsingrouladen, vernichteten diese auch mit viel Genuss und beendeten den Tag abschlie\u00dfend mit Spielen, wie &#8222;Kniffel&#8220;, &#8222;Mensch-\u00e4rgere-dich-nicht&#8220; und &#8222;Mikado&#8220;. Das war soooooo sch\u00f6n! Soll ich mal am Rande erw\u00e4hnen, dass ich auch diesmal bei keinem der Spielerunden (2x\/2x\/1x) gewonnen habe \u00a0 \u00a0\ud83d\ude09 \u00a0 \u00a0?<\/p>\n<p>Heute fr\u00fch\u00a0packte\u00a0Stephanie dann nach dem Fr\u00fchst\u00fcck\u00a0ihren Rucksack, um mittags von Papa abgeholt zu werden.\u00a0Ich musste mich allerdings schon um halb 10 von ihr verabschieden, da ich mich mit Andrea und Karl\u00a0in der Stadt verabredet hatte, denn sie wollten vom mir ein paar Fotos\u00a0von Dresden und sich machen lassen. Nun ja, es sind etwas unkonventionelle Aufnahmen geworden \u00a0 \u00a0\ud83d\ude09<\/p>\n<p>Man, was mu\u00df der Wind aber stark gewesen sein \u00a0 \u00a0\ud83d\ude09<\/p>\n<p style=\"text-align: center;\"><a href=\"https:\/\/www.marvinchen.de\/olgas_welt\/blog\/wp-content\/uploads\/2015\/11\/IMG_0084.jpg\"><img loading=\"lazy\" decoding=\"async\" class=\"aligncenter wp-image-3794\" src=\"https:\/\/www.marvinchen.de\/olgas_welt\/blog\/wp-content\/uploads\/2015\/11\/IMG_0084.jpg\" alt=\"IMG_0084\" width=\"560\" height=\"373\" srcset=\"https:\/\/www.marvinchen.de\/olgas_welt\/blog\/wp-content\/uploads\/2015\/11\/IMG_0084.jpg 800w, https:\/\/www.marvinchen.de\/olgas_welt\/blog\/wp-content\/uploads\/2015\/11\/IMG_0084-300x200.jpg 300w\" sizes=\"auto, (max-width: 560px) 100vw, 560px\" \/><\/a><\/p>\n<p>Zudem\u00a0war es so\u00a0kalt, so dass man sich gegenseitig w\u00e4rmen musste &#8230; und das unter den strengen Blicken dieser Herren aus dem Morgenland \u00a0 \u00a0\ud83d\ude09<\/p>\n<p style=\"text-align: center;\"><a href=\"https:\/\/www.marvinchen.de\/olgas_welt\/blog\/wp-content\/uploads\/2015\/11\/IMG_0182.jpg\"><img loading=\"lazy\" decoding=\"async\" class=\"aligncenter wp-image-3795\" src=\"https:\/\/www.marvinchen.de\/olgas_welt\/blog\/wp-content\/uploads\/2015\/11\/IMG_0182.jpg\" alt=\"IMG_0182\" width=\"560\" height=\"373\" srcset=\"https:\/\/www.marvinchen.de\/olgas_welt\/blog\/wp-content\/uploads\/2015\/11\/IMG_0182.jpg 800w, https:\/\/www.marvinchen.de\/olgas_welt\/blog\/wp-content\/uploads\/2015\/11\/IMG_0182-300x200.jpg 300w\" sizes=\"auto, (max-width: 560px) 100vw, 560px\" \/><\/a><\/p>\n<p>Ihr merkt, die letzte Woche war eine sehr familienverbundene Zeit, in der ich meine Schnapszahl (44) in ein halbrundes\u00a0Lebensjahr\u00a0(45) verwandeln konnte.\u00a0Und ich freue mich\u00a0bereits jetzt schon wieder sehr darauf, dass in weniger als einem Monat die ganze Familie wieder zusammenkommen wird. Bis dahin\u00a0werde ich allerdings noch verst\u00e4rkt auf Geschenkejagd gehen m\u00fcssen, denn die verst\u00e4rkten Weihnachtsvorbereitungen werden bei uns immer erst nach dem letzten Familiengeburtstag (6.2., 7.6., 18.9. &amp; 26.11.) in Angriff genommen. Gl\u00fccklicherweise habe ich wenigstens ein paar Ideen, welche P\u00e4ckcheninhalte es\u00a0f\u00fcr meine Lieben\u00a0geben soll \u00a0 \u00a0\ud83d\ude09<\/p>\n","protected":false},"excerpt":{"rendered":"<p>Wie ich schon in meinem letzten Blogeintrag angedeutet habe, hatte ich sehr gro\u00dfe Erwartungen an diese Woche. Was soll ich nun sagen: sie wurden nicht erf\u00fcllt, ich finde, sie wurden sogar \u00fcbertroffen \u00a0 \u00a0\ud83d\ude42 Die Feierlichkeiten gingen schon am Donnerstag los, kaum, dass wir die Mitternacht geschafft hatten. Wir waren nach langer Zeit wieder mal [&hellip;]<\/p>\n","protected":false},"author":3,"featured_media":0,"comment_status":"open","ping_status":"closed","sticky":false,"template":"","format":"standard","meta":{"ngg_post_thumbnail":0,"footnotes":""},"categories":[5,822,4,7,8,1],"tags":[16,1170,14,27,260,293,464,237,525,53,137,800,628,13,15,303,114],"class_list":["post-3790","post","type-post","status-publish","format-standard","hentry","category-essen-und-trinken","category-fotografie-und-photoshop","category-freud-und-leid","category-freunde-und-co","category-hoeren-und-lesen","category-olca-und-stan","tag-andrea","tag-bowling","tag-carsten","tag-dresden","tag-essen","tag-feier","tag-feiern","tag-freunde","tag-fruhstuck","tag-geburtstag","tag-geschenke","tag-karl","tag-kochen","tag-olga","tag-stephanie","tag-weihnachten","tag-weihnachtsmarkt"],"_links":{"self":[{"href":"https:\/\/www.marvinchen.de\/olgas_welt\/blog\/wp-json\/wp\/v2\/posts\/3790","targetHints":{"allow":["GET"]}}],"collection":[{"href":"https:\/\/www.marvinchen.de\/olgas_welt\/blog\/wp-json\/wp\/v2\/posts"}],"about":[{"href":"https:\/\/www.marvinchen.de\/olgas_welt\/blog\/wp-json\/wp\/v2\/types\/post"}],"author":[{"embeddable":true,"href":"https:\/\/www.marvinchen.de\/olgas_welt\/blog\/wp-json\/wp\/v2\/users\/3"}],"replies":[{"embeddable":true,"href":"https:\/\/www.marvinchen.de\/olgas_welt\/blog\/wp-json\/wp\/v2\/comments?post=3790"}],"version-history":[{"count":0,"href":"https:\/\/www.marvinchen.de\/olgas_welt\/blog\/wp-json\/wp\/v2\/posts\/3790\/revisions"}],"wp:attachment":[{"href":"https:\/\/www.marvinchen.de\/olgas_welt\/blog\/wp-json\/wp\/v2\/media?parent=3790"}],"wp:term":[{"taxonomy":"category","embeddable":true,"href":"https:\/\/www.marvinchen.de\/olgas_welt\/blog\/wp-json\/wp\/v2\/categories?post=3790"},{"taxonomy":"post_tag","embeddable":true,"href":"https:\/\/www.marvinchen.de\/olgas_welt\/blog\/wp-json\/wp\/v2\/tags?post=3790"}],"curies":[{"name":"wp","href":"https:\/\/api.w.org\/{rel}","templated":true}]}}