{"id":3798,"date":"2015-12-06T20:43:11","date_gmt":"2015-12-06T19:43:11","guid":{"rendered":"http:\/\/www.marvinchen.de\/olgas_welt\/blog\/?p=3798"},"modified":"2015-12-06T20:43:11","modified_gmt":"2015-12-06T19:43:11","slug":"geburtstag-und-andere-events","status":"publish","type":"post","link":"https:\/\/www.marvinchen.de\/olgas_welt\/blog\/2015\/12\/geburtstag-und-andere-events\/","title":{"rendered":"Geburtstag und andere Events"},"content":{"rendered":"<p>Selbst wenn meine eigenen Feierlichkeiten beendet waren, stand wieder das Backen eines Gebutstagskuchens auf meiner To-Do-Liste, denn zum 1.12. hat die Leseb\u00fchne <a href=\"http:\/\/phrase4.de\/\" target=\"_blank\">Phrase4<\/a>\u00a0zum Feiern ihres\u00a02. Geburtstages eingeladen. Deshalb bat\u00a0ich an dem besagten Dienstag sogar um Verst\u00e4ndnis meiner Russischkurs-Teilnehmer, damit ich eher als sonst meine Unterrichtszeit beenden und rechtzeitig zur Geburtstagsfeier auftauchen konnte.\u00a0Ich bin sehr dankbar f\u00fcr\u00a0Carstens Unterst\u00fctzung, denn er\u00a0war mit unserem SMART p\u00fcnktlich um 20 Uhr am VHS-Geb\u00e4ude und hat mich\u00a0abgeholt. Er\u00a0verga\u00df auch nicht, den fertigen\u00a0Kuchen und meine Kamera mitzubringen. Die G\u00f6tter des Stra\u00dfenverkehrs waren uns dann auch noch so gn\u00e4dig, dass\u00a0wir trotz der knappen Zeit zwischen VHS-Ende und Lesungsbeginn rechtzeitig vor Ort waren. Ich konnte damit noch schnell den <a href=\"https:\/\/www.marvinchen.de\/webbibliothek\/_olca_kochbuch\/rezepte\/eierlikoerkuchen.htm\" target=\"_blank\">Geburtstagskuchen<\/a> \u00fcberreichen und schon\u00a0ging es mit den Kurzgeschichten der vier Autoren los.<\/p>\n<p style=\"text-align: center;\"><a href=\"https:\/\/www.marvinchen.de\/olgas_welt\/blog\/wp-content\/uploads\/2015\/12\/phras4-2-jahre.jpg\"><img loading=\"lazy\" decoding=\"async\" class=\"aligncenter wp-image-3799\" src=\"https:\/\/www.marvinchen.de\/olgas_welt\/blog\/wp-content\/uploads\/2015\/12\/phras4-2-jahre.jpg\" alt=\"phras4--2-jahre\" width=\"560\" height=\"373\" srcset=\"https:\/\/www.marvinchen.de\/olgas_welt\/blog\/wp-content\/uploads\/2015\/12\/phras4-2-jahre.jpg 800w, https:\/\/www.marvinchen.de\/olgas_welt\/blog\/wp-content\/uploads\/2015\/12\/phras4-2-jahre-300x200.jpg 300w\" sizes=\"auto, (max-width: 560px) 100vw, 560px\" \/><\/a><\/p>\n<p>Wie auch im letzten Jahr gab es diesmal sowohl neue als auch Wunschgeschichten aus den vorherigen\u00a0Lesungen und es herrschte allgemein\u00a0feierliche Stimmung im Publikum. Am Ende des Abends wurde ich sogar mit einem Dankesch\u00f6nstrau\u00df f\u00fcr meine Fotodienste \u00fcberrascht!<\/p>\n<p style=\"text-align: center;\"><a href=\"https:\/\/www.marvinchen.de\/olgas_welt\/blog\/wp-content\/uploads\/2015\/12\/IMG_0297.jpg\"><img loading=\"lazy\" decoding=\"async\" class=\"aligncenter wp-image-3800\" src=\"https:\/\/www.marvinchen.de\/olgas_welt\/blog\/wp-content\/uploads\/2015\/12\/IMG_0297.jpg\" alt=\"IMG_0297\" width=\"560\" height=\"373\" srcset=\"https:\/\/www.marvinchen.de\/olgas_welt\/blog\/wp-content\/uploads\/2015\/12\/IMG_0297.jpg 800w, https:\/\/www.marvinchen.de\/olgas_welt\/blog\/wp-content\/uploads\/2015\/12\/IMG_0297-300x200.jpg 300w\" sizes=\"auto, (max-width: 560px) 100vw, 560px\" \/><\/a><\/p>\n<p>Dazu\u00a0bekam ich einen selbstgebackenen Stollen von <a href=\"http:\/\/www.lars-hitzing.de\/\" target=\"_blank\">Lars Hitzing<\/a>. Er hat sich n\u00e4mlich vor einem Jahr gemerkt, dass ich immer ein sehr gro\u00dfes Interesse an so einem Backwerk\u00a0habe\u00a0\u00a0\u00a0 \ud83d\ude42<br \/>\nPl\u00e4tzchen aus privater Eigenproduktion bekommt man ja immer wieder, aber einen selbstgebackenen Stollen habe ich wahrlich zum ersten Mal in meinem Leben bekommen und ich freue mich schon so sehr darauf, ihn mit meinen Lieben bis zum letzten Kr\u00fcmmel zu verspeisen.<\/p>\n<p>Am Donnerstag traf ich mit meinem gro\u00dfen Kind, um in Innenstadtn\u00e4he ein paar Weihnachtseink\u00e4ufe zu t\u00e4tigen. Ausl\u00f6ser war eigentlich die allgegenw\u00e4rtige Werbung in der Stadt, dass <a href=\"https:\/\/www.tranquillo-shop.de\/de\/Home\/\" target=\"_blank\">Tranquillo<\/a>\u00a0einen Lagerverkauf veranstaltet. Dieser Laden hat tolle M\u00f6belst\u00fccke und andere Einrichtungsgegenst\u00e4nde im Angebot und die Kleidung, welche sie verkaufen,\u00a0ist sehr farbenfroh. Ich konnte\u00a0diesmal f\u00fcr mich sogar ein Sommerkleid finden! Hoffentlich passt es dann immer noch, wenn es warm wird \u00a0 \u00a0\ud83d\ude09<br \/>\nDanach schlenderten Andrea und ich noch gemeinsam durch ein paar weitere L\u00e4den, denn es ist immer sch\u00f6n, einen solchen\u00a0Einkaufsberater zur Hand zu haben &#8230; besonders, wenn es um die Weihnachtsgeschenke f\u00fcr ihre eigene Schwester geht\u00a0\u00a0\u00a0 \ud83d\ude09<\/p>\n<p>Am Samstagmorgen gab es bei uns zu Hause kein Fr\u00fchst\u00fcck, denn schon seit Wochen stand in unserem Familienplaner der\u00a0Termin &#8222;Brunch mit IDC im Dubliner&#8220;. Wie ich schon mehrmals in diesem Jahr berichtete, feierte die\u00a0<a href=\"http:\/\/irishdancecompany-dresden.de\/\" target=\"_blank\">Irish Dance Company Dresden<\/a> ihren 10. Geburtstag mit einer, aus meiner Sicht spitzenm\u00e4\u00dfigen, Show namens &#8222;<a href=\"https:\/\/www.youtube.com\/watch?v=0wwU4KPL6gk\" target=\"_blank\">Treasure of The Celts &#8211; Ein Tanzm\u00e4rchen<\/a>&#8222;. Und nun wurde in Form eines gemeinsamen Brunchs im Restaurant <a href=\"http:\/\/www.the-dubliner-dresden.de\/\" target=\"_blank\">The Dubliner<\/a>\u00a0ein gro\u00dfes Dankesch\u00f6n an alle T\u00e4nzer und ihre meist unsichtbaren Helfer und\u00a0Unterst\u00fctzer ausgerichtet. Da auch ich bei diesem Verein oft als Helferlein bzw. Fotografin einspringe, durften Carsten und ich ebenfalls mit von der Partie sein. Es wurde ein \u00e4u\u00dferst\u00a0gem\u00fctlicher Vormittag, mit leckerem Essen, vielen Gespr\u00e4chen und nat\u00fcrlich dem einen oder den anderen kleinen Whiskey f\u00fcr mich \u00a0 \u00a0\ud83d\ude09 \u00a0 \u00a0sch\u00f6n war&#8217;s! Danke nochmals, dass wir dabei sein durften!!!<\/p>\n<p style=\"text-align: center;\"><a href=\"https:\/\/www.marvinchen.de\/olgas_welt\/blog\/wp-content\/uploads\/2015\/12\/idc-dubliner.jpg\"><img loading=\"lazy\" decoding=\"async\" class=\"aligncenter wp-image-3803\" src=\"https:\/\/www.marvinchen.de\/olgas_welt\/blog\/wp-content\/uploads\/2015\/12\/idc-dubliner.jpg\" alt=\"idc-dubliner\" width=\"559\" height=\"314\" srcset=\"https:\/\/www.marvinchen.de\/olgas_welt\/blog\/wp-content\/uploads\/2015\/12\/idc-dubliner.jpg 800w, https:\/\/www.marvinchen.de\/olgas_welt\/blog\/wp-content\/uploads\/2015\/12\/idc-dubliner-300x168.jpg 300w\" sizes=\"auto, (max-width: 559px) 100vw, 559px\" \/><\/a><\/p>\n<p>Der Abend geh\u00f6rte dann einer v\u00f6llig anderer Art von Unterhaltung. Die Musikgruppe &#8222;<a href=\"http:\/\/www.dieukrainiens.com\/\" target=\"_blank\">Die Ukraniens<\/a>&#8220; veranstaltet eine Kneipentour zum Jahresende, nur leider waren deren andere Termine mit unseren bislang nicht kompatibel. Diesmal hat es aber gepasst und so gingen Carsten und ich ins Hechtviertel in die Kneipe &#8222;<a href=\"http:\/\/www.zur-schmiede-dresden.de\/\" target=\"_blank\">Zur Schmiede<\/a>&#8222;. Als wie dort ankamen, war der Laden brechend voll! Allerdings\u00a0trugen die meisten Leute statt\u00a0Ukrainiens-typischer oder ganz normaler Alltagskleidung Zylinder oder andere H\u00fcte sowie Zimmermannskluft! Wir dachten schon, wir haben uns geirrt, aber dann sahen wir zum Gl\u00fcck den S\u00e4nger der\u00a0Ukrainiens \u00a0 \u00a0\ud83d\ude09 \u00a0 \u00a0und im Laufe des Abends stellte sich raus, dass diese Walz-Leute sich heute hier versammelten, um die Sesshaftigkeit einem ihrer Gesellen zu feiern. Nach 4 Jahren Wanderschaft hat dieser sich in Dresden niedergelassen und nun kamen die Freunde und Bekannten\u00a0aus nah und fern, um\u00a0in dieser Kneipe sechs von ihm gesponserte F\u00e4sser Bier auf seine Kosten auszutrinken! Ich hatte aber\u00a0ebenfalls meinen Spa\u00df\u00a0und konnte bei dem einen oder anderen russischen bzw. ukrainischen Lied, welche das Besondere im Programm der Musikertruppe ausmacht,\u00a0 fr\u00f6hlich mitgr\u00f6len \u00a0 \u00a0\ud83d\ude09<\/p>\n<p>Ich fand die vergangene Woche echt klasse und freue mich schon sehr auf die kommende, denn auch diesmal verspricht unser Familienplaner einige interessante Treffen und Termine \u00a0 \u00a0\ud83d\ude00<\/p>\n","protected":false},"excerpt":{"rendered":"<p>Selbst wenn meine eigenen Feierlichkeiten beendet waren, stand wieder das Backen eines Gebutstagskuchens auf meiner To-Do-Liste, denn zum 1.12. hat die Leseb\u00fchne Phrase4\u00a0zum Feiern ihres\u00a02. Geburtstages eingeladen. Deshalb bat\u00a0ich an dem besagten Dienstag sogar um Verst\u00e4ndnis meiner Russischkurs-Teilnehmer, damit ich eher als sonst meine Unterrichtszeit beenden und rechtzeitig zur Geburtstagsfeier auftauchen konnte.\u00a0Ich bin sehr dankbar [&hellip;]<\/p>\n","protected":false},"author":3,"featured_media":0,"comment_status":"open","ping_status":"closed","sticky":false,"template":"","format":"standard","meta":{"ngg_post_thumbnail":0,"footnotes":""},"categories":[5,822,4,7,17,1],"tags":[16,14,1171,260,464,587,716,53,137,825,13,941,558,1172,303,1173],"class_list":["post-3798","post","type-post","status-publish","format-standard","hentry","category-essen-und-trinken","category-fotografie-und-photoshop","category-freud-und-leid","category-freunde-und-co","category-kauderwelsch-und-muttersprache","category-olca-und-stan","tag-andrea","tag-carsten","tag-die-ukrainiens","tag-essen","tag-feiern","tag-foto","tag-fotografieren","tag-geburtstag","tag-geschenke","tag-idc","tag-olga","tag-phrase4","tag-shoppen","tag-singen","tag-weihnachten","tag-weihnachtsgeschenke"],"_links":{"self":[{"href":"https:\/\/www.marvinchen.de\/olgas_welt\/blog\/wp-json\/wp\/v2\/posts\/3798","targetHints":{"allow":["GET"]}}],"collection":[{"href":"https:\/\/www.marvinchen.de\/olgas_welt\/blog\/wp-json\/wp\/v2\/posts"}],"about":[{"href":"https:\/\/www.marvinchen.de\/olgas_welt\/blog\/wp-json\/wp\/v2\/types\/post"}],"author":[{"embeddable":true,"href":"https:\/\/www.marvinchen.de\/olgas_welt\/blog\/wp-json\/wp\/v2\/users\/3"}],"replies":[{"embeddable":true,"href":"https:\/\/www.marvinchen.de\/olgas_welt\/blog\/wp-json\/wp\/v2\/comments?post=3798"}],"version-history":[{"count":0,"href":"https:\/\/www.marvinchen.de\/olgas_welt\/blog\/wp-json\/wp\/v2\/posts\/3798\/revisions"}],"wp:attachment":[{"href":"https:\/\/www.marvinchen.de\/olgas_welt\/blog\/wp-json\/wp\/v2\/media?parent=3798"}],"wp:term":[{"taxonomy":"category","embeddable":true,"href":"https:\/\/www.marvinchen.de\/olgas_welt\/blog\/wp-json\/wp\/v2\/categories?post=3798"},{"taxonomy":"post_tag","embeddable":true,"href":"https:\/\/www.marvinchen.de\/olgas_welt\/blog\/wp-json\/wp\/v2\/tags?post=3798"}],"curies":[{"name":"wp","href":"https:\/\/api.w.org\/{rel}","templated":true}]}}