{"id":3804,"date":"2015-12-13T17:28:06","date_gmt":"2015-12-13T16:28:06","guid":{"rendered":"http:\/\/www.marvinchen.de\/olgas_welt\/blog\/?p=3804"},"modified":"2015-12-13T17:28:06","modified_gmt":"2015-12-13T16:28:06","slug":"so-viel-neues-im-dezember","status":"publish","type":"post","link":"https:\/\/www.marvinchen.de\/olgas_welt\/blog\/2015\/12\/so-viel-neues-im-dezember\/","title":{"rendered":"So viel Neues im Dezember"},"content":{"rendered":"<p>Eigentlich denkt man, dass der Dezember sozusagen der Freitag des Jahres ist und dass man seine Zeit daf\u00fcr verwenden sollte, all die Sachen zum Abschlu\u00df zu bringen, welche man in den vorherigen 11 Monaten angefangen hat. Aber das Leben bietet auch am Jahresende jede Menge Neues:<\/p>\n<p>1.) Carsten und ich durften bei der Premiere-Lesung des Erstlingswerks von <a href=\"http:\/\/www.zwiebook.de\/sabine-dressler.html\" target=\"_blank\">Sabine Dre\u00dfler<\/a>\u00a0als G\u00e4ste mit dabei sein. Sie hat sich f\u00fcr ihre Buchvorstellung einen f\u00fcr uns ganz neuen Ort ausgesucht, der Name passte aber perfekt zum Ziel &#8211;&gt;\u00a0<a href=\"http:\/\/holeoffame.blogspot.de\/\" target=\"_blank\">Hole of Fame<\/a>\u00a0 \u00a0\ud83d\ude09<br \/>\nDas Buch von Sabine ist eigentlich nicht nur 1\u00a0Buch, nein es ist ein Zwiebook. Ich glaube, ich kann das am einfachsten mit einem Bild erkl\u00e4ren \u00a0 \ud83d\ude09<\/p>\n<p style=\"text-align: center;\"><a href=\"https:\/\/www.marvinchen.de\/olgas_welt\/blog\/wp-content\/uploads\/2015\/12\/IMG_0001-2.jpg\"><img loading=\"lazy\" decoding=\"async\" class=\"aligncenter wp-image-3805\" src=\"https:\/\/www.marvinchen.de\/olgas_welt\/blog\/wp-content\/uploads\/2015\/12\/IMG_0001-2.jpg\" alt=\"IMG_0001-(2)\" width=\"560\" height=\"420\" srcset=\"https:\/\/www.marvinchen.de\/olgas_welt\/blog\/wp-content\/uploads\/2015\/12\/IMG_0001-2.jpg 800w, https:\/\/www.marvinchen.de\/olgas_welt\/blog\/wp-content\/uploads\/2015\/12\/IMG_0001-2-300x225.jpg 300w\" sizes=\"auto, (max-width: 560px) 100vw, 560px\" \/><\/a><\/p>\n<p>Es sind zwei vollst\u00e4ndige B\u00fccher (&#8222;Therese&#8220; &amp; &#8222;Andererseits &#8211; Ausschweifungen im Paradies&#8220;) in einem Einband und das Ende jeder Geschichte hat seinen Abschluss\u00a0somit platztechnisch immer in die Mitte des Druckwerks &#8230; man kann es damit sogar\u00a0von beiden Seiten anfangen zu lesen. Durch <a href=\"http:\/\/phrase4.de\/\" target=\"_blank\">Phrase4<\/a>-Lesungen kenne ich bereits einige Kapitel aus beiden Werken\u00a0und freue mich, dass ich nun die Wissensl\u00fccken bei jeder Story schlie\u00dfen kann.<\/p>\n<p>2.) Ich habe \u00fcbrigens bereits vor der Ver\u00f6ffentlichung ehrenamtlich zwei Geschichten daraus ins Russische \u00fcbersetzt. Denn diese Geschichten sind im Rahmen des<a href=\"http:\/\/projektd.jimdo.com\/\" target=\"_blank\"> Projekts D<\/a>, welches sich der\u00a0Verbesserung der V\u00f6lkerverst\u00e4ndigung zwischen Deutschland und Russland widmet, nach Sibirien und Fernosten gefahren, um dort an diversen Unis vorgetragen zu werden.\u00a0Am Samstagabend lauschten\u00a0wir in der <a href=\"http:\/\/www.artderkultur.de\/index.php\/ueber-uns\/veraenderbar\" target=\"_blank\">Ver\u00e4nderbar<\/a>\u00a0den Reiseeindr\u00fccken der drei Dresdner Musiker\u00a0und es war, glaube ich, nicht nur f\u00fcr\u00a0Stefan und Martina von &#8222;<a href=\"http:\/\/www.dieukrainiens.com\/\" target=\"_blank\">Die Ukrainiens<\/a>&#8220; und Wilhelmine von &#8222;<a href=\"http:\/\/www.baranbutz.de\/wordpress\/?cat=1\" target=\"_blank\">Baran Butz<\/a>&#8220;\u00a0ein unvergessliches Erlebnis, sondern auch\u00a0f\u00fcr die Zuh\u00f6rer ihres\u00a0Fotovortrags\u00a0 \u00a0 \ud83d\ude09<br \/>\nBei ihren Ausf\u00fchrungen war auch f\u00fcr mich\u00a0die ein oder andere neue Information dabei, sodass ich sogar schon manches f\u00fcr eine Vertiefung meines Wissens nachgeschlagen habe.<\/p>\n<p style=\"text-align: center;\"><a href=\"https:\/\/www.marvinchen.de\/olgas_welt\/blog\/wp-content\/uploads\/2015\/12\/IMG_0026.jpg\"><img loading=\"lazy\" decoding=\"async\" class=\"aligncenter size-full wp-image-3806\" src=\"https:\/\/www.marvinchen.de\/olgas_welt\/blog\/wp-content\/uploads\/2015\/12\/IMG_0026.jpg\" alt=\"IMG_0026\" width=\"600\" height=\"800\" srcset=\"https:\/\/www.marvinchen.de\/olgas_welt\/blog\/wp-content\/uploads\/2015\/12\/IMG_0026.jpg 600w, https:\/\/www.marvinchen.de\/olgas_welt\/blog\/wp-content\/uploads\/2015\/12\/IMG_0026-300x400.jpg 300w\" sizes=\"auto, (max-width: 600px) 100vw, 600px\" \/><\/a><\/p>\n<p>3.)\u00a0Ein weiteres Novum ergab sich f\u00fcr mich beim Backen der OLCA-Weihnachtspl\u00e4tzchen. Ich habe von meiner Freundin Kerstin aus Wiesbaden zum Geburtstag ein Ausstechf\u00f6rmchen im B\u00e4rchenform bekommen &#8230; das musste ich nun nat\u00fcrlich einweihen\u00a0\u00a0\u00a0 \ud83d\ude00<br \/>\nIch muss gestehen, die vorgefertigte Augen aus dem &#8222;Kaufland&#8220; sind etwas zu gro\u00df f\u00fcr die zarten Keksb\u00e4rengesichter\u00a0\u00a0\u00a0 \ud83d\ude09<\/p>\n<p style=\"text-align: center;\"><a href=\"https:\/\/www.marvinchen.de\/olgas_welt\/blog\/wp-content\/uploads\/2015\/12\/IMG_0007.jpg\"><img loading=\"lazy\" decoding=\"async\" class=\"aligncenter wp-image-3807\" src=\"https:\/\/www.marvinchen.de\/olgas_welt\/blog\/wp-content\/uploads\/2015\/12\/IMG_0007.jpg\" alt=\"IMG_0007\" width=\"560\" height=\"420\" srcset=\"https:\/\/www.marvinchen.de\/olgas_welt\/blog\/wp-content\/uploads\/2015\/12\/IMG_0007.jpg 800w, https:\/\/www.marvinchen.de\/olgas_welt\/blog\/wp-content\/uploads\/2015\/12\/IMG_0007-300x225.jpg 300w\" sizes=\"auto, (max-width: 560px) 100vw, 560px\" \/><\/a><\/p>\n<p>Irgendwie erinnerten sie mich mit diesen Glubschies an die ber\u00fchmte <a href=\"https:\/\/simonscat.com\/category\/simonscat\/\" target=\"_blank\">Katze von Simon<\/a>\u00a0 \u00a0 :unschuldig:<\/p>\n<p>Und da am Ende eine Packung dieser\u00a0Augen nicht f\u00fcr alle B\u00e4ren gereicht hat, gab es am Ende sogar ein paar B\u00e4ren a la Minions &#8211; ein\u00e4ugig. Als auch die mir ausgegangen sind, bastelte ich ganz am Ende einfach auch welche nur mit bunten Streuseln \u00a0 \u00a0\ud83d\ude09<\/p>\n<p style=\"text-align: center;\"><a href=\"https:\/\/www.marvinchen.de\/olgas_welt\/blog\/wp-content\/uploads\/2015\/12\/IMG_0001.jpg\"><img loading=\"lazy\" decoding=\"async\" class=\"aligncenter wp-image-3808\" src=\"https:\/\/www.marvinchen.de\/olgas_welt\/blog\/wp-content\/uploads\/2015\/12\/IMG_0001.jpg\" alt=\"IMG_0001\" width=\"560\" height=\"420\" srcset=\"https:\/\/www.marvinchen.de\/olgas_welt\/blog\/wp-content\/uploads\/2015\/12\/IMG_0001.jpg 800w, https:\/\/www.marvinchen.de\/olgas_welt\/blog\/wp-content\/uploads\/2015\/12\/IMG_0001-300x225.jpg 300w\" sizes=\"auto, (max-width: 560px) 100vw, 560px\" \/><\/a><\/p>\n<p>4.)\u00a0Zu guter Letzt gibt es von unserer Familie einen neuen Weihnachtsgru\u00df, welcher <a href=\"https:\/\/www.marvinchen.de\/\" target=\"_blank\">hier<\/a>\u00a0angesehen und bewundert werden kann.<\/p>\n<p>Ich finde, dass waren ganz sch\u00f6n viele neue Sachen und Erlebnisse f\u00fcr die viertletzte Woche des Jahres \u00a0 \u00a0\ud83d\ude09 \u00a0 \u00a0und nun kann ich mich wieder den altbew\u00e4hrten Dezemberritualen, wie z.B. Weihnachtsgeschenke besorgen und mit Freunden durch die Weihnachtsm\u00e4rkte stapfen widmen\u00a0\u00a0\u00a0 \ud83d\ude42<\/p>\n<p>In diesem Sinne w\u00fcnsche ich euch auch eine sch\u00f6ne Zeit auf den jahresendzeitbedingten Kaufveranstaltungen unter freiem Himmel und m\u00f6ge euch immer eine Handbreit hei\u00dfer Gl\u00fchwein, Punsch,\u00a0Kakao oder\u00a0Tee w\u00e4rmen.<\/p>\n","protected":false},"excerpt":{"rendered":"<p>Eigentlich denkt man, dass der Dezember sozusagen der Freitag des Jahres ist und dass man seine Zeit daf\u00fcr verwenden sollte, all die Sachen zum Abschlu\u00df zu bringen, welche man in den vorherigen 11 Monaten angefangen hat. Aber das Leben bietet auch am Jahresende jede Menge Neues: 1.) Carsten und ich durften bei der Premiere-Lesung des [&hellip;]<\/p>\n","protected":false},"author":3,"featured_media":0,"comment_status":"open","ping_status":"closed","sticky":false,"template":"","format":"standard","meta":{"ngg_post_thumbnail":0,"footnotes":""},"categories":[478,5,4,7,1],"tags":[513,320,60,14,938,53,518,13,941,33,421,303,1175,1174],"class_list":["post-3804","post","type-post","status-publish","format-standard","hentry","category-bariges-leben","category-essen-und-trinken","category-freud-und-leid","category-freunde-und-co","category-olca-und-stan","tag-backen","tag-bar","tag-buch","tag-carsten","tag-dressler","tag-geburtstag","tag-lesung","tag-olga","tag-phrase4","tag-russisch","tag-sprache","tag-weihnachten","tag-weihnachtsplaetzchen","tag-zwiebook"],"_links":{"self":[{"href":"https:\/\/www.marvinchen.de\/olgas_welt\/blog\/wp-json\/wp\/v2\/posts\/3804","targetHints":{"allow":["GET"]}}],"collection":[{"href":"https:\/\/www.marvinchen.de\/olgas_welt\/blog\/wp-json\/wp\/v2\/posts"}],"about":[{"href":"https:\/\/www.marvinchen.de\/olgas_welt\/blog\/wp-json\/wp\/v2\/types\/post"}],"author":[{"embeddable":true,"href":"https:\/\/www.marvinchen.de\/olgas_welt\/blog\/wp-json\/wp\/v2\/users\/3"}],"replies":[{"embeddable":true,"href":"https:\/\/www.marvinchen.de\/olgas_welt\/blog\/wp-json\/wp\/v2\/comments?post=3804"}],"version-history":[{"count":0,"href":"https:\/\/www.marvinchen.de\/olgas_welt\/blog\/wp-json\/wp\/v2\/posts\/3804\/revisions"}],"wp:attachment":[{"href":"https:\/\/www.marvinchen.de\/olgas_welt\/blog\/wp-json\/wp\/v2\/media?parent=3804"}],"wp:term":[{"taxonomy":"category","embeddable":true,"href":"https:\/\/www.marvinchen.de\/olgas_welt\/blog\/wp-json\/wp\/v2\/categories?post=3804"},{"taxonomy":"post_tag","embeddable":true,"href":"https:\/\/www.marvinchen.de\/olgas_welt\/blog\/wp-json\/wp\/v2\/tags?post=3804"}],"curies":[{"name":"wp","href":"https:\/\/api.w.org\/{rel}","templated":true}]}}