{"id":3840,"date":"2015-12-26T15:38:26","date_gmt":"2015-12-26T14:38:26","guid":{"rendered":"http:\/\/www.marvinchen.de\/olgas_welt\/blog\/?p=3840"},"modified":"2015-12-26T15:38:26","modified_gmt":"2015-12-26T14:38:26","slug":"fabelhafte-weihnachtszeit","status":"publish","type":"post","link":"https:\/\/www.marvinchen.de\/olgas_welt\/blog\/2015\/12\/fabelhafte-weihnachtszeit\/","title":{"rendered":"Fabelhafte Weihnachtszeit"},"content":{"rendered":"<p>Wie die treuen Leser vermutlich schon gemerkt haben, bin ich meinem Schreibrhythmus untreu geworden\u00a0\u00a0\u00a0 \ud83d\ude09 \u00a0 \u00a0aber seit einer Woche hatte ich im wahrsten Sinne des Wortes ein volles Programm und\u00a0es gab\u00a0so viel\u00a0Interessantes zu erleben, da blieb einfach keine Zeit zum Schreiben \u00fcbrig\u00a0\u00a0\u00a0 \ud83d\ude42<\/p>\n<p>Genau eine Woche vor Heiligabend waren Anna, Carsten und ich auf dem <a href=\"http:\/\/www.weihnachtsmarkt-deutschland.de\/weihnachtsmarkt-dresden-loschwitz.html\" target=\"_blank\">Loschwitzer Weihnachtsmarkt<\/a>\u00a0&#8211; dieser ist im Vergleich zu denen in der Innenstadt klein &#8230; daf\u00fcr aber fein und mit liebevoll best\u00fcckten Marktst\u00e4nden sowie leckeren Essen und Getr\u00e4nken, wo\u00a0ein Orangenpunsch auch noch wirklich nach Orange schmeckt und Apfelgl\u00fchwein noch echten Apfelgeschmack beinhaltet. Davor machten wir noch einen Abstecher zur <a href=\"http:\/\/www.menschen-in-dresden.de\/2014\/russische-weihnacht-kleinster-weihnachtsmarkt-auf-der-braeustuebl-terrasse\/\" target=\"_blank\">Russischen Weihnacht<\/a>\u00a0&#8211; dieser Markt war wirklich mini und bestand aus sage und schreibe drei St\u00e4nden. Aber der<a href=\"http:\/\/www.kochwiki.org\/wiki\/Schaschlik_auf_russische_Art\" target=\"_blank\"> Schaschlik<\/a>\u00a0schmeckte gro\u00dfartig und auch die <a href=\"https:\/\/de.wikipedia.org\/wiki\/Tscheburek\" target=\"_blank\">Tschebureki<\/a>\u00a0(flache gro\u00dfe halbrunde Teigtaschen mit Hackfleischf\u00fcllung, welche\u00a0gebraten oder frittiert werden) waren nicht von schlechten Eltern \u00a0 \u00a0\ud83d\ude42<br \/>\nNach dem Besuch beider M\u00e4rkte bzw. auf dem Heimweg, liefen wir an einem Geschenkeladen vorbei, welcher extrem s\u00fc\u00dfe Keramikb\u00e4ren verkaufte:<\/p>\n<p style=\"text-align: center;\"><a href=\"https:\/\/www.marvinchen.de\/olgas_welt\/blog\/wp-content\/uploads\/2015\/12\/001.jpg\"><img loading=\"lazy\" decoding=\"async\" class=\"aligncenter wp-image-3841\" src=\"https:\/\/www.marvinchen.de\/olgas_welt\/blog\/wp-content\/uploads\/2015\/12\/001.jpg\" alt=\"001\" width=\"420\" height=\"630\" srcset=\"https:\/\/www.marvinchen.de\/olgas_welt\/blog\/wp-content\/uploads\/2015\/12\/001.jpg 533w, https:\/\/www.marvinchen.de\/olgas_welt\/blog\/wp-content\/uploads\/2015\/12\/001-300x450.jpg 300w\" sizes=\"auto, (max-width: 420px) 100vw, 420px\" \/><\/a><\/p>\n<p>Einer von ihnen durfte mit zu uns nach Hause und schaute ein paar Tage sp\u00e4ter zu, wie Heini und Kl. Dinkelmann unseren Tannenbaum dekorierten:<\/p>\n<p style=\"text-align: center;\"><a href=\"https:\/\/www.marvinchen.de\/olgas_welt\/blog\/wp-content\/uploads\/2015\/12\/004.jpg\"><img loading=\"lazy\" decoding=\"async\" class=\"aligncenter wp-image-3842\" src=\"https:\/\/www.marvinchen.de\/olgas_welt\/blog\/wp-content\/uploads\/2015\/12\/004.jpg\" alt=\"004\" width=\"420\" height=\"560\" srcset=\"https:\/\/www.marvinchen.de\/olgas_welt\/blog\/wp-content\/uploads\/2015\/12\/004.jpg 600w, https:\/\/www.marvinchen.de\/olgas_welt\/blog\/wp-content\/uploads\/2015\/12\/004-300x400.jpg 300w\" sizes=\"auto, (max-width: 420px) 100vw, 420px\" \/><\/a><\/p>\n<p>Am Freitagabend waren wir zu Katjas Geburtstagsfeier in die <a href=\"http:\/\/losteria.de\/restaurant\/dresden\/\" target=\"_blank\">L&#8217;Osteria<\/a> eingeladen. Ich habe mich gegen eine wagenradgro\u00dfe Pizza entschieden, welche zwar verlockend, aber auch zu riesig aussah,\u00a0und nahm stattdessen lieber Muscheln in Wei\u00dfweinso\u00dfe &#8211; sie\u00a0waren echt lecker!<\/p>\n<p style=\"text-align: center;\"><a href=\"https:\/\/www.marvinchen.de\/olgas_welt\/blog\/wp-content\/uploads\/2015\/12\/002.jpg\"><img loading=\"lazy\" decoding=\"async\" class=\"aligncenter wp-image-3843\" src=\"https:\/\/www.marvinchen.de\/olgas_welt\/blog\/wp-content\/uploads\/2015\/12\/002.jpg\" alt=\"002\" width=\"560\" height=\"420\" srcset=\"https:\/\/www.marvinchen.de\/olgas_welt\/blog\/wp-content\/uploads\/2015\/12\/002.jpg 800w, https:\/\/www.marvinchen.de\/olgas_welt\/blog\/wp-content\/uploads\/2015\/12\/002-300x225.jpg 300w\" sizes=\"auto, (max-width: 560px) 100vw, 560px\" \/><\/a><\/p>\n<p>Und weil die Pizzen alle so riesig waren, sodass unsere\u00a0Nachbarinnen mit ihren alleine nicht fertig wurden, durften Carsten (er hatte sich Nudeln ausgesucht) und ich eben so von jeder etwas kosten \u00a0 \u00a0\ud83d\ude09<br \/>\nWir hatten ganz viel Spa\u00df bei der Feier und bei den lustigen Gespr\u00e4chen verging die Zeit superschnell. Am Ende verlie\u00dfen wir das Lokal gutgelaunt erst irgendwann gegen Mitternacht \u00a0 \u00a0:unschuldig:<\/p>\n<p>Wie sich\u00a0am Tag danach herausstellte, war jene\u00a0Geburtstagsfeier quasi eine &#8222;Aufw\u00e4rm\u00fcbung&#8220; f\u00fcr den nun folgenden Geburtstag von Francis Mohr. Seine\u00a0Feier begann erst um 20 Uhr und auch hier geh\u00f6rten Carsten und ich zu den letzten G\u00e4sten, denn es war eine sch\u00f6ne, bunte Gesellschaft und man hatte \u00fcber den gesamten Abend verteilt, ganz viele verschiedene Themen zu besprechen. Wie \u00fcblich fand\u00a0mein letztes Gespr\u00e4ch in der K\u00fcche statt, diesmal\u00a0mit Claudia, der Hausherrin, welche ein gro\u00dfartiges Talent hat, alles perfekt zu organisieren \u00a0 \u00a0\ud83d\ude42<br \/>\nMan wei\u00df ja, K\u00fcchengespr\u00e4che sind meistens die spannendsten \u00a0 \u00a0\ud83d\ude09 \u00a0 \u00a0und nach diesem wunderbaren Geburtstagsfest landeten wir sogar erst um 3 Uhr in unseren Betten!<\/p>\n<p>Aber leider stand Ausschlafen an diesem Sonntag nicht zur Debatte, denn zum einen erwarteten wir gegen Mittag unsere lieben Freunde aus Breslau bei uns in Striesen und gegen Abend\u00a0sollte\u00a0Stephanie \u00fcber die nun noch verbleibende Adventszeit bei uns einziehen. Ergo, die Zeit bis zur Ankunft von Kasia, Rafal, Natalka und Zuzia wurde mit Budenschwung (s\u00e4chsisch f\u00fcr Hausputz)\u00a0verbracht &#8211; blo\u00df gut, dass ich nicht mehr ein ganzes Haus, sondern nur noch eine Wohnung\u00a0in Ordnung zu bringen\u00a0hatte \u00a0 \u00a0\ud83d\ude09<br \/>\nUnsere polnische G\u00e4ste wollten nach einer kleinen F\u00fchrung durch das Apartamento OLCA vorrangig die Dresdner Weihnachtsm\u00e4rkte besuchen und so st\u00fcrzten wir uns entgegen aller Gewohnheiten auch mal an einem Wochenende ins Gew\u00fchl, was sonst die Einheimischen lieber\u00a0versuchen zu vermeiden. Der mittelalterliche Weihnachtsmarkt im Stallhof wird unseren Freunden wohl als sch\u00f6nster in Erinnerung bleiben, denn da man dort am Wochenende Eintritt bezahlen muss, war dieser nicht ganz so \u00fcberlaufen, wie der anschlie\u00dfend besuchte\u00a0<a href=\"http:\/\/www.weihnachtsmarkt-dresden-neumarkt.de\/\" target=\"_blank\">Advent auf dem Neumarkt<\/a>\u00a0und nat\u00fcrlich der mittlerweile \u00fcber die s\u00e4chsischen Grenzen hinaus bekannte\u00a0<a href=\"http:\/\/www.dresden.de\/de\/kultur\/veranstaltungen\/dresdner-striezelmarkt.php\" target=\"_blank\">Striezelmarkt<\/a>.<\/p>\n<p style=\"text-align: center;\"><a href=\"https:\/\/www.marvinchen.de\/olgas_welt\/blog\/wp-content\/uploads\/2015\/12\/003.jpg\"><img loading=\"lazy\" decoding=\"async\" class=\"aligncenter wp-image-3844\" src=\"https:\/\/www.marvinchen.de\/olgas_welt\/blog\/wp-content\/uploads\/2015\/12\/003.jpg\" alt=\"003\" width=\"560\" height=\"420\" srcset=\"https:\/\/www.marvinchen.de\/olgas_welt\/blog\/wp-content\/uploads\/2015\/12\/003.jpg 800w, https:\/\/www.marvinchen.de\/olgas_welt\/blog\/wp-content\/uploads\/2015\/12\/003-300x225.jpg 300w\" sizes=\"auto, (max-width: 560px) 100vw, 560px\" \/><\/a><\/p>\n<p>Zeitlich hat am Sonntag alles so perfekt gepasst, dass wir nach der Verabschiedung der Breslauer, welche auf der Heimfahrt noch einen Stopp in Bautzen und G\u00f6rlitz einlegen wollten, nicht ganz eine Stunde sp\u00e4ter unsere Kleine am Busbahnhof abholen konnten. Danach geh\u00f6rte ihr und\u00a0zwei Tage sp\u00e4ter auch ihrer gro\u00dfen Schwester unsere (beihnah) ganze Aufmerksamkeit &#8230; abgesehen von ein paar Tagen (Mo &amp; Di) auf Arbeit gehen. Unter anderem haben wir es in dieser Zeit sogar geschafft, ins Kino zu gehen und zusammen mit Stephanie &#8222;<a href=\"http:\/\/de.starwars.com\/\" target=\"_blank\">Star Wars VII &#8211; Das Erwachen der Macht<\/a>&#8220;\u00a0anzusehen. Die Geschichte ist leider etwas d\u00fcnn, aber der Film ist dennoch sehenswert, besonders f\u00fcr die, welche die urspr\u00fcnglichen Teile aus den 70ern\u00a0m\u00f6gen. Stephanie hat es\u00a0auf dem Heimweg\u00a0aus meiner Sicht so richtig gut\u00a0zusammengefasst: &#8222;Chewbacca und Han Solo sind die besten&#8220; \u00a0 \u00a0\ud83d\ude09<\/p>\n<p>Am Montag waren wir bei Ines und Torsten zum Raclette in ihrer neuen K\u00fcche eingeladen. Diese ist nigelnagelneu, sehr modern und vollgespickt mit ganz viel High-Tech &#8211; sehr beeindruckend!\u00a0Aber die\u00a0Gem\u00fctlichkeit beim Raclette ist zum\u00a0Gl\u00fcck so herrlich unver\u00e4ndert altmodisch geblieben und\u00a0darum wurde auch dieser Abend seeehr lang\u00a0\u00a0\u00a0 \ud83d\ude42<\/p>\n<p>Am Mittag des Heiligabend vernichteten wir mit den M\u00e4dels den am\u00a0Tag zuvor\u00a0gemeinsam zubereiteten <a href=\"https:\/\/www.marvinchen.de\/webbibliothek\/_olca_kochbuch\/rezepte\/kartoffelsalat_olivier.htm\" target=\"_blank\">Kartoffelsalat a la OLCA<\/a>\u00a0inklusive der obligatorischen W\u00fcrstchen, denn gegen 18 Uhr stand Uwe schon vor der T\u00fcr, um die Kinder f\u00fcr die restlichen Weihnachtstage zu sich nach Miltitz zu holen. Danach gab es aber kein Halten mehr und der Weg f\u00fchrte ins Wohnzimmer, wo unser Tannenb\u00e4umchen als Kr\u00f6nung schon auf dem \u00fcblichen Geschenkeberg thronte &#8211; bei uns wird eben auch jede noch so kleine Kleinigkeit eingepackt, um den Spa\u00df des Auspackens unter Aufsicht der insgesamt drei wartenden Augenpaaren so richtig zu zelebrieren:<\/p>\n<p style=\"text-align: center;\"><a href=\"https:\/\/www.marvinchen.de\/olgas_welt\/blog\/wp-content\/uploads\/2015\/12\/005.jpg\"><img loading=\"lazy\" decoding=\"async\" class=\"aligncenter wp-image-3845\" src=\"https:\/\/www.marvinchen.de\/olgas_welt\/blog\/wp-content\/uploads\/2015\/12\/005.jpg\" alt=\"005\" width=\"420\" height=\"560\" srcset=\"https:\/\/www.marvinchen.de\/olgas_welt\/blog\/wp-content\/uploads\/2015\/12\/005.jpg 600w, https:\/\/www.marvinchen.de\/olgas_welt\/blog\/wp-content\/uploads\/2015\/12\/005-300x400.jpg 300w\" sizes=\"auto, (max-width: 420px) 100vw, 420px\" \/><\/a><\/p>\n<p>Und dann ging endlich die Bescherung los und es wurde wie jedes Jahr ein stundenlanges Vergn\u00fcgen!<\/p>\n<p style=\"text-align: center;\"><a href=\"https:\/\/www.marvinchen.de\/olgas_welt\/blog\/wp-content\/uploads\/2015\/12\/007.jpg\"><img loading=\"lazy\" decoding=\"async\" class=\"aligncenter wp-image-3847\" src=\"https:\/\/www.marvinchen.de\/olgas_welt\/blog\/wp-content\/uploads\/2015\/12\/007.jpg\" alt=\"007\" width=\"420\" height=\"560\" srcset=\"https:\/\/www.marvinchen.de\/olgas_welt\/blog\/wp-content\/uploads\/2015\/12\/007.jpg 600w, https:\/\/www.marvinchen.de\/olgas_welt\/blog\/wp-content\/uploads\/2015\/12\/007-300x400.jpg 300w\" sizes=\"auto, (max-width: 420px) 100vw, 420px\" \/><\/a><\/p>\n<p>Ich habe wie so oft, ein paar &#8222;b\u00e4rige&#8220; Geschenke bekommen: ein Buch\u00a0\u00fcber <a href=\"https:\/\/de.wikipedia.org\/wiki\/Paddington_B%C3%A4r\" target=\"_blank\">Paddington B\u00e4r<\/a>, denn diese Kultgeschichten haben bei mir in den B\u00fccherregalen\u00a0tats\u00e4chlich noch gefehlt, und die\u00a0Trickfilm-DVD &#8222;<a href=\"http:\/\/www.moviepilot.de\/movies\/ernest-et-celestine\" target=\"_blank\">Ernest &amp; Celestine<\/a>&#8220; &#8211; ich finde, es ist alles so liebevoll gezeichnet und auch die gesamte Geschichte drumherum mochte ich sehr. Die gr\u00f6\u00dfte \u00dcberraschung war f\u00fcr mich aber ein Gutschein von Carsten f\u00fcr\u00a0einen Weit-Weit-weg-Strandurlaub. Wenn wir uns festgelegt haben, werde ich euch verraten, wohin die Reise gehen soll \u00a0 \u00a0\ud83d\ude09 \u00a0 \u00a0mein Schatz ist eigentlich\u00a0ein Berge-Fan, aber nicht nur deshalb rechne ich ihm das Geschenk sehr hoch an!<\/p>\n<p>Carsten hat von Kindern z.B. etwas zum Spielen bekommen:<\/p>\n<p style=\"text-align: center;\"><a href=\"https:\/\/www.marvinchen.de\/olgas_welt\/blog\/wp-content\/uploads\/2015\/12\/006.jpg\"><img loading=\"lazy\" decoding=\"async\" class=\"aligncenter wp-image-3846\" src=\"https:\/\/www.marvinchen.de\/olgas_welt\/blog\/wp-content\/uploads\/2015\/12\/006.jpg\" alt=\"006\" width=\"420\" height=\"560\" srcset=\"https:\/\/www.marvinchen.de\/olgas_welt\/blog\/wp-content\/uploads\/2015\/12\/006.jpg 600w, https:\/\/www.marvinchen.de\/olgas_welt\/blog\/wp-content\/uploads\/2015\/12\/006-300x400.jpg 300w\" sizes=\"auto, (max-width: 420px) 100vw, 420px\" \/><\/a><\/p>\n<p>Irgendwie habe ich aber das Gef\u00fchl, er wird nicht sehr lange damit spielen k\u00f6nnen \u00a0 \u00a0\ud83d\ude09<br \/>\nEin\u00a0anderes Spiel, welches die Kinder uns schenkten, wird da wohl etwas l\u00e4nger \u00fcberleben:\u00a0<a href=\"http:\/\/www.bezzerwizzer.de\/\" target=\"_blank\">Bezzerwizzer<\/a>. Das wurde nat\u00fcrlich auch gleich nach der Bescherung eingeweiht und ob man es glaubt oder nicht, ich habe tats\u00e4chlich sogar\u00a0eine von zwei Runden gewonnen\u00a0\u00a0\u00a0 \ud83d\ude00 !<\/p>\n<p>Au\u00dferdem haben die Kinder meinen Wunsch, unseren Tassenvorrat zu erweitern, erf\u00fcllt:<\/p>\n<p style=\"text-align: center;\"><a href=\"https:\/\/www.marvinchen.de\/olgas_welt\/blog\/wp-content\/uploads\/2015\/12\/008.jpg\"><img loading=\"lazy\" decoding=\"async\" class=\"aligncenter wp-image-3848\" src=\"https:\/\/www.marvinchen.de\/olgas_welt\/blog\/wp-content\/uploads\/2015\/12\/008.jpg\" alt=\"008\" width=\"560\" height=\"420\" srcset=\"https:\/\/www.marvinchen.de\/olgas_welt\/blog\/wp-content\/uploads\/2015\/12\/008.jpg 800w, https:\/\/www.marvinchen.de\/olgas_welt\/blog\/wp-content\/uploads\/2015\/12\/008-300x225.jpg 300w\" sizes=\"auto, (max-width: 560px) 100vw, 560px\" \/><\/a><\/p>\n<p>Ich war wirklich sehr \u00fcberrascht, als ich erfahren habe, dass sie beide\u00a0die Tassen selbst bemalt haben, denn ich dachte, sie wurden bereits mit diesen Zeichnungen verkauft. Ich bin wirklich sehr stolz auf meine kreativen Kinder und freue mich auf den Einsatz des neuen Geschirrs in unserer K\u00fcche!<\/p>\n<p>Da die M\u00e4dels uns noch am Heiligabend verlie\u00dfen, um in Miltitz weiterzufeiern, g\u00f6nnten Carsten und ich und gestern, am 1. Feiertag, ganz viele entspannten Stunden in der <a href=\"http:\/\/www.toskanaworld.net\/web\/de\/content\/content.php?areaID=3\" target=\"_blank\">Toskana Therme<\/a> in Bad Schandau &#8211; vom\u00a0<a href=\"http:\/\/www.toskanaworld.net\/web\/de\/content\/content.php?areaID=3&amp;menuID=108&amp;active_menu=4&amp;vhm=&amp;area=Toskana Therme Bad Schandau&amp;menu=Liquid Sound&amp;content=\" target=\"_blank\">Liquidsound-Becken<\/a>\u00a0kann ich einfach nicht genug bekommen! Aber auch das entspannte Saunieren\u00a0samt\u00a0Ausprobieren aller vorhandenen Schwitzbuden hat mir und meinem K\u00f6rper sehr gut getan.<\/p>\n<p>Und nun heute, am 2. Feiertag, kommen wir endlich einmal dazu, all die vielen sch\u00f6nen Erlebnisse Revue passieren zu lassen und voller Dankbarkeit an unsere Familie und unsere Freunde von Nah und Fern zu denken, welche uns in den letzten Tagen so viel Freude geschenkt haben &#8211; sch\u00f6n, dass es euch gibt und das zum Gl\u00fcck nicht nur zu Weihnachten\u00a0\u00a0\u00a0 \ud83d\ude42 \u00a0 \u00a0:verliebt:<\/p>\n","protected":false},"excerpt":{"rendered":"<p>Wie die treuen Leser vermutlich schon gemerkt haben, bin ich meinem Schreibrhythmus untreu geworden\u00a0\u00a0\u00a0 \ud83d\ude09 \u00a0 \u00a0aber seit einer Woche hatte ich im wahrsten Sinne des Wortes ein volles Programm und\u00a0es gab\u00a0so viel\u00a0Interessantes zu erleben, da blieb einfach keine Zeit zum Schreiben \u00fcbrig\u00a0\u00a0\u00a0 \ud83d\ude42 Genau eine Woche vor Heiligabend waren Anna, Carsten und ich auf [&hellip;]<\/p>\n","protected":false},"author":3,"featured_media":0,"comment_status":"open","ping_status":"closed","sticky":false,"template":"","format":"standard","meta":{"ngg_post_thumbnail":0,"footnotes":""},"categories":[478,5,4,7,1],"tags":[16,56,320,14,1110,260,293,464,1052,53,137,775,1029,1177,1011,994,1179,13,1178,592,472,15,1020,508,1181,515,303,1173,114,1180],"class_list":["post-3840","post","type-post","status-publish","format-standard","hentry","category-bariges-leben","category-essen-und-trinken","category-freud-und-leid","category-freunde-und-co","category-olca-und-stan","tag-andrea","tag-anna","tag-bar","tag-carsten","tag-claudia","tag-essen","tag-feier","tag-feiern","tag-francis-mohr","tag-geburtstag","tag-geschenke","tag-heini","tag-ines-und-torsten","tag-kasia","tag-katja","tag-kl-dinkelmann","tag-natalka","tag-olga","tag-rafal","tag-spiel","tag-spielen","tag-stephanie","tag-tannenbaum","tag-teddybar","tag-toskanatherme","tag-trinken","tag-weihnachten","tag-weihnachtsgeschenke","tag-weihnachtsmarkt","tag-zuzia"],"_links":{"self":[{"href":"https:\/\/www.marvinchen.de\/olgas_welt\/blog\/wp-json\/wp\/v2\/posts\/3840","targetHints":{"allow":["GET"]}}],"collection":[{"href":"https:\/\/www.marvinchen.de\/olgas_welt\/blog\/wp-json\/wp\/v2\/posts"}],"about":[{"href":"https:\/\/www.marvinchen.de\/olgas_welt\/blog\/wp-json\/wp\/v2\/types\/post"}],"author":[{"embeddable":true,"href":"https:\/\/www.marvinchen.de\/olgas_welt\/blog\/wp-json\/wp\/v2\/users\/3"}],"replies":[{"embeddable":true,"href":"https:\/\/www.marvinchen.de\/olgas_welt\/blog\/wp-json\/wp\/v2\/comments?post=3840"}],"version-history":[{"count":0,"href":"https:\/\/www.marvinchen.de\/olgas_welt\/blog\/wp-json\/wp\/v2\/posts\/3840\/revisions"}],"wp:attachment":[{"href":"https:\/\/www.marvinchen.de\/olgas_welt\/blog\/wp-json\/wp\/v2\/media?parent=3840"}],"wp:term":[{"taxonomy":"category","embeddable":true,"href":"https:\/\/www.marvinchen.de\/olgas_welt\/blog\/wp-json\/wp\/v2\/categories?post=3840"},{"taxonomy":"post_tag","embeddable":true,"href":"https:\/\/www.marvinchen.de\/olgas_welt\/blog\/wp-json\/wp\/v2\/tags?post=3840"}],"curies":[{"name":"wp","href":"https:\/\/api.w.org\/{rel}","templated":true}]}}