{"id":3876,"date":"2016-01-07T19:32:05","date_gmt":"2016-01-07T18:32:05","guid":{"rendered":"http:\/\/www.marvinchen.de\/olgas_welt\/blog\/?p=3876"},"modified":"2016-01-07T19:32:46","modified_gmt":"2016-01-07T18:32:46","slug":"namensklaerung","status":"publish","type":"post","link":"https:\/\/www.marvinchen.de\/olgas_welt\/blog\/2016\/01\/namensklaerung\/","title":{"rendered":"Amtsdeutsch = &#8222;Namenskl\u00e4rung&#8220;"},"content":{"rendered":"<p>Ich habe ihn fast 10 Jahre getragen, unz\u00e4hlige Male durchbuchstabiert und immer wieder auf den immens wichtigen Bindestrich hingewiesen. Damals, nach\u00a0<a href=\"https:\/\/www.marvinchen.de\/webbibliothek\/_tagebuecher\/20060212_vegasbericht\/index.htm\" target=\"_blank\">unserer Hochzeit<\/a>, habe ich mich ganz bewusst entschieden, auch den Namen meines vorherigen Mannes zu behalten, denn immerhin tragen ja unsere Kinder auch seinen Nachnamen. Ich wollte damit kl\u00e4renden Gespr\u00e4chen in der Schule, zu welchem Kind ich denn geh\u00f6ren w\u00fcrde, einfach vorbeugen. Diese Ma\u00dfnahme hat \u00fcbrigens trotzdem nicht immer bei allen Lehrern funktioniert\u00a0\u00a0\u00a0 \ud83d\ude09<\/p>\n<p>Aber nun sind die beiden\u00a0M\u00e4dels gro\u00df geworden &#8211; selbst unsere j\u00fcngere mutiert in knapp einem Monat von Teen zu Twen &#8211; und ich muss zu keinen Elternabenden, -versammlungen und \u00e4hnlichen Veranstaltungen mehr auftauchen, um mich \u00fcber das Leben meiner\u00a0Kinder zu informieren.<br \/>\nAu\u00dferdem feiern Carsten und ich in diesem Jahr unseren 10. Hochzeitstag und ich habe nun entschieden, dass es an der Zeit sei, endlich den Namen seines Vorg\u00e4ngers abzulegen.<\/p>\n<p>Darum bekam ich heute auf Arbeit die Erlaubnis des vorzeitigen Verlassens meines Arbeitsplatzes und fuhr zum Amt in den Dresdner Norden. Die b\u00fcrokratischen M\u00fchlen haben am Ende\u00a0nur etwa eine Stunde gedauert und mich insgesamt 35 EUR gekostet:<\/p>\n<p style=\"text-align: center;\"><a href=\"https:\/\/www.marvinchen.de\/olgas_welt\/blog\/wp-content\/uploads\/2016\/01\/IMG_00011.jpg\"><img loading=\"lazy\" decoding=\"async\" class=\"aligncenter wp-image-3877\" src=\"https:\/\/www.marvinchen.de\/olgas_welt\/blog\/wp-content\/uploads\/2016\/01\/IMG_00011.jpg\" alt=\"IMG_0001\" width=\"560\" height=\"420\" srcset=\"https:\/\/www.marvinchen.de\/olgas_welt\/blog\/wp-content\/uploads\/2016\/01\/IMG_00011.jpg 800w, https:\/\/www.marvinchen.de\/olgas_welt\/blog\/wp-content\/uploads\/2016\/01\/IMG_00011-300x225.jpg 300w\" sizes=\"auto, (max-width: 560px) 100vw, 560px\" \/><\/a><\/p>\n<p>Aber nun darf\u00a0ich einen kurzen und ziemlich eindeutig auszusprechenden Namen verwenden\u00a0 \u00a0 \ud83d\ude09<br \/>\nOlga Sander = insgesamt 10 Buchstaben, 4 f\u00fcr den Vornamen und 6 f\u00fcr den Nachnamen\u00a0\u00a0\u00a0 \ud83d\ude42<br \/>\nIch sch\u00e4tze, diese Einfachheit werden auch meine zuk\u00fcnftigen,\u00a0ausl\u00e4ndischen Patienten zu sch\u00e4tzen wissen, denn so ein Name ist auf jeden Fall leichter am Telefon durchzugeben als der vorherige, welchen ich zugegebenerma\u00dfen auch mit gewissen Stolz recht lange behalten habe\u00a0\u00a0\u00a0 \ud83d\ude42<\/p>\n<p>\u00dcbrigens, es war sehr am\u00fcsant, als mir die Bearbeiterin meines Falls bei der \u00dcbergabe\u00a0meiner abgegebenen Papiere offenbarte, dass genau sie damals im Jahre 2006 die Heiratsurkunde f\u00fcr uns das Dresdner Standesamt\u00a0erstellte. Sie fand diesen Zufall ebenfalls sehr erheiternd\u00a0\u00a0\u00a0 \ud83d\ude42<\/p>\n<p>Und nun habe ich\u00a0mithilfe meines Mannes schon eine Liste erstellt, bei wem ich diese Namens\u00e4nderung nun alles bekannt geben muss (z.B. Banken, Versicherungen, Arbeitgeber, Onlineh\u00e4ndler), aber irgendwie werde ich das Gef\u00fchl nicht los, dass da noch weitere\u00a0Institutionen\u00a0dazu kommen werden. Und nat\u00fcrlich muss ich auch mein Ausweis und Reisepass neu beantragen. Da wartet\u00a0vermutlich noch jede Menge Spa\u00df mit diversen Beh\u00f6rden auf mich \u00a0 \u00a0\ud83d\ude42 \u00a0 \u00a0aber ich habe es ja selber so gewollt und entschieden\u00a0\u00a0\u00a0 \ud83d\ude00<\/p>\n","protected":false},"excerpt":{"rendered":"<p>Ich habe ihn fast 10 Jahre getragen, unz\u00e4hlige Male durchbuchstabiert und immer wieder auf den immens wichtigen Bindestrich hingewiesen. Damals, nach\u00a0unserer Hochzeit, habe ich mich ganz bewusst entschieden, auch den Namen meines vorherigen Mannes zu behalten, denn immerhin tragen ja unsere Kinder auch seinen Nachnamen. Ich wollte damit kl\u00e4renden Gespr\u00e4chen in der Schule, zu welchem [&hellip;]<\/p>\n","protected":false},"author":3,"featured_media":0,"comment_status":"open","ping_status":"closed","sticky":false,"template":"","format":"standard","meta":{"ngg_post_thumbnail":0,"footnotes":""},"categories":[4,1],"tags":[16,1192,1190,14,317,1189,13,15,1191,1037],"class_list":["post-3876","post","type-post","status-publish","format-standard","hentry","category-freud-und-leid","category-olca-und-stan","tag-andrea","tag-beamte","tag-behoerde","tag-carsten","tag-kinder","tag-name","tag-olga","tag-stephanie","tag-urkunde","tag-veraenderungen"],"_links":{"self":[{"href":"https:\/\/www.marvinchen.de\/olgas_welt\/blog\/wp-json\/wp\/v2\/posts\/3876","targetHints":{"allow":["GET"]}}],"collection":[{"href":"https:\/\/www.marvinchen.de\/olgas_welt\/blog\/wp-json\/wp\/v2\/posts"}],"about":[{"href":"https:\/\/www.marvinchen.de\/olgas_welt\/blog\/wp-json\/wp\/v2\/types\/post"}],"author":[{"embeddable":true,"href":"https:\/\/www.marvinchen.de\/olgas_welt\/blog\/wp-json\/wp\/v2\/users\/3"}],"replies":[{"embeddable":true,"href":"https:\/\/www.marvinchen.de\/olgas_welt\/blog\/wp-json\/wp\/v2\/comments?post=3876"}],"version-history":[{"count":0,"href":"https:\/\/www.marvinchen.de\/olgas_welt\/blog\/wp-json\/wp\/v2\/posts\/3876\/revisions"}],"wp:attachment":[{"href":"https:\/\/www.marvinchen.de\/olgas_welt\/blog\/wp-json\/wp\/v2\/media?parent=3876"}],"wp:term":[{"taxonomy":"category","embeddable":true,"href":"https:\/\/www.marvinchen.de\/olgas_welt\/blog\/wp-json\/wp\/v2\/categories?post=3876"},{"taxonomy":"post_tag","embeddable":true,"href":"https:\/\/www.marvinchen.de\/olgas_welt\/blog\/wp-json\/wp\/v2\/tags?post=3876"}],"curies":[{"name":"wp","href":"https:\/\/api.w.org\/{rel}","templated":true}]}}