{"id":3883,"date":"2016-01-13T20:39:26","date_gmt":"2016-01-13T19:39:26","guid":{"rendered":"http:\/\/www.marvinchen.de\/olgas_welt\/blog\/?p=3883"},"modified":"2016-01-13T20:39:26","modified_gmt":"2016-01-13T19:39:26","slug":"fotojahresplan-2016","status":"publish","type":"post","link":"https:\/\/www.marvinchen.de\/olgas_welt\/blog\/2016\/01\/fotojahresplan-2016\/","title":{"rendered":"Fotojahresplan 2016"},"content":{"rendered":"<p>Auch dieses Jahr habe ich mir wieder einige Themen ausgedacht, welche ich entweder technisch oder inhaltlich als eine Herausforderung f\u00fcr mich sehe. Und so sieht nun mein Fotojahresplan f\u00fcr 2016 aus:<\/p>\n<ul>\n<li>Januar &#8211;&gt;\u00a0K\u00f6rner<\/li>\n<li>Februar &#8211;&gt; Bokehrfilter (nein, kein Schreibfehler !)<\/li>\n<li>M\u00e4rz &#8211;&gt; Minimalismus<\/li>\n<li>April &#8211;&gt; Himmel, Wetter und Wolken<\/li>\n<li>Mai &#8211;&gt; DDR-Relikte und Sozialismus im Alltag<\/li>\n<li>Juni &#8211;&gt; Transportmittel<\/li>\n<li>Juli &#8211;&gt; Alt &amp; Neu &#8211; Architekturgegens\u00e4tze<\/li>\n<li>August &#8211;&gt; T\u00fcr und Tor<\/li>\n<li>September &#8211;&gt; Sch\u00f6ne neue Technikwelt<\/li>\n<li>Oktober &#8211;&gt; Die Zeit steht still<\/li>\n<li>November &#8211;&gt; Ein Frucht-Bad<\/li>\n<li>Dezember &#8211;&gt; Abstrakte Fotografien<\/li>\n<\/ul>\n<p>Au\u00dferdem habe ich mir\u00a0diesmal ein Ganzjahresthema ausgesucht, sprich ich habe 12 Monate lang Zeit, Aufnahmen\u00a0dazu zu machen -&gt; Ampeln und Schilder<\/p>\n<p>Ich bin selber gespannt, wie die Ergebnisse meiner Experimente und Fotofeldz\u00fcge aussehen werden. Aber egal wie es wird, ich werde diese\u00a0wie immer hier mit Stolz zeigen. Falls jemand vergessen hat, welche Themen ich schon &#8222;abfotografiert&#8220; habe, braucht sie oder er nur bei\u00a0<a href=\"http:\/\/marvinchen.de\/\" target=\"_blank\">www.marvinchen.de<\/a>\u00a0auf den Klingelknopf &#8222;Olgas Fotojahrespl\u00e4ne&#8220; zu dr\u00fccken \u00a0 \u00a0\ud83d\ude00<\/p>\n<p>\u00dcbrigens, ich bin nach wie vor gerne f\u00fcr kleine Fotosessions, vorrangig im Freien, zu haben \u00a0 \u00a0\ud83d\ude09<\/p>\n<p>Eins ist auf jeden Fall sicher: Solche gem\u00fctlichen Pausen wird meine Kamera bei diesen Pl\u00e4nen vermutlich nicht sehr oft genie\u00dfen k\u00f6nnen\u00a0\u00a0\u00a0 \ud83d\ude09<\/p>\n<p style=\"text-align: center;\"><img loading=\"lazy\" decoding=\"async\" class=\"aligncenter wp-image-3884\" src=\"https:\/\/www.marvinchen.de\/olgas_welt\/blog\/wp-content\/uploads\/2016\/01\/Fotojahresplan-2016webb.jpg\" alt=\"Fotojahresplan-2016webb\" width=\"420\" height=\"560\" srcset=\"https:\/\/www.marvinchen.de\/olgas_welt\/blog\/wp-content\/uploads\/2016\/01\/Fotojahresplan-2016webb.jpg 600w, https:\/\/www.marvinchen.de\/olgas_welt\/blog\/wp-content\/uploads\/2016\/01\/Fotojahresplan-2016webb-300x400.jpg 300w\" sizes=\"auto, (max-width: 420px) 100vw, 420px\" \/><\/p>\n","protected":false},"excerpt":{"rendered":"<p>Auch dieses Jahr habe ich mir wieder einige Themen ausgedacht, welche ich entweder technisch oder inhaltlich als eine Herausforderung f\u00fcr mich sehe. Und so sieht nun mein Fotojahresplan f\u00fcr 2016 aus: Januar &#8211;&gt;\u00a0K\u00f6rner Februar &#8211;&gt; Bokehrfilter (nein, kein Schreibfehler !) M\u00e4rz &#8211;&gt; Minimalismus April &#8211;&gt; Himmel, Wetter und Wolken Mai &#8211;&gt; DDR-Relikte und Sozialismus im [&hellip;]<\/p>\n","protected":false},"author":3,"featured_media":0,"comment_status":"open","ping_status":"closed","sticky":false,"template":"","format":"standard","meta":{"ngg_post_thumbnail":0,"footnotes":""},"categories":[822,4,1],"tags":[587,638,716,847,416,1198,13,781],"class_list":["post-3883","post","type-post","status-publish","format-standard","hentry","category-fotografie-und-photoshop","category-freud-und-leid","category-olca-und-stan","tag-foto","tag-fotografie","tag-fotografieren","tag-fotojahresplan","tag-homepage","tag-klingelknopf","tag-olga","tag-plan"],"_links":{"self":[{"href":"https:\/\/www.marvinchen.de\/olgas_welt\/blog\/wp-json\/wp\/v2\/posts\/3883","targetHints":{"allow":["GET"]}}],"collection":[{"href":"https:\/\/www.marvinchen.de\/olgas_welt\/blog\/wp-json\/wp\/v2\/posts"}],"about":[{"href":"https:\/\/www.marvinchen.de\/olgas_welt\/blog\/wp-json\/wp\/v2\/types\/post"}],"author":[{"embeddable":true,"href":"https:\/\/www.marvinchen.de\/olgas_welt\/blog\/wp-json\/wp\/v2\/users\/3"}],"replies":[{"embeddable":true,"href":"https:\/\/www.marvinchen.de\/olgas_welt\/blog\/wp-json\/wp\/v2\/comments?post=3883"}],"version-history":[{"count":0,"href":"https:\/\/www.marvinchen.de\/olgas_welt\/blog\/wp-json\/wp\/v2\/posts\/3883\/revisions"}],"wp:attachment":[{"href":"https:\/\/www.marvinchen.de\/olgas_welt\/blog\/wp-json\/wp\/v2\/media?parent=3883"}],"wp:term":[{"taxonomy":"category","embeddable":true,"href":"https:\/\/www.marvinchen.de\/olgas_welt\/blog\/wp-json\/wp\/v2\/categories?post=3883"},{"taxonomy":"post_tag","embeddable":true,"href":"https:\/\/www.marvinchen.de\/olgas_welt\/blog\/wp-json\/wp\/v2\/tags?post=3883"}],"curies":[{"name":"wp","href":"https:\/\/api.w.org\/{rel}","templated":true}]}}