{"id":3890,"date":"2016-01-18T20:48:32","date_gmt":"2016-01-18T19:48:32","guid":{"rendered":"http:\/\/www.marvinchen.de\/olgas_welt\/blog\/?p=3890"},"modified":"2016-01-18T20:48:32","modified_gmt":"2016-01-18T19:48:32","slug":"ein-familienwinterwochenende-in-potsdam","status":"publish","type":"post","link":"https:\/\/www.marvinchen.de\/olgas_welt\/blog\/2016\/01\/ein-familienwinterwochenende-in-potsdam\/","title":{"rendered":"Ein Familienwinterwochenende in Potsdam"},"content":{"rendered":"<p>Es hat sich seit Jahren zu einer guten Tradition in unserer Familie entwickelt, irgendwann im Januar zusammen zu kommen und einen R\u00fcckblick auf das vergangene Jahr zu werfen. Damit man bei der lustigen\/traurigen\/sentimentalen Besprechung nicht den Faden verliert, gibt es einen vorbereiteten\u00a0<a href=\"https:\/\/www.marvinchen.de\/webbibliothek\/_tagebuecher\/_einzeldateien\/20130106_fragebogen.pdf\" target=\"_blank\">Fragebogen<\/a>, den wir vier im Vorfeld, meist direkt am Anfang des neuen Jahres, ausf\u00fcllen. Diese Geschichten und Erinnerungen, welche immer mit den einzelnen Antworten verbunden sind, werden dann beim gem\u00fctlichen Beisammensein erz\u00e4hlt\u00a0\u00a0\u00a0 \ud83d\ude42<br \/>\nNormalerweise haben wir uns daf\u00fcr bislang in der Casa bzw. dem Apartamento OLCA getroffen, doch diesmal haben wir den Standort nach Potsdam verlegt. Stephanie hat n\u00e4mlich seit November zusammen mit Tobi eine WG gegr\u00fcndet und wir \u00fcbrigen haben sie bis dato noch nicht gesehen &#8211; ergo: das N\u00fctzliche mit dem Sch\u00f6nen verbinden.<\/p>\n<p>Deshalb sind Carsten und ich gleich am Freitag nach der Arbeit mit unserem Smart nach Potsdam gefahren. Andrea musste am Samstagvormittag noch bei einem blau-gelben schwedischen M\u00f6belhaus an der Kasse ihre Br\u00f6tchen verdienen und kam deshalb erst am Abend dazu.<\/p>\n<p>Am Samstag hatten wir Erwachsenen mit Stephanie als kundige Reisef\u00fchrerin genug Zeit, um uns die wichtigsten Sehensw\u00fcrdigkeiten des Stadtzentrums anzusehen. Die Markanteste davon ist wohl ohne Zweifel die Nicolaikirche:<\/p>\n<p style=\"text-align: center;\"><img loading=\"lazy\" decoding=\"async\" class=\"aligncenter wp-image-3891\" src=\"https:\/\/www.marvinchen.de\/olgas_welt\/blog\/wp-content\/uploads\/2016\/01\/IMG_0140.jpg\" alt=\"IMG_0140\" width=\"420\" height=\"560\" srcset=\"https:\/\/www.marvinchen.de\/olgas_welt\/blog\/wp-content\/uploads\/2016\/01\/IMG_0140.jpg 600w, https:\/\/www.marvinchen.de\/olgas_welt\/blog\/wp-content\/uploads\/2016\/01\/IMG_0140-300x400.jpg 300w\" sizes=\"auto, (max-width: 420px) 100vw, 420px\" \/><\/p>\n<p>Sie hat f\u00fcr uns\u00a0irgendwie keine typische Kirchenarchitektur, aber es ist ein wirklich sch\u00f6nes und sehr beeindruckendes Geb\u00e4ude &#8211; sowohl von Au\u00dfen als auch von Innen!<\/p>\n<p>Was uns auf jeden Fall bei diesem Rundgang aufgefallen ist, sind die starken Architekturkontraste. Die Stadt hat w\u00e4hrend des II. Weltkriegs enorm gelitten und man stampfte\u00a0danach schnell Wohnraum aus dem Boden. Wenn man auf dem oberen Bild genauer nach rechts und links schaut, sieht man in der unmittelbaren N\u00e4he schlichte, sozialistische\u00a0Wohnkontainer a la Plattenbau oder <a href=\"https:\/\/de.wikipedia.org\/wiki\/WBS_70\" target=\"_blank\">WBS 70<\/a>.<\/p>\n<p>Ein weiteres Beispiel f\u00fcr unsere Ansicht gef\u00e4llig ? Hier einmal die Nicolaikirche\u00a0aus einem anderen Blickwinkel gesehen:<\/p>\n<p style=\"text-align: center;\"><img loading=\"lazy\" decoding=\"async\" class=\"aligncenter wp-image-3892\" src=\"https:\/\/www.marvinchen.de\/olgas_welt\/blog\/wp-content\/uploads\/2016\/01\/IMG_0116.jpg\" alt=\"IMG_0116\" width=\"560\" height=\"373\" srcset=\"https:\/\/www.marvinchen.de\/olgas_welt\/blog\/wp-content\/uploads\/2016\/01\/IMG_0116.jpg 800w, https:\/\/www.marvinchen.de\/olgas_welt\/blog\/wp-content\/uploads\/2016\/01\/IMG_0116-300x200.jpg 300w, https:\/\/www.marvinchen.de\/olgas_welt\/blog\/wp-content\/uploads\/2016\/01\/IMG_0116-768x512.jpg 768w\" sizes=\"auto, (max-width: 560px) 100vw, 560px\" \/><\/p>\n<p>Das Haus 54\/55\u00a0in der Lindenstra\u00dfe, etwas weiter von der Nicolaikirche entfernt, hat ebenfalls sehr viel unserer Besichtigungszeit beansprucht. Darin ist eine <a href=\"http:\/\/www.potsdam.de\/content\/gedenkstaette-lindenstrasse-fuer-die-opfer-politischer-gewalt-im-20-jahrhundert\" target=\"_blank\">Gedenkst\u00e4tte f\u00fcr die Opfer politischer Gewalt im 20. Jahrhundert<\/a>\u00a0(Gerichtsgeb\u00e4ude &#8211; Nazigef\u00e4ngnis &#8211; Sowjetgef\u00e4ngnis &#8211; Stasigef\u00e4ngnis) untergebracht. Von Au\u00dfen ist das Geb\u00e4ude v\u00f6llig unauff\u00e4llig, aber im Innenhof merkt man, welche Dimensionen dieses Gef\u00e4ngnis angenommen hat, um Andersdenkende &#8211; egal unter welcher Regierung &#8211; wegzusperren:<\/p>\n<p style=\"text-align: center;\"><img loading=\"lazy\" decoding=\"async\" class=\"aligncenter wp-image-3893\" src=\"https:\/\/www.marvinchen.de\/olgas_welt\/blog\/wp-content\/uploads\/2016\/01\/IMG_0242.jpg\" alt=\"IMG_0242\" width=\"560\" height=\"420\" srcset=\"https:\/\/www.marvinchen.de\/olgas_welt\/blog\/wp-content\/uploads\/2016\/01\/IMG_0242.jpg 800w, https:\/\/www.marvinchen.de\/olgas_welt\/blog\/wp-content\/uploads\/2016\/01\/IMG_0242-300x225.jpg 300w, https:\/\/www.marvinchen.de\/olgas_welt\/blog\/wp-content\/uploads\/2016\/01\/IMG_0242-768x576.jpg 768w\" sizes=\"auto, (max-width: 560px) 100vw, 560px\" \/><\/p>\n<p>Die Ausstellung ist ziemlich umfangreich und mit sehr vielen Biografien der H\u00e4ftlinge, welche\u00a0entweder unter den Nationalsozialisten\u00a01933-1945, nach der Eroberung durch die Sowjets unter der Willk\u00fcr des\u00a0<a href=\"https:\/\/de.wikipedia.org\/wiki\/Innenministerium_der_UdSSR\" target=\"_blank\">NKWD<\/a>\u00a01945-1952 oder sp\u00e4ter unter der Stasi 1952-1989 leiden mussten und meist unberechtigt in den Zellen dieses Hauses eingesperrt\u00a0wurden:<\/p>\n<p style=\"text-align: center;\"><img loading=\"lazy\" decoding=\"async\" class=\"aligncenter wp-image-3894\" src=\"https:\/\/www.marvinchen.de\/olgas_welt\/blog\/wp-content\/uploads\/2016\/01\/IMG_0247.jpg\" alt=\"IMG_0247\" width=\"420\" height=\"560\" srcset=\"https:\/\/www.marvinchen.de\/olgas_welt\/blog\/wp-content\/uploads\/2016\/01\/IMG_0247.jpg 600w, https:\/\/www.marvinchen.de\/olgas_welt\/blog\/wp-content\/uploads\/2016\/01\/IMG_0247-300x400.jpg 300w\" sizes=\"auto, (max-width: 420px) 100vw, 420px\" \/><\/p>\n<p>Wie gesagt, wir haben dort jede Menge Zeit verbracht und kamen erst im Dunkeln wieder heraus:<\/p>\n<p style=\"text-align: center;\"><img loading=\"lazy\" decoding=\"async\" class=\"aligncenter wp-image-3895\" src=\"https:\/\/www.marvinchen.de\/olgas_welt\/blog\/wp-content\/uploads\/2016\/01\/IMG_0281.jpg\" alt=\"IMG_0281\" width=\"560\" height=\"420\" srcset=\"https:\/\/www.marvinchen.de\/olgas_welt\/blog\/wp-content\/uploads\/2016\/01\/IMG_0281.jpg 800w, https:\/\/www.marvinchen.de\/olgas_welt\/blog\/wp-content\/uploads\/2016\/01\/IMG_0281-300x225.jpg 300w, https:\/\/www.marvinchen.de\/olgas_welt\/blog\/wp-content\/uploads\/2016\/01\/IMG_0281-768x576.jpg 768w\" sizes=\"auto, (max-width: 560px) 100vw, 560px\" \/><\/p>\n<p>Diese Gedenkst\u00e4tte ist einen Besuch wirklich wert!<\/p>\n<p>W\u00e4hrend unserer zwei Tage zog es uns recht h\u00e4ufig ins Holl\u00e4ndische Viertel &#8230;<\/p>\n<p style=\"text-align: center;\"><img loading=\"lazy\" decoding=\"async\" class=\"aligncenter wp-image-3896\" src=\"https:\/\/www.marvinchen.de\/olgas_welt\/blog\/wp-content\/uploads\/2016\/01\/IMG_0471.jpg\" alt=\"IMG_0471\" width=\"560\" height=\"420\" srcset=\"https:\/\/www.marvinchen.de\/olgas_welt\/blog\/wp-content\/uploads\/2016\/01\/IMG_0471.jpg 800w, https:\/\/www.marvinchen.de\/olgas_welt\/blog\/wp-content\/uploads\/2016\/01\/IMG_0471-300x225.jpg 300w, https:\/\/www.marvinchen.de\/olgas_welt\/blog\/wp-content\/uploads\/2016\/01\/IMG_0471-768x576.jpg 768w\" sizes=\"auto, (max-width: 560px) 100vw, 560px\" \/><\/p>\n<p>&#8230; denn wir waren insgesamt zweimal\u00a0im <a href=\"http:\/\/www.cafe-guam.de\/\" target=\"_blank\">Caf\u00e9 Guam<\/a>, denn die K\u00e4sekuchen sind dort einfach unversch\u00e4mt lecker und gut\u00a0\u00a0\u00a0 :verliebt:<\/p>\n<p style=\"text-align: center;\"><img loading=\"lazy\" decoding=\"async\" class=\"aligncenter wp-image-3897\" src=\"https:\/\/www.marvinchen.de\/olgas_welt\/blog\/wp-content\/uploads\/2016\/01\/IMG_0207.jpg\" alt=\"IMG_0207\" width=\"560\" height=\"420\" srcset=\"https:\/\/www.marvinchen.de\/olgas_welt\/blog\/wp-content\/uploads\/2016\/01\/IMG_0207.jpg 800w, https:\/\/www.marvinchen.de\/olgas_welt\/blog\/wp-content\/uploads\/2016\/01\/IMG_0207-300x225.jpg 300w, https:\/\/www.marvinchen.de\/olgas_welt\/blog\/wp-content\/uploads\/2016\/01\/IMG_0207-768x576.jpg 768w\" sizes=\"auto, (max-width: 560px) 100vw, 560px\" \/><\/p>\n<p>An beiden Tagen war es hier im Gegensatz zur benachbarten Gastronomie\u00a0rappelvoll! Aber wir\u00a0bekamen zum Gl\u00fcck immer recht schnell einen Platz, denn schlie\u00dflich hatten wir ja auch unser &#8222;Vitamin B&#8220; dabei &#8211; Stephanie verdient hier neben ihrem Studium nebenbei etwas Geld. Eine ihrer Kolleginnen hat sie beim ersten Besuch als Scherz sogar unsere gesamte Bestellung selber aufschreiben\u00a0lassen, denn schlie\u00dflich kennt sich unsere Kleine mit den K\u00fcrzeln dieses Cafes\u00a0bestens aus \u00a0 \u00a0\ud83d\ude09<\/p>\n<p>Und nat\u00fcrlich waren wir auch einmal im <a href=\"https:\/\/de.wikipedia.org\/wiki\/Sanssouci\" target=\"_blank\">Park Sanssouci<\/a>\u00a0&#8211; hier sogar zusammen mit Andrea &#8211; und das\u00a0am Sonntag, nachdem es die ganze Nacht geschneit hat. Es war einfach bezaubernd und wir waren bei Weitem nicht die einzigen Spazierg\u00e4nger, welche diese Winterlandschaft sichtlich genossen haben:<\/p>\n<p style=\"text-align: center;\"><img loading=\"lazy\" decoding=\"async\" class=\"aligncenter wp-image-3898\" src=\"https:\/\/www.marvinchen.de\/olgas_welt\/blog\/wp-content\/uploads\/2016\/01\/IMG_0408.jpg\" alt=\"IMG_0408\" width=\"420\" height=\"560\" srcset=\"https:\/\/www.marvinchen.de\/olgas_welt\/blog\/wp-content\/uploads\/2016\/01\/IMG_0408.jpg 600w, https:\/\/www.marvinchen.de\/olgas_welt\/blog\/wp-content\/uploads\/2016\/01\/IMG_0408-300x400.jpg 300w\" sizes=\"auto, (max-width: 420px) 100vw, 420px\" \/><\/p>\n<p>Es gab an einer nicht zugefrorenen Stelle eines Sees\u00a0zahlreiche\u00a0Enten, die die Kinder total in den Bann gezogen haben. Also hat sich meine Familie an eine Br\u00fccke gestellt und das Federvieh\u00a0fasziniert bei ihrem Treiben beobachtet. Leider\u00a0entging es den lieben Kleinen\u00a0dennoch nicht, dass ich sie gerade fotografieren wollte \u00a0 \u00a0\ud83d\ude09<\/p>\n<p style=\"text-align: center;\"><img loading=\"lazy\" decoding=\"async\" class=\"aligncenter wp-image-3899\" src=\"https:\/\/www.marvinchen.de\/olgas_welt\/blog\/wp-content\/uploads\/2016\/01\/IMG_0371.jpg\" alt=\"IMG_0371\" width=\"560\" height=\"420\" srcset=\"https:\/\/www.marvinchen.de\/olgas_welt\/blog\/wp-content\/uploads\/2016\/01\/IMG_0371.jpg 800w, https:\/\/www.marvinchen.de\/olgas_welt\/blog\/wp-content\/uploads\/2016\/01\/IMG_0371-300x225.jpg 300w, https:\/\/www.marvinchen.de\/olgas_welt\/blog\/wp-content\/uploads\/2016\/01\/IMG_0371-768x576.jpg 768w\" sizes=\"auto, (max-width: 560px) 100vw, 560px\" \/><\/p>\n<p>Ein Bild von mir und meinen M\u00e4dels gibt es nat\u00fcrlich auch \u00a0 \u00a0:verliebt:<\/p>\n<p style=\"text-align: center;\"><img loading=\"lazy\" decoding=\"async\" class=\"aligncenter wp-image-3900\" src=\"https:\/\/www.marvinchen.de\/olgas_welt\/blog\/wp-content\/uploads\/2016\/01\/IMG_0424.jpg\" alt=\"IMG_0424\" width=\"560\" height=\"420\" srcset=\"https:\/\/www.marvinchen.de\/olgas_welt\/blog\/wp-content\/uploads\/2016\/01\/IMG_0424.jpg 800w, https:\/\/www.marvinchen.de\/olgas_welt\/blog\/wp-content\/uploads\/2016\/01\/IMG_0424-300x225.jpg 300w, https:\/\/www.marvinchen.de\/olgas_welt\/blog\/wp-content\/uploads\/2016\/01\/IMG_0424-768x576.jpg 768w\" sizes=\"auto, (max-width: 560px) 100vw, 560px\" \/><\/p>\n<p>Und \u00fcbrigens, wir haben bei diesem Ausflug &#8222;unser&#8220; neustes Familienmitglied kennen- und lieben gelernt. Nein, es ist nicht Stephanies Mitbewohner Tobi, obwohl er\u00a0von uns auch als Supertyp\u00a0eingestuft wird &#8230; er ist aber nur der\u00a0WG-Mitbewohner und nix weiter\u00a0\u00a0\u00a0 \ud83d\ude09<br \/>\nDas Neumitglied h\u00f6rt auf den Namen Mr. Schnuffel und hat unsere Herzen im Nu erobert. Wer kann denn schon so einem Blick widerstehen \u00a0 \u00a0\ud83d\ude09 \u00a0 \u00a0?<\/p>\n<p style=\"text-align: center;\"><img loading=\"lazy\" decoding=\"async\" class=\"aligncenter wp-image-3901\" src=\"https:\/\/www.marvinchen.de\/olgas_welt\/blog\/wp-content\/uploads\/2016\/01\/IMG_0028-1.jpg\" alt=\"IMG_0028\" width=\"560\" height=\"373\" srcset=\"https:\/\/www.marvinchen.de\/olgas_welt\/blog\/wp-content\/uploads\/2016\/01\/IMG_0028-1.jpg 800w, https:\/\/www.marvinchen.de\/olgas_welt\/blog\/wp-content\/uploads\/2016\/01\/IMG_0028-1-300x200.jpg 300w, https:\/\/www.marvinchen.de\/olgas_welt\/blog\/wp-content\/uploads\/2016\/01\/IMG_0028-1-768x512.jpg 768w\" sizes=\"auto, (max-width: 560px) 100vw, 560px\" \/><\/p>\n<p>Auch wenn er aussieht wie eine Maus, ist er in Wirklichkeit ein <a href=\"https:\/\/de.wikipedia.org\/wiki\/Dsungarischer_Zwerghamster\" target=\"_blank\">Dsungarischer Zwerghamster<\/a>\u00a0&#8211; klein, s\u00fc\u00df und sehr flink &#8230; nur manchmal hat\u00a0er f\u00fcr ein Foto\u00a0kurz still gehalten, wie hier auf Andreas Armen:<\/p>\n<p style=\"text-align: center;\"><img loading=\"lazy\" decoding=\"async\" class=\"aligncenter wp-image-3902\" src=\"https:\/\/www.marvinchen.de\/olgas_welt\/blog\/wp-content\/uploads\/2016\/01\/IMG_0329.jpg\" alt=\"IMG_0329\" width=\"560\" height=\"420\" srcset=\"https:\/\/www.marvinchen.de\/olgas_welt\/blog\/wp-content\/uploads\/2016\/01\/IMG_0329.jpg 800w, https:\/\/www.marvinchen.de\/olgas_welt\/blog\/wp-content\/uploads\/2016\/01\/IMG_0329-300x225.jpg 300w, https:\/\/www.marvinchen.de\/olgas_welt\/blog\/wp-content\/uploads\/2016\/01\/IMG_0329-768x576.jpg 768w\" sizes=\"auto, (max-width: 560px) 100vw, 560px\" \/><\/p>\n<p>Es war ein wundersch\u00f6nes Familienwochenende und wir hatten wie immer sehr viel Spa\u00df zusammen. Da spielt bei uns der Standort f\u00fcr unser Zusammensein keine Rolle &#8211; Hauptsache wir haben uns\u00a0\u00a0\u00a0 \ud83d\ude42<\/p>\n","protected":false},"excerpt":{"rendered":"<p>Es hat sich seit Jahren zu einer guten Tradition in unserer Familie entwickelt, irgendwann im Januar zusammen zu kommen und einen R\u00fcckblick auf das vergangene Jahr zu werfen. Damit man bei der lustigen\/traurigen\/sentimentalen Besprechung nicht den Faden verliert, gibt es einen vorbereiteten\u00a0Fragebogen, den wir vier im Vorfeld, meist direkt am Anfang des neuen Jahres, ausf\u00fcllen. [&hellip;]<\/p>\n","protected":false},"author":3,"featured_media":0,"comment_status":"open","ping_status":"closed","sticky":false,"template":"","format":"standard","meta":{"ngg_post_thumbnail":0,"footnotes":""},"categories":[3,5,4,7,1],"tags":[16,1203,14,260,1195,1096,105,1202,13,1005,510,1204,26,15,1200,312,1201],"class_list":["post-3890","post","type-post","status-publish","format-standard","hentry","category-ausfluege-und-reisen","category-essen-und-trinken","category-freud-und-leid","category-freunde-und-co","category-olca-und-stan","tag-andrea","tag-asuflug","tag-carsten","tag-essen","tag-jahresrueckblick","tag-kaesekuchen","tag-kuchen","tag-mr-schnuffel","tag-olga","tag-potsdam","tag-reise","tag-sanssouci","tag-schnee","tag-stephanie","tag-tobi","tag-winter","tag-zweighamster"],"_links":{"self":[{"href":"https:\/\/www.marvinchen.de\/olgas_welt\/blog\/wp-json\/wp\/v2\/posts\/3890","targetHints":{"allow":["GET"]}}],"collection":[{"href":"https:\/\/www.marvinchen.de\/olgas_welt\/blog\/wp-json\/wp\/v2\/posts"}],"about":[{"href":"https:\/\/www.marvinchen.de\/olgas_welt\/blog\/wp-json\/wp\/v2\/types\/post"}],"author":[{"embeddable":true,"href":"https:\/\/www.marvinchen.de\/olgas_welt\/blog\/wp-json\/wp\/v2\/users\/3"}],"replies":[{"embeddable":true,"href":"https:\/\/www.marvinchen.de\/olgas_welt\/blog\/wp-json\/wp\/v2\/comments?post=3890"}],"version-history":[{"count":0,"href":"https:\/\/www.marvinchen.de\/olgas_welt\/blog\/wp-json\/wp\/v2\/posts\/3890\/revisions"}],"wp:attachment":[{"href":"https:\/\/www.marvinchen.de\/olgas_welt\/blog\/wp-json\/wp\/v2\/media?parent=3890"}],"wp:term":[{"taxonomy":"category","embeddable":true,"href":"https:\/\/www.marvinchen.de\/olgas_welt\/blog\/wp-json\/wp\/v2\/categories?post=3890"},{"taxonomy":"post_tag","embeddable":true,"href":"https:\/\/www.marvinchen.de\/olgas_welt\/blog\/wp-json\/wp\/v2\/tags?post=3890"}],"curies":[{"name":"wp","href":"https:\/\/api.w.org\/{rel}","templated":true}]}}