{"id":3926,"date":"2016-01-31T21:18:03","date_gmt":"2016-01-31T20:18:03","guid":{"rendered":"http:\/\/www.marvinchen.de\/olgas_welt\/blog\/?p=3926"},"modified":"2016-01-31T21:20:32","modified_gmt":"2016-01-31T20:20:32","slug":"und-da-ist-der-monat-rum-ein-kleiner-rueckblick","status":"publish","type":"post","link":"https:\/\/www.marvinchen.de\/olgas_welt\/blog\/2016\/01\/und-da-ist-der-monat-rum-ein-kleiner-rueckblick\/","title":{"rendered":"Und da ist der Monat rum &#8230; ein kleiner R\u00fcckblick"},"content":{"rendered":"<p>Ein fl\u00fcchtiger Blick, welchen ich heute beim Fr\u00fchst\u00fcck auf\u00a0den Kalender geworfen habe, machte mich schlagartig munter. Ich habe n\u00e4mlich mit Erschrecken feststellen m\u00fcssen, dass heute bereits der letzte Tag des ersten Monats im neuen Jahr ist\u00a0\u00a0\u00a0 :fragend:<\/p>\n<p>Es sind schon wieder 31 Tage vorbei und ich habe erneut noch nicht all das erledigt, was ich mir eigentlich vorgenommen habe. Das liegt bestimmt auch daran, dass meine Pl\u00e4ne leider immer etwas viel zu ehrgeizig sind \u00a0 \u00a0\ud83d\ude09 \u00a0 \u00a0aber man muss die Sachen ja schlie\u00dflich positiv sehen und angehen \u00a0 \u00a0\ud83d\ude00<\/p>\n<p>Immerhin habe ich es bisher vollbracht, sehr viel \u00f6fter zu lesen. Besonders die B\u00fccher von <a href=\"http:\/\/www.tom-rob-smith.de\/leo_demidow_romane.html\" target=\"_blank\">Tom Rob Smith<\/a>\u00a0haben es mir derzeit angetan. Das Buch <a href=\"http:\/\/www.randomhouse.de\/Taschenbuch\/Kind-44-Thriller\/Tom-Rob-Smith\/e320366.rhd\" target=\"_blank\">Kind44<\/a> habe ich quasi verschlungen und nun verbringe ich meine zugegebenerma\u00dfen rare Lesezeit mit <a href=\"http:\/\/www.randomhouse.de\/Taschenbuch\/Kolyma-Thriller\/Tom-Rob-Smith\/e321411.rhd\" target=\"_blank\">Kolyma<\/a>. Wenn\u00a0ich dieses Buch ausgelesen habe, dann hoffe ich, dass ich mir bei Francis auch das letzte Buch mit dem Protagonisten\u00a0Leo Demidow ausleihen kann &#8211; <a href=\"http:\/\/www.randomhouse.de\/Taschenbuch\/Agent-6-Thriller\/Tom-Rob-Smith\/e365273.rhd\" target=\"_blank\">Agent 6<\/a>. Ich finde die B\u00fccher sehr spannend und gut recherchiert, denn es handelt sich dabei um viel Historisches, speziell aus Stalins Zeiten, was die Geschichten aber gleichzeitig auch ziemlich gruselig macht &#8230;<\/p>\n<p>Gleich zu Anfang 2016 bin ich \u00fcber meinen Schatten gesprungen und habe mich trotz gedanklichem Aufschub bis April doch gleich am ersten Montag im Jahr bei einem ziemlich anstrengenden Sportangebot meines neuen Arbeitgebers angemeldet und qu\u00e4le mich seitdem jeden Montag und Donnerstag mit\u00a0gewisser masochistischer Freude eine Schulstunde lang durch das\u00a0<a href=\"https:\/\/www.lifefitness.de\/commercial\/grouptraining\/synrgy360.html\" target=\"_blank\">SYNRGY360<\/a>-Trainingsprogramm.\u00a0Ich f\u00fchle mich direkt danach zwar regelrecht kaputt, aber grunds\u00e4tzlich tut das meinem B\u00fcrok\u00f6rper echt gut!<\/p>\n<p>Zudem koche ich seit Jahresbeginn wieder etwas mehr selber und vor allen Dingen mit deutlich weniger Zucker. Apropos\u00a0Zucker, ich verzichte zwar nicht komplett darauf &#8211; dann w\u00e4re ich bestimmt unausstehlich &#8211; aber ich versuche, die Zufuhr davon etwas besser zu kontrollieren und mir das nicht immer wieder in irgendwelchem Essen aus dem Supermarkt unterschieben zu lassen. Klappt!<\/p>\n<p>Ach ja, das darf bei meinem kleinen Res\u00fcmee auch nicht fehlen: Ich habe den Januar gesund \u00fcberstanden!!! Dabei kr\u00e4nkelten um mich herum etliche Leute &#8230; vielleicht bringt es ja doch etwas, dass ich jeden Morgen eine Messerspitze Ascorbins\u00e4ure nehme und\u00a0so sehr\u00a0auf VitaminC in Pulverform schw\u00f6re \u00a0 \u00a0\ud83d\ude42 \u00a0 \u00a0und wenn nicht, dann liegt es eben am Placeboeffekt &#8211; so! \u00a0 \u00a0\ud83d\ude09<\/p>\n<p>Wir haben nun unsere Hochzeitstagreise im Gro\u00dfen und Ganzen organisiert bekommen und ich freue mich schon auf ein paar sonnige Tage auf einer Insel in Atlantik, wo wir unseren 10. Jahrestag feiern werden. 10 Jahre! Und wir haben uns immer noch nicht umgebracht, sondern h\u00e4ngen nach wie vor jede freie Minute gern zusammen \u00a0 \u00a0\ud83d\ude09<br \/>\nIch finde das echt erstaunlich, freue mich aber sehr dar\u00fcber \u00a0 \u00a0\ud83d\ude09<\/p>\n<p>Im Januar haben wir als Familie zu viert ein\u00a0tolles\u00a0Wochenende in Potsdam erlebt und an den anderen Tagen jede Menge Zeit mit unseren Freunden verbringen k\u00f6nnen &#8211; beides ist f\u00fcr mich pers\u00f6nlich enorm wichtig!<\/p>\n<p>Mein Russischkurs neigt sich nun allm\u00e4hlich dem Ende zu. Am letzten Dienstag war ich mit meinen Kursteilnehmern sogar schon im &#8222;<a href=\"http:\/\/www.odessa-restaurant.de\/\" target=\"_blank\">Odessa<\/a>&#8220;\u00a0essen, weil bei der allerletzten Stunde in 2 Tagen leider nicht alle Teilnehmer dabei sein k\u00f6nnen. Danach ist dieser Anf\u00e4ngerkurs definitiv\u00a0vorbei und ich habe bis April Ferien &#8230; dabei sp\u00fcre ich Freude \u00fcber\u00a0die zus\u00e4tzliche Freizeit, aber leider auch etwas Wehmut, denn ich werde diese Sch\u00fcler nun in diesem Kreise bestimmt nicht mehr wiedersehen.<\/p>\n<p style=\"text-align: center;\"><img loading=\"lazy\" decoding=\"async\" class=\"aligncenter wp-image-3927\" src=\"https:\/\/www.marvinchen.de\/olgas_welt\/blog\/wp-content\/uploads\/2016\/01\/und-da-ist-der-Monat-rum-we.jpg\" alt=\"und-da-ist-der-Monat-rum-we\" width=\"560\" height=\"420\" srcset=\"https:\/\/www.marvinchen.de\/olgas_welt\/blog\/wp-content\/uploads\/2016\/01\/und-da-ist-der-Monat-rum-we.jpg 800w, https:\/\/www.marvinchen.de\/olgas_welt\/blog\/wp-content\/uploads\/2016\/01\/und-da-ist-der-Monat-rum-we-300x225.jpg 300w, https:\/\/www.marvinchen.de\/olgas_welt\/blog\/wp-content\/uploads\/2016\/01\/und-da-ist-der-Monat-rum-we-768x576.jpg 768w\" sizes=\"auto, (max-width: 560px) 100vw, 560px\" \/><\/p>\n<p>Ich habe die letzten 4 Wochen irgendwie auch immer wieder Zeit f\u00fcr mein Monatsprojekt &#8222;K\u00f6rner&#8220; gefunden, konnte aber wie \u00fcblich bei Weitem nicht alle Ideen umsetzen, welche ich im Kopf hatte. Ob das, was ich geschafft habe, euch gef\u00e4llt, k\u00f6nnt ihr mir bitte dann in ca. einer Woche sagen, wenn ich euch die Bilder hier in gewohnter Art und Weise pr\u00e4sentiere\u00a0\u00a0\u00a0 \ud83d\ude09<\/p>\n<p>Und nun gilt es &#8211; blo\u00df noch einmal schlafen und dann haben wir schon den Februar in unseren Kalendern aufgeschlagen\u00a0 \u00a0 \ud83d\ude00 \u00a0 \u00a0dabei vertippe ich mich gelegentlich noch immer bei der Angabe der Jahreszahl \u00a0 \u00a0\ud83d\ude09<\/p>\n","protected":false},"excerpt":{"rendered":"<p>Ein fl\u00fcchtiger Blick, welchen ich heute beim Fr\u00fchst\u00fcck auf\u00a0den Kalender geworfen habe, machte mich schlagartig munter. Ich habe n\u00e4mlich mit Erschrecken feststellen m\u00fcssen, dass heute bereits der letzte Tag des ersten Monats im neuen Jahr ist\u00a0\u00a0\u00a0 :fragend: Es sind schon wieder 31 Tage vorbei und ich habe erneut noch nicht all das erledigt, was ich [&hellip;]<\/p>\n","protected":false},"author":3,"featured_media":0,"comment_status":"open","ping_status":"closed","sticky":false,"template":"","format":"standard","meta":{"ngg_post_thumbnail":0,"footnotes":""},"categories":[6,3,5,822,4,7,1],"tags":[16,60,14,260,716,1209,317,537,915,13,33,190,15,1210,422,21,564],"class_list":["post-3926","post","type-post","status-publish","format-standard","hentry","category-ackern-und-werkeln","category-ausfluege-und-reisen","category-essen-und-trinken","category-fotografie-und-photoshop","category-freud-und-leid","category-freunde-und-co","category-olca-und-stan","tag-andrea","tag-buch","tag-carsten","tag-essen","tag-fotografieren","tag-kalender","tag-kinder","tag-lesen","tag-odessa","tag-olga","tag-russisch","tag-sport","tag-stephanie","tag-tom-rob-smith","tag-unterricht","tag-urlaub","tag-vhs"],"_links":{"self":[{"href":"https:\/\/www.marvinchen.de\/olgas_welt\/blog\/wp-json\/wp\/v2\/posts\/3926","targetHints":{"allow":["GET"]}}],"collection":[{"href":"https:\/\/www.marvinchen.de\/olgas_welt\/blog\/wp-json\/wp\/v2\/posts"}],"about":[{"href":"https:\/\/www.marvinchen.de\/olgas_welt\/blog\/wp-json\/wp\/v2\/types\/post"}],"author":[{"embeddable":true,"href":"https:\/\/www.marvinchen.de\/olgas_welt\/blog\/wp-json\/wp\/v2\/users\/3"}],"replies":[{"embeddable":true,"href":"https:\/\/www.marvinchen.de\/olgas_welt\/blog\/wp-json\/wp\/v2\/comments?post=3926"}],"version-history":[{"count":0,"href":"https:\/\/www.marvinchen.de\/olgas_welt\/blog\/wp-json\/wp\/v2\/posts\/3926\/revisions"}],"wp:attachment":[{"href":"https:\/\/www.marvinchen.de\/olgas_welt\/blog\/wp-json\/wp\/v2\/media?parent=3926"}],"wp:term":[{"taxonomy":"category","embeddable":true,"href":"https:\/\/www.marvinchen.de\/olgas_welt\/blog\/wp-json\/wp\/v2\/categories?post=3926"},{"taxonomy":"post_tag","embeddable":true,"href":"https:\/\/www.marvinchen.de\/olgas_welt\/blog\/wp-json\/wp\/v2\/tags?post=3926"}],"curies":[{"name":"wp","href":"https:\/\/api.w.org\/{rel}","templated":true}]}}