{"id":3930,"date":"2016-02-07T19:26:43","date_gmt":"2016-02-07T18:26:43","guid":{"rendered":"http:\/\/www.marvinchen.de\/olgas_welt\/blog\/?p=3930"},"modified":"2016-02-07T19:26:43","modified_gmt":"2016-02-07T18:26:43","slug":"fotojahresplan-2016-koerner","status":"publish","type":"post","link":"https:\/\/www.marvinchen.de\/olgas_welt\/blog\/2016\/02\/fotojahresplan-2016-koerner\/","title":{"rendered":"Fotojahresplan 2016 &#8211; K\u00f6rner"},"content":{"rendered":"<p>Das erste Fotoprojekt des Jahres hat an sich eine sch\u00f6ne Nebenwirkung &#8211; nach seinem Abschluss hat man eine gut gef\u00fcllte Vorratskammer im eigenen 2-Personen-Haushalt \u00fcbrig und man macht sich auf die Suche nach\u00a0Ideen, was man daraus Sch\u00f6nes und auch Exotisches kochen k\u00f6nnte.<\/p>\n<p>Aber zuerst wurden nat\u00fcrlich allerhand K\u00f6rner &#8211; Getreide, Gew\u00fcrze und H\u00fclsenfr\u00fcchte &#8211;\u00a0nach M\u00f6glichkeit sch\u00f6n angerichtet und fotografiert. Ganz ehrlich, gerade die Bohnen sehen bereits allein f\u00fcr sich ganz h\u00fcbsch aus, wie z.B. diese Augenbohnen:<\/p>\n<p style=\"text-align: center;\"><img loading=\"lazy\" decoding=\"async\" class=\"aligncenter wp-image-3931\" src=\"https:\/\/www.marvinchen.de\/olgas_welt\/blog\/wp-content\/uploads\/2016\/02\/IMG_0067.jpg\" alt=\"IMG_0067\" width=\"560\" height=\"373\" srcset=\"https:\/\/www.marvinchen.de\/olgas_welt\/blog\/wp-content\/uploads\/2016\/02\/IMG_0067.jpg 800w, https:\/\/www.marvinchen.de\/olgas_welt\/blog\/wp-content\/uploads\/2016\/02\/IMG_0067-300x200.jpg 300w, https:\/\/www.marvinchen.de\/olgas_welt\/blog\/wp-content\/uploads\/2016\/02\/IMG_0067-768x512.jpg 768w\" sizes=\"auto, (max-width: 560px) 100vw, 560px\" \/><\/p>\n<p>Und auch Wachtelbohnen fand ich sehr schnuckelig:<\/p>\n<p style=\"text-align: center;\"><img loading=\"lazy\" decoding=\"async\" class=\"aligncenter wp-image-3932\" src=\"https:\/\/www.marvinchen.de\/olgas_welt\/blog\/wp-content\/uploads\/2016\/02\/IMG_0073-1.jpg\" alt=\"IMG_0073-1\" width=\"560\" height=\"373\" srcset=\"https:\/\/www.marvinchen.de\/olgas_welt\/blog\/wp-content\/uploads\/2016\/02\/IMG_0073-1.jpg 800w, https:\/\/www.marvinchen.de\/olgas_welt\/blog\/wp-content\/uploads\/2016\/02\/IMG_0073-1-300x200.jpg 300w, https:\/\/www.marvinchen.de\/olgas_welt\/blog\/wp-content\/uploads\/2016\/02\/IMG_0073-1-768x512.jpg 768w\" sizes=\"auto, (max-width: 560px) 100vw, 560px\" \/><\/p>\n<p>Die roten Linsen sind immer wieder ein besonders auff\u00e4lliger Hingucker:<\/p>\n<p style=\"text-align: center;\"><img loading=\"lazy\" decoding=\"async\" class=\"aligncenter wp-image-3933\" src=\"https:\/\/www.marvinchen.de\/olgas_welt\/blog\/wp-content\/uploads\/2016\/02\/IMG_0002.jpg\" alt=\"IMG_0002\" width=\"560\" height=\"373\" srcset=\"https:\/\/www.marvinchen.de\/olgas_welt\/blog\/wp-content\/uploads\/2016\/02\/IMG_0002.jpg 800w, https:\/\/www.marvinchen.de\/olgas_welt\/blog\/wp-content\/uploads\/2016\/02\/IMG_0002-300x200.jpg 300w, https:\/\/www.marvinchen.de\/olgas_welt\/blog\/wp-content\/uploads\/2016\/02\/IMG_0002-768x512.jpg 768w\" sizes=\"auto, (max-width: 560px) 100vw, 560px\" \/><\/p>\n<p>Zusammen mit den hinzugef\u00fcgten gr\u00fcnen Mungob\u00f6hnchen, gelben Erbsen und weinroten Kidneybohnen sieht die Farbpalette dann so aus:<\/p>\n<p style=\"text-align: center;\"><img loading=\"lazy\" decoding=\"async\" class=\"aligncenter wp-image-3934\" src=\"https:\/\/www.marvinchen.de\/olgas_welt\/blog\/wp-content\/uploads\/2016\/02\/IMG_0011.jpg\" alt=\"IMG_0011\" width=\"560\" height=\"373\" srcset=\"https:\/\/www.marvinchen.de\/olgas_welt\/blog\/wp-content\/uploads\/2016\/02\/IMG_0011.jpg 800w, https:\/\/www.marvinchen.de\/olgas_welt\/blog\/wp-content\/uploads\/2016\/02\/IMG_0011-300x200.jpg 300w, https:\/\/www.marvinchen.de\/olgas_welt\/blog\/wp-content\/uploads\/2016\/02\/IMG_0011-768x512.jpg 768w\" sizes=\"auto, (max-width: 560px) 100vw, 560px\" \/><\/p>\n<p>Oder kombiniert mit schwarzen Urdubohnen und recht unscheinbaren Graupen wird solch ein Bild daraus:<\/p>\n<p style=\"text-align: center;\"><img loading=\"lazy\" decoding=\"async\" class=\"aligncenter wp-image-3936 size-full\" src=\"https:\/\/www.marvinchen.de\/olgas_welt\/blog\/wp-content\/uploads\/2016\/02\/IMG_0057-e1454865709975.jpg\" alt=\"IMG_0057\" width=\"420\" height=\"630\" \/><\/p>\n<p>Habe ich die Graupen unscheinbar genannt? Damit habe ich ihnen wohl etwas Unrecht getan, denn sie verf\u00fcgen schon von selbst\u00a0\u00fcber eine vornehme Bl\u00e4sse und sind gut gepudert\u00a0\u00a0\u00a0 \ud83d\ude09<\/p>\n<p style=\"text-align: center;\"><img loading=\"lazy\" decoding=\"async\" class=\"aligncenter wp-image-3937\" src=\"https:\/\/www.marvinchen.de\/olgas_welt\/blog\/wp-content\/uploads\/2016\/02\/IMG_0071.jpg\" alt=\"IMG_0071\" width=\"560\" height=\"373\" srcset=\"https:\/\/www.marvinchen.de\/olgas_welt\/blog\/wp-content\/uploads\/2016\/02\/IMG_0071.jpg 800w, https:\/\/www.marvinchen.de\/olgas_welt\/blog\/wp-content\/uploads\/2016\/02\/IMG_0071-300x200.jpg 300w, https:\/\/www.marvinchen.de\/olgas_welt\/blog\/wp-content\/uploads\/2016\/02\/IMG_0071-768x512.jpg 768w\" sizes=\"auto, (max-width: 560px) 100vw, 560px\" \/><\/p>\n<p>Man darf ja die Welt nicht nur so in Schwarz und Wei\u00df sehen, wie man es vielleicht durch die Reisk\u00f6rner kennenlernte:<\/p>\n<p style=\"text-align: center;\"><img loading=\"lazy\" decoding=\"async\" class=\"aligncenter wp-image-3938\" src=\"https:\/\/www.marvinchen.de\/olgas_welt\/blog\/wp-content\/uploads\/2016\/02\/IMG_0049_bearbeitet-1.jpg\" alt=\"IMG_0049_bearbeitet-1\" width=\"560\" height=\"373\" srcset=\"https:\/\/www.marvinchen.de\/olgas_welt\/blog\/wp-content\/uploads\/2016\/02\/IMG_0049_bearbeitet-1.jpg 800w, https:\/\/www.marvinchen.de\/olgas_welt\/blog\/wp-content\/uploads\/2016\/02\/IMG_0049_bearbeitet-1-300x200.jpg 300w, https:\/\/www.marvinchen.de\/olgas_welt\/blog\/wp-content\/uploads\/2016\/02\/IMG_0049_bearbeitet-1-768x512.jpg 768w\" sizes=\"auto, (max-width: 560px) 100vw, 560px\" \/><\/p>\n<p>Denn es gibt auch eine rotbraune Version von dieser Getreideart:<\/p>\n<p style=\"text-align: center;\"><img loading=\"lazy\" decoding=\"async\" class=\"aligncenter wp-image-3939\" src=\"https:\/\/www.marvinchen.de\/olgas_welt\/blog\/wp-content\/uploads\/2016\/02\/IMG_0004.jpg\" alt=\"IMG_0004\" width=\"420\" height=\"630\" srcset=\"https:\/\/www.marvinchen.de\/olgas_welt\/blog\/wp-content\/uploads\/2016\/02\/IMG_0004.jpg 533w, https:\/\/www.marvinchen.de\/olgas_welt\/blog\/wp-content\/uploads\/2016\/02\/IMG_0004-300x450.jpg 300w\" sizes=\"auto, (max-width: 420px) 100vw, 420px\" \/><\/p>\n<p>Man k\u00f6nnte fast meinen, dass diese Reissorte mit dem Buchweizen verwandt w\u00e4re. Die Farbe passt, lediglich die Form unterscheidet sich &#8230; das allerdings wiederum ziemlich stark:<\/p>\n<p style=\"text-align: center;\"><img loading=\"lazy\" decoding=\"async\" class=\"aligncenter wp-image-3940\" src=\"https:\/\/www.marvinchen.de\/olgas_welt\/blog\/wp-content\/uploads\/2016\/02\/IMG_0118.jpg\" alt=\"IMG_0118\" width=\"560\" height=\"373\" srcset=\"https:\/\/www.marvinchen.de\/olgas_welt\/blog\/wp-content\/uploads\/2016\/02\/IMG_0118.jpg 800w, https:\/\/www.marvinchen.de\/olgas_welt\/blog\/wp-content\/uploads\/2016\/02\/IMG_0118-300x200.jpg 300w, https:\/\/www.marvinchen.de\/olgas_welt\/blog\/wp-content\/uploads\/2016\/02\/IMG_0118-768x512.jpg 768w\" sizes=\"auto, (max-width: 560px) 100vw, 560px\" \/><\/p>\n<p>In die gleiche Farbpalette kann man genau so gut einen Anisstern samt dem darin enthaltenen Samen einf\u00fcgen:<\/p>\n<p style=\"text-align: center;\"><img loading=\"lazy\" decoding=\"async\" class=\"aligncenter wp-image-3941\" src=\"https:\/\/www.marvinchen.de\/olgas_welt\/blog\/wp-content\/uploads\/2016\/02\/IMG_0102-2_bearbeitet-1.jpg\" alt=\"IMG_0102-2_bearbeitet-1\" width=\"560\" height=\"373\" srcset=\"https:\/\/www.marvinchen.de\/olgas_welt\/blog\/wp-content\/uploads\/2016\/02\/IMG_0102-2_bearbeitet-1.jpg 800w, https:\/\/www.marvinchen.de\/olgas_welt\/blog\/wp-content\/uploads\/2016\/02\/IMG_0102-2_bearbeitet-1-300x200.jpg 300w, https:\/\/www.marvinchen.de\/olgas_welt\/blog\/wp-content\/uploads\/2016\/02\/IMG_0102-2_bearbeitet-1-768x512.jpg 768w\" sizes=\"auto, (max-width: 560px) 100vw, 560px\" \/><\/p>\n<p>Beim schwarzen Pfeffer stimmt der Name allerdings nicht so ganz, oder bin ich die Einzige, welche auch bei diesen K\u00f6rnern eine leichte br\u00e4unliche F\u00e4rbung entdeckt?<\/p>\n<p style=\"text-align: center;\"><img loading=\"lazy\" decoding=\"async\" class=\"aligncenter wp-image-3942\" src=\"https:\/\/www.marvinchen.de\/olgas_welt\/blog\/wp-content\/uploads\/2016\/02\/IMG_0128.jpg\" alt=\"IMG_0128\" width=\"420\" height=\"630\" srcset=\"https:\/\/www.marvinchen.de\/olgas_welt\/blog\/wp-content\/uploads\/2016\/02\/IMG_0128.jpg 533w, https:\/\/www.marvinchen.de\/olgas_welt\/blog\/wp-content\/uploads\/2016\/02\/IMG_0128-300x450.jpg 300w\" sizes=\"auto, (max-width: 420px) 100vw, 420px\" \/><\/p>\n<p>Der rote Pfeffer ist dagegen ein starker Farbtupfer und f\u00fchlt sich auch in der N\u00e4he des Rotweins nicht schlecht gestellt:<\/p>\n<p style=\"text-align: center;\"><img loading=\"lazy\" decoding=\"async\" class=\"aligncenter wp-image-3943\" src=\"https:\/\/www.marvinchen.de\/olgas_welt\/blog\/wp-content\/uploads\/2016\/02\/IMG_0102-1.jpg\" alt=\"IMG_0102-1\" width=\"420\" height=\"667\" srcset=\"https:\/\/www.marvinchen.de\/olgas_welt\/blog\/wp-content\/uploads\/2016\/02\/IMG_0102-1.jpg 533w, https:\/\/www.marvinchen.de\/olgas_welt\/blog\/wp-content\/uploads\/2016\/02\/IMG_0102-1-300x477.jpg 300w, https:\/\/www.marvinchen.de\/olgas_welt\/blog\/wp-content\/uploads\/2016\/02\/IMG_0102-1-503x800.jpg 503w\" sizes=\"auto, (max-width: 420px) 100vw, 420px\" \/><\/p>\n<p>Im Vergleich zum Wein l\u00e4sst mich allerdings ein umgekipptes Glas mit rotem Pfeffer recht entspannt f\u00fcr Fotos bleiben\u00a0und nicht hektisch nach T\u00fcchern und Salz suchen \u00a0 \u00a0\ud83d\ude09<\/p>\n<p style=\"text-align: center;\"><img loading=\"lazy\" decoding=\"async\" class=\"aligncenter wp-image-3944\" src=\"https:\/\/www.marvinchen.de\/olgas_welt\/blog\/wp-content\/uploads\/2016\/02\/IMG_0086.jpg\" alt=\"IMG_0086\" width=\"560\" height=\"373\" srcset=\"https:\/\/www.marvinchen.de\/olgas_welt\/blog\/wp-content\/uploads\/2016\/02\/IMG_0086.jpg 800w, https:\/\/www.marvinchen.de\/olgas_welt\/blog\/wp-content\/uploads\/2016\/02\/IMG_0086-300x200.jpg 300w, https:\/\/www.marvinchen.de\/olgas_welt\/blog\/wp-content\/uploads\/2016\/02\/IMG_0086-768x512.jpg 768w\" sizes=\"auto, (max-width: 560px) 100vw, 560px\" \/><\/p>\n<p>Am Ende der Fotosession landeten alle &#8230; na gut &#8230; fast alle \u00a0 \u00a0\ud83d\ude09 \u00a0 \u00a0K\u00f6rnchen ganz ordentlich in den Beh\u00e4ltern:<\/p>\n<p style=\"text-align: center;\"><img loading=\"lazy\" decoding=\"async\" class=\"aligncenter wp-image-3945\" src=\"https:\/\/www.marvinchen.de\/olgas_welt\/blog\/wp-content\/uploads\/2016\/02\/IMG_0083.jpg\" alt=\"IMG_0083\" width=\"560\" height=\"373\" srcset=\"https:\/\/www.marvinchen.de\/olgas_welt\/blog\/wp-content\/uploads\/2016\/02\/IMG_0083.jpg 800w, https:\/\/www.marvinchen.de\/olgas_welt\/blog\/wp-content\/uploads\/2016\/02\/IMG_0083-300x200.jpg 300w, https:\/\/www.marvinchen.de\/olgas_welt\/blog\/wp-content\/uploads\/2016\/02\/IMG_0083-768x512.jpg 768w\" sizes=\"auto, (max-width: 560px) 100vw, 560px\" \/><\/p>\n<p>Nach diesem Projekt habe ich all die gro\u00dfen und kleinen K\u00f6rner richtig in mein Herz geschlossen und so wie es aussieht, konnte\u00a0ich ihres ebenfalls erobern \u00a0 \u00a0\ud83d\ude09<\/p>\n<p style=\"text-align: center;\"><img loading=\"lazy\" decoding=\"async\" class=\"aligncenter size-full wp-image-3946\" src=\"https:\/\/www.marvinchen.de\/olgas_welt\/blog\/wp-content\/uploads\/2016\/02\/IMG_0035.jpg\" alt=\"IMG_0035\" width=\"533\" height=\"800\" srcset=\"https:\/\/www.marvinchen.de\/olgas_welt\/blog\/wp-content\/uploads\/2016\/02\/IMG_0035.jpg 533w, https:\/\/www.marvinchen.de\/olgas_welt\/blog\/wp-content\/uploads\/2016\/02\/IMG_0035-300x450.jpg 300w\" sizes=\"auto, (max-width: 533px) 100vw, 533px\" \/><\/p>\n<p>Jetzt werde ich mal passende Rezepte aussuchen und dank derartiger gesunder Ern\u00e4hrung k\u00fcnftig meinem Mann und mir jede Menge Gutes tun\u00a0\u00a0\u00a0 \ud83d\ude42<br \/>\nSollte jemand ein oder mehrere leckere\u00a0Rezepte f\u00fcr die\u00a0gezeigten H\u00fclsenfr\u00fcchte &amp; Co haben, w\u00fcrde ich mich sehr dar\u00fcber freuen! Ihr d\u00fcrft sie sehr gerne hier in den Kommentaren hinterlassen &#8230;<\/p>\n","protected":false},"excerpt":{"rendered":"<p>Das erste Fotoprojekt des Jahres hat an sich eine sch\u00f6ne Nebenwirkung &#8211; nach seinem Abschluss hat man eine gut gef\u00fcllte Vorratskammer im eigenen 2-Personen-Haushalt \u00fcbrig und man macht sich auf die Suche nach\u00a0Ideen, was man daraus Sch\u00f6nes und auch Exotisches kochen k\u00f6nnte. Aber zuerst wurden nat\u00fcrlich allerhand K\u00f6rner &#8211; Getreide, Gew\u00fcrze und H\u00fclsenfr\u00fcchte &#8211;\u00a0nach M\u00f6glichkeit [&hellip;]<\/p>\n","protected":false},"author":3,"featured_media":0,"comment_status":"open","ping_status":"closed","sticky":false,"template":"","format":"standard","meta":{"ngg_post_thumbnail":0,"footnotes":""},"categories":[5,822,1],"tags":[1211,14,260,587,716,847,1213,1214,1212,1215,13],"class_list":["post-3930","post","type-post","status-publish","format-standard","hentry","category-essen-und-trinken","category-fotografie-und-photoshop","category-olca-und-stan","tag-bohnen","tag-carsten","tag-essen","tag-foto","tag-fotografieren","tag-fotojahresplan","tag-getreide","tag-huelsenfruechte","tag-linsten","tag-nahrung","tag-olga"],"_links":{"self":[{"href":"https:\/\/www.marvinchen.de\/olgas_welt\/blog\/wp-json\/wp\/v2\/posts\/3930","targetHints":{"allow":["GET"]}}],"collection":[{"href":"https:\/\/www.marvinchen.de\/olgas_welt\/blog\/wp-json\/wp\/v2\/posts"}],"about":[{"href":"https:\/\/www.marvinchen.de\/olgas_welt\/blog\/wp-json\/wp\/v2\/types\/post"}],"author":[{"embeddable":true,"href":"https:\/\/www.marvinchen.de\/olgas_welt\/blog\/wp-json\/wp\/v2\/users\/3"}],"replies":[{"embeddable":true,"href":"https:\/\/www.marvinchen.de\/olgas_welt\/blog\/wp-json\/wp\/v2\/comments?post=3930"}],"version-history":[{"count":0,"href":"https:\/\/www.marvinchen.de\/olgas_welt\/blog\/wp-json\/wp\/v2\/posts\/3930\/revisions"}],"wp:attachment":[{"href":"https:\/\/www.marvinchen.de\/olgas_welt\/blog\/wp-json\/wp\/v2\/media?parent=3930"}],"wp:term":[{"taxonomy":"category","embeddable":true,"href":"https:\/\/www.marvinchen.de\/olgas_welt\/blog\/wp-json\/wp\/v2\/categories?post=3930"},{"taxonomy":"post_tag","embeddable":true,"href":"https:\/\/www.marvinchen.de\/olgas_welt\/blog\/wp-json\/wp\/v2\/tags?post=3930"}],"curies":[{"name":"wp","href":"https:\/\/api.w.org\/{rel}","templated":true}]}}