{"id":3950,"date":"2016-02-24T20:16:55","date_gmt":"2016-02-24T19:16:55","guid":{"rendered":"http:\/\/www.marvinchen.de\/olgas_welt\/blog\/?p=3950"},"modified":"2016-02-24T20:19:07","modified_gmt":"2016-02-24T19:19:07","slug":"zurueck-von-der-insel","status":"publish","type":"post","link":"https:\/\/www.marvinchen.de\/olgas_welt\/blog\/2016\/02\/zurueck-von-der-insel\/","title":{"rendered":"Zur\u00fcck von der Insel"},"content":{"rendered":"<p>Ich habe\u00a0jetzt hier urlaubsbedingt zwei Wochenenden lang nix geschrieben, aber\u00a0nun m\u00f6chte ich mich auf jeden Fall wieder zur\u00fcckmelden und euch vielleicht auch ein wenig neidisch auf unsere vergangene Woche samt der\u00a0beiden blogfreien Wochenenden machen\u00a0\u00a0\u00a0 \ud83d\ude09<\/p>\n<p>Dieses Jahr hatten Carsten und ich am Valentinstag ein Jubil\u00e4um zu feiern: vor genau 10 Jahren haben wir in <a href=\"https:\/\/www.marvinchen.de\/webbibliothek\/_tagebuecher\/20060212_vegasbericht\/index.htm\" target=\"_blank\">Las Vegas<\/a>\u00a0geheiratet. Zum Feiern und um ein wenig Urlaub zu haben, entschieden wir uns diesmal nach Gran Canaria zu fliegen. Dort gibt es \u00fcberraschenderweise\u00a0auch einen Las Vegas\u00a0\u00a0\u00a0 \ud83d\ude00<\/p>\n<p style=\"text-align: center;\"><img loading=\"lazy\" decoding=\"async\" class=\"aligncenter wp-image-3951\" src=\"https:\/\/www.marvinchen.de\/olgas_welt\/blog\/wp-content\/uploads\/2016\/02\/IMG_0264.jpg\" alt=\"IMG_0264\" width=\"520\" height=\"346\" srcset=\"https:\/\/www.marvinchen.de\/olgas_welt\/blog\/wp-content\/uploads\/2016\/02\/IMG_0264.jpg 800w, https:\/\/www.marvinchen.de\/olgas_welt\/blog\/wp-content\/uploads\/2016\/02\/IMG_0264-300x200.jpg 300w, https:\/\/www.marvinchen.de\/olgas_welt\/blog\/wp-content\/uploads\/2016\/02\/IMG_0264-768x512.jpg 768w\" sizes=\"auto, (max-width: 520px) 100vw, 520px\" \/><\/p>\n<p>Das Foto wurde direkt an unserem Hochzeitstag, dem ber\u00fchmt-ber\u00fcchtigten 14. Februar, aufgenommen\u00a0\u00a0\u00a0 :verliebt:<\/p>\n<p>Gebucht haben wir ein Hotel mit All-Inclusive-Verpflegung, allerdings nicht, weil wir so verfressen sind, sondern weil\u00a0es sich in der Winterferienzeit tats\u00e4chlich\u00a0preislich als beste Option herausstellte. Aus den Erfahrungen, die wir schon bei unserem <a href=\"https:\/\/www.marvinchen.de\/webbibliothek\/_tagebuecher\/20090211_tuerkeibericht\/index.htm\" target=\"_blank\">3. Hochzeitstag<\/a> in einer AI-Anlage in Antalya gemacht haben, buchten wir diesmal gleich einen Mietwagen dazu. Wir sind eben f\u00fcr ein\u00a0ununterbrochenes Bleiben in einem begrenzten Hotelareal und die allmorgendliche Handtuchschlacht um die Liegen nicht geeignet.<\/p>\n<p style=\"text-align: center;\"><img loading=\"lazy\" decoding=\"async\" class=\"aligncenter wp-image-3952\" src=\"https:\/\/www.marvinchen.de\/olgas_welt\/blog\/wp-content\/uploads\/2016\/02\/IMG_1370.jpg\" alt=\"IMG_1370\" width=\"560\" height=\"420\" srcset=\"https:\/\/www.marvinchen.de\/olgas_welt\/blog\/wp-content\/uploads\/2016\/02\/IMG_1370.jpg 800w, https:\/\/www.marvinchen.de\/olgas_welt\/blog\/wp-content\/uploads\/2016\/02\/IMG_1370-300x225.jpg 300w, https:\/\/www.marvinchen.de\/olgas_welt\/blog\/wp-content\/uploads\/2016\/02\/IMG_1370-768x576.jpg 768w\" sizes=\"auto, (max-width: 560px) 100vw, 560px\" \/><\/p>\n<p>Wir wollen eben lieber\u00a0so viel wie m\u00f6glich sehen und erleben! Und das ist uns auf jeden Fall gelungen, denn in 8 Tagen ca. 1200 gefahrene Kilometer auf einer Insel mit 50 km Nord-S\u00fcd- und 50 km Ost-West-Ausdehnung zu schaffen,\u00a0ist schon eine Kunst, oder nicht ?<\/p>\n<p>Ich muss sagen, Gran Canaria ist eine tolle Insel, wenn man Strand- und Bergurlaub verbinden m\u00f6chte. Im S\u00fcden der Insel hat man traumhafte Sandd\u00fcnen und dazu passenden\u00a0Str\u00e4nde. Nat\u00fcrlich darf man den\u00a0Leuchtturm von Maspalomas nicht unerw\u00e4hnt lassen\u00a0\u00a0\u00a0 \ud83d\ude09<\/p>\n<p style=\"text-align: center;\"><img loading=\"lazy\" decoding=\"async\" class=\"aligncenter wp-image-3954\" src=\"https:\/\/www.marvinchen.de\/olgas_welt\/blog\/wp-content\/uploads\/2016\/02\/IMG_0415.jpg\" alt=\"IMG_0415\" width=\"420\" height=\"560\" srcset=\"https:\/\/www.marvinchen.de\/olgas_welt\/blog\/wp-content\/uploads\/2016\/02\/IMG_0415.jpg 600w, https:\/\/www.marvinchen.de\/olgas_welt\/blog\/wp-content\/uploads\/2016\/02\/IMG_0415-300x400.jpg 300w\" sizes=\"auto, (max-width: 420px) 100vw, 420px\" \/><\/p>\n<p>Etwas n\u00f6rdlicher hat man echt tolle Berg- und K\u00fcstenlandschaften:<\/p>\n<p style=\"text-align: center;\"><img loading=\"lazy\" decoding=\"async\" class=\"aligncenter wp-image-3955\" src=\"https:\/\/www.marvinchen.de\/olgas_welt\/blog\/wp-content\/uploads\/2016\/02\/IMG_0659.jpg\" alt=\"IMG_0659\" width=\"560\" height=\"420\" srcset=\"https:\/\/www.marvinchen.de\/olgas_welt\/blog\/wp-content\/uploads\/2016\/02\/IMG_0659.jpg 800w, https:\/\/www.marvinchen.de\/olgas_welt\/blog\/wp-content\/uploads\/2016\/02\/IMG_0659-300x225.jpg 300w, https:\/\/www.marvinchen.de\/olgas_welt\/blog\/wp-content\/uploads\/2016\/02\/IMG_0659-768x576.jpg 768w\" sizes=\"auto, (max-width: 560px) 100vw, 560px\" \/><\/p>\n<p>Nat\u00fcrlich mit zahlreichen Serpentinenstra\u00dfen, welche Carsten immer wieder gern als Herausforderung angesehen hat\u00a0\u00a0\u00a0 \ud83d\ude09<\/p>\n<p style=\"text-align: center;\"><img loading=\"lazy\" decoding=\"async\" class=\"aligncenter wp-image-3956\" src=\"https:\/\/www.marvinchen.de\/olgas_welt\/blog\/wp-content\/uploads\/2016\/02\/IMG_1922.jpg\" alt=\"IMG_1922\" width=\"560\" height=\"420\" srcset=\"https:\/\/www.marvinchen.de\/olgas_welt\/blog\/wp-content\/uploads\/2016\/02\/IMG_1922.jpg 800w, https:\/\/www.marvinchen.de\/olgas_welt\/blog\/wp-content\/uploads\/2016\/02\/IMG_1922-300x225.jpg 300w, https:\/\/www.marvinchen.de\/olgas_welt\/blog\/wp-content\/uploads\/2016\/02\/IMG_1922-768x576.jpg 768w\" sizes=\"auto, (max-width: 560px) 100vw, 560px\" \/><\/p>\n<p>Man konnte sich frische Meeresluft um die Nase wehen lassen:<\/p>\n<p style=\"text-align: center;\"><img loading=\"lazy\" decoding=\"async\" class=\"aligncenter wp-image-3957\" src=\"https:\/\/www.marvinchen.de\/olgas_welt\/blog\/wp-content\/uploads\/2016\/02\/IMG_0759.jpg\" alt=\"IMG_0759\" width=\"560\" height=\"420\" srcset=\"https:\/\/www.marvinchen.de\/olgas_welt\/blog\/wp-content\/uploads\/2016\/02\/IMG_0759.jpg 800w, https:\/\/www.marvinchen.de\/olgas_welt\/blog\/wp-content\/uploads\/2016\/02\/IMG_0759-300x225.jpg 300w, https:\/\/www.marvinchen.de\/olgas_welt\/blog\/wp-content\/uploads\/2016\/02\/IMG_0759-768x576.jpg 768w\" sizes=\"auto, (max-width: 560px) 100vw, 560px\" \/><\/p>\n<p>Wir haben nach langer Zeit\u00a0auch mal wieder Sonnenunterg\u00e4nge am Meer genossen:<\/p>\n<p style=\"text-align: center;\"><img loading=\"lazy\" decoding=\"async\" class=\"aligncenter wp-image-3958\" src=\"https:\/\/www.marvinchen.de\/olgas_welt\/blog\/wp-content\/uploads\/2016\/02\/IMG_0535.jpg\" alt=\"IMG_0535\" width=\"560\" height=\"420\" srcset=\"https:\/\/www.marvinchen.de\/olgas_welt\/blog\/wp-content\/uploads\/2016\/02\/IMG_0535.jpg 800w, https:\/\/www.marvinchen.de\/olgas_welt\/blog\/wp-content\/uploads\/2016\/02\/IMG_0535-300x225.jpg 300w, https:\/\/www.marvinchen.de\/olgas_welt\/blog\/wp-content\/uploads\/2016\/02\/IMG_0535-768x576.jpg 768w\" sizes=\"auto, (max-width: 560px) 100vw, 560px\" \/><\/p>\n<p>Auf unserer R\u00fcckkehr nach einer Bergtour hielten wir in der absoluten Dunkelheit an einem menschenleeren Parkplatz an und beobachteten v\u00f6llig fasziniert einen wolkenfreien Himmel voller Sterne:<\/p>\n<p style=\"text-align: center;\"><img loading=\"lazy\" decoding=\"async\" class=\"aligncenter wp-image-3959\" src=\"https:\/\/www.marvinchen.de\/olgas_welt\/blog\/wp-content\/uploads\/2016\/02\/IMG_1008.jpg\" alt=\"IMG_1008\" width=\"560\" height=\"420\" srcset=\"https:\/\/www.marvinchen.de\/olgas_welt\/blog\/wp-content\/uploads\/2016\/02\/IMG_1008.jpg 800w, https:\/\/www.marvinchen.de\/olgas_welt\/blog\/wp-content\/uploads\/2016\/02\/IMG_1008-300x225.jpg 300w, https:\/\/www.marvinchen.de\/olgas_welt\/blog\/wp-content\/uploads\/2016\/02\/IMG_1008-768x576.jpg 768w\" sizes=\"auto, (max-width: 560px) 100vw, 560px\" \/><\/p>\n<p>Oft war die Sicht am Tage\u00a0so klar, dass man sehr weit in die Ferne gucken und sogar den Berg Teide auf Teneriffa entdecken konnte:<\/p>\n<p style=\"text-align: center;\"><img loading=\"lazy\" decoding=\"async\" class=\"aligncenter wp-image-3960\" src=\"https:\/\/www.marvinchen.de\/olgas_welt\/blog\/wp-content\/uploads\/2016\/02\/IMG_1254.jpg\" alt=\"IMG_1254\" width=\"560\" height=\"420\" srcset=\"https:\/\/www.marvinchen.de\/olgas_welt\/blog\/wp-content\/uploads\/2016\/02\/IMG_1254.jpg 800w, https:\/\/www.marvinchen.de\/olgas_welt\/blog\/wp-content\/uploads\/2016\/02\/IMG_1254-300x225.jpg 300w, https:\/\/www.marvinchen.de\/olgas_welt\/blog\/wp-content\/uploads\/2016\/02\/IMG_1254-768x576.jpg 768w\" sizes=\"auto, (max-width: 560px) 100vw, 560px\" \/><\/p>\n<p>Ein Berg auf Wolken gebettet &#8211; ich fand das einfach nur m\u00e4rchenhaft sch\u00f6n!<\/p>\n<p style=\"text-align: center;\"><img loading=\"lazy\" decoding=\"async\" class=\"aligncenter wp-image-3961\" src=\"https:\/\/www.marvinchen.de\/olgas_welt\/blog\/wp-content\/uploads\/2016\/02\/IMG_1287.jpg\" alt=\"IMG_1287\" width=\"560\" height=\"420\" srcset=\"https:\/\/www.marvinchen.de\/olgas_welt\/blog\/wp-content\/uploads\/2016\/02\/IMG_1287.jpg 800w, https:\/\/www.marvinchen.de\/olgas_welt\/blog\/wp-content\/uploads\/2016\/02\/IMG_1287-300x225.jpg 300w, https:\/\/www.marvinchen.de\/olgas_welt\/blog\/wp-content\/uploads\/2016\/02\/IMG_1287-768x576.jpg 768w\" sizes=\"auto, (max-width: 560px) 100vw, 560px\" \/><\/p>\n<p>Unterwegs hielten wir nat\u00fcrlich gerne\u00a0mal an, um irgendetwas zu essen und dabei das zu probieren, was wir bis dato noch nicht kannten, z.B. <a href=\"https:\/\/de.wikipedia.org\/wiki\/Gofio\" target=\"_blank\">Gofio<\/a> (auf dem Bild rechts)<\/p>\n<p style=\"text-align: center;\"><img loading=\"lazy\" decoding=\"async\" class=\"aligncenter wp-image-3962\" src=\"https:\/\/www.marvinchen.de\/olgas_welt\/blog\/wp-content\/uploads\/2016\/02\/IMG_0867.jpg\" alt=\"IMG_0867\" width=\"560\" height=\"420\" srcset=\"https:\/\/www.marvinchen.de\/olgas_welt\/blog\/wp-content\/uploads\/2016\/02\/IMG_0867.jpg 800w, https:\/\/www.marvinchen.de\/olgas_welt\/blog\/wp-content\/uploads\/2016\/02\/IMG_0867-300x225.jpg 300w, https:\/\/www.marvinchen.de\/olgas_welt\/blog\/wp-content\/uploads\/2016\/02\/IMG_0867-768x576.jpg 768w\" sizes=\"auto, (max-width: 560px) 100vw, 560px\" \/><\/p>\n<p>Ein paar Vorz\u00fcge der AI-Verpflegung haben wir nat\u00fcrlich doch\u00a0genossen. Wir waren allerdings meistens nur zum Fr\u00fchst\u00fcck und zum Abendessen da, doch nach einem erlebnisreichen Ausflugstag schmeckten uns jeden Abend\u00a0die alkoholischen und alkoholfreien Cocktails von der Poolbar (bis Mitternacht ge\u00f6ffnet) richtig gut\u00a0\u00a0\u00a0 \ud83d\ude09<\/p>\n<p style=\"text-align: center;\"><img loading=\"lazy\" decoding=\"async\" class=\"aligncenter wp-image-3963\" src=\"https:\/\/www.marvinchen.de\/olgas_welt\/blog\/wp-content\/uploads\/2016\/02\/IMG_2045_bb2.jpg\" alt=\"IMG_2045_bb2\" width=\"420\" height=\"630\" srcset=\"https:\/\/www.marvinchen.de\/olgas_welt\/blog\/wp-content\/uploads\/2016\/02\/IMG_2045_bb2.jpg 533w, https:\/\/www.marvinchen.de\/olgas_welt\/blog\/wp-content\/uploads\/2016\/02\/IMG_2045_bb2-300x450.jpg 300w\" sizes=\"auto, (max-width: 420px) 100vw, 420px\" \/><\/p>\n<p>F\u00fcr mich war dieser Urlaub eine Erholung f\u00fcr Leib und Seele, ich habe ja endlich mal wieder tagelang das Meer, Palmen und strahlend blauen Himmel gesehen\u00a0\u00a0\u00a0 \ud83d\ude00<\/p>\n<p style=\"text-align: center;\"><img loading=\"lazy\" decoding=\"async\" class=\"aligncenter wp-image-3964\" src=\"https:\/\/www.marvinchen.de\/olgas_welt\/blog\/wp-content\/uploads\/2016\/02\/IMG_2302.jpg\" alt=\"IMG_2302\" width=\"560\" height=\"420\" srcset=\"https:\/\/www.marvinchen.de\/olgas_welt\/blog\/wp-content\/uploads\/2016\/02\/IMG_2302.jpg 800w, https:\/\/www.marvinchen.de\/olgas_welt\/blog\/wp-content\/uploads\/2016\/02\/IMG_2302-300x225.jpg 300w, https:\/\/www.marvinchen.de\/olgas_welt\/blog\/wp-content\/uploads\/2016\/02\/IMG_2302-768x576.jpg 768w\" sizes=\"auto, (max-width: 560px) 100vw, 560px\" \/><\/p>\n<p>Carsten war ebenfalls sehr von unserem Kurzurlaub angetan. Oder habt ihr bei diesem Bild eine andere Meinung\u00a0\u00a0\u00a0 \ud83d\ude09\u00a0 ?<\/p>\n<p style=\"text-align: center;\"><img loading=\"lazy\" decoding=\"async\" class=\"aligncenter wp-image-3965\" src=\"https:\/\/www.marvinchen.de\/olgas_welt\/blog\/wp-content\/uploads\/2016\/02\/IMG_0706.jpg\" alt=\"IMG_0706\" width=\"560\" height=\"420\" srcset=\"https:\/\/www.marvinchen.de\/olgas_welt\/blog\/wp-content\/uploads\/2016\/02\/IMG_0706.jpg 800w, https:\/\/www.marvinchen.de\/olgas_welt\/blog\/wp-content\/uploads\/2016\/02\/IMG_0706-300x225.jpg 300w, https:\/\/www.marvinchen.de\/olgas_welt\/blog\/wp-content\/uploads\/2016\/02\/IMG_0706-768x576.jpg 768w\" sizes=\"auto, (max-width: 560px) 100vw, 560px\" \/><\/p>\n<p>Aber nun ist unser Ausflug in die vorgezogene Sommerfrische leider schon wieder vorbei und wir tragen auf den Stra\u00dfen der Stadt erneut\u00a0dicke Jacken und ziehen f\u00fcrs Radfahren warme Handschuhe an. Der Fr\u00fchling scheint allerdings schon unterwegs zu sein, denn man kann bereits Schneegl\u00f6ckchen und Krokusse sehen. Es wird bestimmt nicht mehr lange dauern, bis die richtige W\u00e4rme auch bei uns ankommt &#8211; auf jeden Fall hoffe ich sehr darauf!<\/p>\n","protected":false},"excerpt":{"rendered":"<p>Ich habe\u00a0jetzt hier urlaubsbedingt zwei Wochenenden lang nix geschrieben, aber\u00a0nun m\u00f6chte ich mich auf jeden Fall wieder zur\u00fcckmelden und euch vielleicht auch ein wenig neidisch auf unsere vergangene Woche samt der\u00a0beiden blogfreien Wochenenden machen\u00a0\u00a0\u00a0 \ud83d\ude09 Dieses Jahr hatten Carsten und ich am Valentinstag ein Jubil\u00e4um zu feiern: vor genau 10 Jahren haben wir in Las [&hellip;]<\/p>\n","protected":false},"author":3,"featured_media":0,"comment_status":"open","ping_status":"closed","sticky":false,"template":"","format":"standard","meta":{"ngg_post_thumbnail":0,"footnotes":""},"categories":[3,5,4,7,1],"tags":[1217,14,260,1216,584,162,806,1086,13,510,567,21,1218],"class_list":["post-3950","post","type-post","status-publish","format-standard","hentry","category-ausfluege-und-reisen","category-essen-und-trinken","category-freud-und-leid","category-freunde-und-co","category-olca-und-stan","tag-berge","tag-carsten","tag-essen","tag-gran-canaria","tag-hochzeit","tag-hochzeitstag","tag-kurzurlaub","tag-meer","tag-olga","tag-reise","tag-sommer","tag-urlaub","tag-zusammen"],"_links":{"self":[{"href":"https:\/\/www.marvinchen.de\/olgas_welt\/blog\/wp-json\/wp\/v2\/posts\/3950","targetHints":{"allow":["GET"]}}],"collection":[{"href":"https:\/\/www.marvinchen.de\/olgas_welt\/blog\/wp-json\/wp\/v2\/posts"}],"about":[{"href":"https:\/\/www.marvinchen.de\/olgas_welt\/blog\/wp-json\/wp\/v2\/types\/post"}],"author":[{"embeddable":true,"href":"https:\/\/www.marvinchen.de\/olgas_welt\/blog\/wp-json\/wp\/v2\/users\/3"}],"replies":[{"embeddable":true,"href":"https:\/\/www.marvinchen.de\/olgas_welt\/blog\/wp-json\/wp\/v2\/comments?post=3950"}],"version-history":[{"count":0,"href":"https:\/\/www.marvinchen.de\/olgas_welt\/blog\/wp-json\/wp\/v2\/posts\/3950\/revisions"}],"wp:attachment":[{"href":"https:\/\/www.marvinchen.de\/olgas_welt\/blog\/wp-json\/wp\/v2\/media?parent=3950"}],"wp:term":[{"taxonomy":"category","embeddable":true,"href":"https:\/\/www.marvinchen.de\/olgas_welt\/blog\/wp-json\/wp\/v2\/categories?post=3950"},{"taxonomy":"post_tag","embeddable":true,"href":"https:\/\/www.marvinchen.de\/olgas_welt\/blog\/wp-json\/wp\/v2\/tags?post=3950"}],"curies":[{"name":"wp","href":"https:\/\/api.w.org\/{rel}","templated":true}]}}