{"id":40,"date":"2007-11-12T07:06:21","date_gmt":"2007-11-12T05:06:21","guid":{"rendered":"http:\/\/www.marvinchen.de\/olgas_welt\/blog\/?p=40"},"modified":"2012-05-26T22:18:56","modified_gmt":"2012-05-26T20:18:56","slug":"es-ist-kalt","status":"publish","type":"post","link":"https:\/\/www.marvinchen.de\/olgas_welt\/blog\/2007\/11\/es-ist-kalt\/","title":{"rendered":"Es ist kalt!"},"content":{"rendered":"<p>Diese Woche werden wir uns nur mit einem Kind arrangieren m\u00fcssen. Stephanie, die Kleine, f\u00e4hrt f\u00fcr eine Woche in Schullandheim nach Neuhausen.<\/p>\n<p>Vorsichtshalber haben wir schon die Winterstiefel in ihre Tasche eingepackt, denn bei uns ist es zur Zeit ein ganz eckliges Wetter angesagt. Gestern hatte sie ein Fussballspiel gehabt und es hat ununterbrochen Schneeregen und einene starken Wind gegeben. Die M\u00e4dels konnten sich auf dem Feld bewegen, die Eltern standen tiefgek\u00fchlt da und leistetet moralische Unterst\u00fctzung. Der Beistand der Alten war so gut, dass unsere Mannschaft 13:5 gewonnen hat.<\/p>\n<p style=\"text-align: center;\"><a href=\"https:\/\/www.marvinchen.de\/olgas_welt\/blog\/2007\/11\/es-ist-kalt\/2007-11-12\/\" rel=\"attachment wp-att-887\"><img loading=\"lazy\" decoding=\"async\" class=\" wp-image-887 aligncenter\" title=\"2007-11-12\" src=\"https:\/\/www.marvinchen.de\/olgas_welt\/blog\/wp-content\/uploads\/2007\/11\/2007-11-12.jpg\" alt=\"\" width=\"511\" height=\"384\" srcset=\"https:\/\/www.marvinchen.de\/olgas_welt\/blog\/wp-content\/uploads\/2007\/11\/2007-11-12.jpg 730w, https:\/\/www.marvinchen.de\/olgas_welt\/blog\/wp-content\/uploads\/2007\/11\/2007-11-12-300x225.jpg 300w\" sizes=\"auto, (max-width: 511px) 100vw, 511px\" \/><\/a><\/p>\n<p>Den ganzen Nachmittag sa\u00df ich mit 2 Paar Socken und einem warmen Pulli im Haus, denn ich war ganz sch\u00f6n durchgefroren.<\/p>\n<p>Carsten hat \u00fcbrigens sich irgendwo einen Nerv eingeklemmt (oder es ist entz\u00fcndet), jedenfalls kann mein lieber Mann sich gar nicht mehr gut bewegen, sein R\u00fccken tut ihm ganz toll weh. Daran ist allerdings kein Fussballspiel schuld, sondern vermutlich sein Badminton.<\/p>\n","protected":false},"excerpt":{"rendered":"<p>Diese Woche werden wir uns nur mit einem Kind arrangieren m\u00fcssen. Stephanie, die Kleine, f\u00e4hrt f\u00fcr eine Woche in Schullandheim nach Neuhausen. Vorsichtshalber haben wir schon die Winterstiefel in ihre Tasche eingepackt, denn bei uns ist es zur Zeit ein ganz eckliges Wetter angesagt. Gestern hatte sie ein Fussballspiel gehabt und es hat ununterbrochen Schneeregen [&hellip;]<\/p>\n","protected":false},"author":3,"featured_media":0,"comment_status":"open","ping_status":"open","sticky":false,"template":"","format":"standard","meta":{"ngg_post_thumbnail":0,"footnotes":""},"categories":[4,1],"tags":[14,13,90,382,93,15],"class_list":["post-40","post","type-post","status-publish","format-standard","hentry","category-freud-und-leid","category-olca-und-stan","tag-carsten","tag-olga","tag-schmerz","tag-schneeregen","tag-schullandheim","tag-stephanie"],"_links":{"self":[{"href":"https:\/\/www.marvinchen.de\/olgas_welt\/blog\/wp-json\/wp\/v2\/posts\/40","targetHints":{"allow":["GET"]}}],"collection":[{"href":"https:\/\/www.marvinchen.de\/olgas_welt\/blog\/wp-json\/wp\/v2\/posts"}],"about":[{"href":"https:\/\/www.marvinchen.de\/olgas_welt\/blog\/wp-json\/wp\/v2\/types\/post"}],"author":[{"embeddable":true,"href":"https:\/\/www.marvinchen.de\/olgas_welt\/blog\/wp-json\/wp\/v2\/users\/3"}],"replies":[{"embeddable":true,"href":"https:\/\/www.marvinchen.de\/olgas_welt\/blog\/wp-json\/wp\/v2\/comments?post=40"}],"version-history":[{"count":0,"href":"https:\/\/www.marvinchen.de\/olgas_welt\/blog\/wp-json\/wp\/v2\/posts\/40\/revisions"}],"wp:attachment":[{"href":"https:\/\/www.marvinchen.de\/olgas_welt\/blog\/wp-json\/wp\/v2\/media?parent=40"}],"wp:term":[{"taxonomy":"category","embeddable":true,"href":"https:\/\/www.marvinchen.de\/olgas_welt\/blog\/wp-json\/wp\/v2\/categories?post=40"},{"taxonomy":"post_tag","embeddable":true,"href":"https:\/\/www.marvinchen.de\/olgas_welt\/blog\/wp-json\/wp\/v2\/tags?post=40"}],"curies":[{"name":"wp","href":"https:\/\/api.w.org\/{rel}","templated":true}]}}