{"id":4161,"date":"2016-03-07T20:30:05","date_gmt":"2016-03-07T19:30:05","guid":{"rendered":"http:\/\/www.marvinchen.de\/olgas_welt\/blog\/?p=4161"},"modified":"2016-03-07T20:30:05","modified_gmt":"2016-03-07T19:30:05","slug":"wochenende-beginnt-am-freitagabend","status":"publish","type":"post","link":"https:\/\/www.marvinchen.de\/olgas_welt\/blog\/2016\/03\/wochenende-beginnt-am-freitagabend\/","title":{"rendered":"Wochenende beginnt am Freitagabend"},"content":{"rendered":"<p>Ja, ich weiss, die \u00dcberschrift ist eine offensichtliche Wahrheit\u00a0\u00a0\u00a0 \ud83d\ude09 \u00a0 \u00a0aber es ist wirklich so: Schon auf dem Weg von der Arbeit nach Hause f\u00fchlt man sich am Freitagnachmittag \/-abend v\u00f6llig anders als nach dem Feierabend einer der \u00fcblichen Arbeitstage. Am vergangenen Freitag freuten Carsten und ich uns nicht nur \u00fcber\u00a0die Aussicht auf\u00a0zwei freie Tage, sondern auch darauf, ein Weihnachtsgeschenk einl\u00f6sen zu k\u00f6nnen. So uneigenn\u00fctzig wie ich nun mal bin, schenkte ich\u00a0meinem Mann am Heiligabend zwei Eintrittskarten f\u00fcr das St\u00fcck &#8222;<a href=\"http:\/\/www.comoedie-dresden.de\/produktion\/ganz-grosses-kino\/\" target=\"_blank\">Ganz gro\u00dfes Kino<\/a>&#8220; in der <a href=\"http:\/\/www.comoedie-dresden.de\/\" target=\"_blank\">Com\u00f6die Dresden<\/a>. Nun war es an der Zeit, sich diese Vorstellung mit musikalischen, schauspielerischen und zitierenden Verweisen auf \u00fcber hundert Filmklassikern von &#8222;Dirty Dancing&#8220; \u00fcber &#8222;Matrix&#8220; bis &#8222;Star Wars&#8220; auch anzusehen. Was soll ich sagen: wir hatten enorm viel Spa\u00df und haben schon lange nicht mehr so laut und so viel gelacht! Es waren dabei eigentlich nur 6 Leute auf der B\u00fchne: 4 Jungs von der Musikgruppe <a href=\"http:\/\/www.the-firebirds.de\/\" target=\"_blank\">Firebirds<\/a>, <a href=\"http:\/\/www.comoedie-dresden.de\/kuenstler\/christian-kuehn\/\" target=\"_blank\">Christian K\u00fchn<\/a> (er hat au\u00dferdem\u00a0das Drehbuch geschrieben und Regie gef\u00fchrt) und <a href=\"http:\/\/www.comoedie-dresden.de\/kuenstler\/dorothea-maria-kriegl\/\" target=\"_blank\">Dorothea Maria Kriegl<\/a>\u00a0&#8211; aber sie alle\u00a0sind so wandlungsf\u00e4hig! Sehr sch\u00f6n fand ich, dass es nach dem Ende der Vorstellung noch ein kleines Konzert der Firebirds im Foyer gab &#8211; Rock&#8217;n&#8217;Roll vom Feinsten!<\/p>\n<p>Dem so gro\u00dfartigen Beginn des Wochenendes folgte f\u00fcr mich am Samstagabend noch ein weiteres musikalisches Highlight, diesmal im <a href=\"http:\/\/www.kulturhaus-freital.de\/\" target=\"_blank\">StadtKulturHaus Freital<\/a>. An diesem Abend\u00a0trug die Veranstaltung aber einen wesentlich l\u00e4ngeren Namen: &#8222;<a href=\"http:\/\/www.cornamusa.de\/\" target=\"_blank\">Cornamusa &#8211; World of Pipe Rock und Irish Dance<\/a>&#8222;. Man nehme einfach irische und schottische Volkslieder, mixe die traditionellen Musikinstrumente wie Dudelsack, Gitarre und Geige mit\u00a0einem modernen Schlagzeug, Keyboard und Bassgitarre, spiele das gesamte Liedgut rockiger als es urspr\u00fcnglich gewesen ist\u00a0und &#8211; voila! &#8211; hat man eine Vorstellung davon, was ich erleben durfte\u00a0\u00a0\u00a0 \ud83d\ude42<br \/>\nDazwischen gab es Irish Dance, wobei ich einen T\u00e4nzer dank der\u00a0<a href=\"http:\/\/irishdancecompany-dresden.de\/\" target=\"_blank\">Irish Dance Company<\/a> und deren Vorbereitungen zum gro\u00dfen <a href=\"https:\/\/www.marvinchen.de\/olgas_welt\/blog\/2015\/10\/ein-echt-irer-sonntag\/\" target=\"_blank\">Auftritt im Oktober 2015<\/a>\u00a0inzwischen sogar pers\u00f6nlich kannte:\u00a0<a href=\"http:\/\/tap-connection.de\/lehrer.html\" target=\"_blank\">Gyula Glaser<\/a>. Ich habe ihn allerdings an diesem Abend zum ersten Mal auf einer B\u00fchne live tanzen gesehen und ich muss sagen, dass ich enorm beeindruckt war! Es wurde auch dies ein fabelhafter Abend, allerdings mit einem kleinen Wermutstropfen: gleich beim ersten Tanz ist eine T\u00e4nzerin ungl\u00fccklich aufgekommen\u00a0und ging sofort von der B\u00fchne. Sp\u00e4ter h\u00f6rte ich, dass ein Krankenwagen gerufen werden musste. Ich w\u00fcnsche ihr auf jeden Fall eine schnelle und gute Besserung!<\/p>\n<p>Am Sonntag bekamen Carsten und ich ziemlich spontan\u00a0Lust, wieder mal an einer <a href=\"http:\/\/www.igeltour-dresden.de\/\" target=\"_blank\">Igeltour<\/a> teilzunehmen. Der Dresdner Stadtteil namens Strehlen war uns bis dato ziemlich unbekannt und au\u00dferdem leitete diesen Rundgang ein gewisser Herr <a href=\"http:\/\/www.igeltour-dresden.de\/index.php\/ueber-uns\/rundgangsleiter-inen\/57-holger-lippert\" target=\"_blank\">Holger Lippert<\/a>. Wir haben mit ihm bereits die Stadtteile Striesen und Plauen erkunden d\u00fcrfen und fanden seine Art zu erz\u00e4hlen wirklich spitze! Nat\u00fcrlich hat uns\u00a0auch diese Tour genau so gut gefallen, wie all die anderen von ihm. Diesmal kamen mit ca. 50 Leuten auch wesentlich mehre Leute zu der Stadtteilf\u00fchrung, als man es \u00fcblicherweise (10-20) gewohnt ist, und dennoch konnte er alles so klar, deutlich und ausreichend laut erz\u00e4hlen, dass jeder viel Neues und Interessantes lernen und entdecken durfte.<\/p>\n<p>Alle\u00a0Eintrittskarten meiner Wochenenderlebnisse haben inzwischen ihren Ehrenplatz in <a href=\"https:\/\/www.marvinchen.de\/olgas_welt\/blog\/2016\/01\/erinnerungskiste-2015\/\" target=\"_blank\">meiner Erinnerungskiste<\/a> gefunden und wir werden noch ganz lange von den sch\u00f6nen Erlebnissen dieser vergangenen drei Tagen schw\u00e4rmen.<\/p>\n<p>Zumindest bis zum n\u00e4chsten Wochenende\u00a0\u00a0\u00a0 \ud83d\ude09<\/p>\n<p style=\"text-align: center;\"><img loading=\"lazy\" decoding=\"async\" class=\"aligncenter wp-image-4162\" src=\"https:\/\/www.marvinchen.de\/olgas_welt\/blog\/wp-content\/uploads\/2016\/03\/Wochenende-beginnt-am-freit.jpg\" alt=\"Wochenende-beginnt-am-freit\" width=\"560\" height=\"420\" srcset=\"https:\/\/www.marvinchen.de\/olgas_welt\/blog\/wp-content\/uploads\/2016\/03\/Wochenende-beginnt-am-freit.jpg 800w, https:\/\/www.marvinchen.de\/olgas_welt\/blog\/wp-content\/uploads\/2016\/03\/Wochenende-beginnt-am-freit-300x225.jpg 300w, https:\/\/www.marvinchen.de\/olgas_welt\/blog\/wp-content\/uploads\/2016\/03\/Wochenende-beginnt-am-freit-768x576.jpg 768w\" sizes=\"auto, (max-width: 560px) 100vw, 560px\" \/><\/p>\n","protected":false},"excerpt":{"rendered":"<p>Ja, ich weiss, die \u00dcberschrift ist eine offensichtliche Wahrheit\u00a0\u00a0\u00a0 \ud83d\ude09 \u00a0 \u00a0aber es ist wirklich so: Schon auf dem Weg von der Arbeit nach Hause f\u00fchlt man sich am Freitagnachmittag \/-abend v\u00f6llig anders als nach dem Feierabend einer der \u00fcblichen Arbeitstage. Am vergangenen Freitag freuten Carsten und ich uns nicht nur \u00fcber\u00a0die Aussicht auf\u00a0zwei freie [&hellip;]<\/p>\n","protected":false},"author":3,"featured_media":0,"comment_status":"open","ping_status":"closed","sticky":false,"template":"","format":"standard","meta":{"ngg_post_thumbnail":0,"footnotes":""},"categories":[3,4,7],"tags":[14,1017,40,1226,925,1224,1227,784,1223,644,13,497,461,1225,352],"class_list":["post-4161","post","type-post","status-publish","format-standard","hentry","category-ausfluege-und-reisen","category-freud-und-leid","category-freunde-und-co","tag-carsten","tag-comoedie","tag-firebirds","tag-gyula-glaser","tag-igeltour","tag-irish-ance","tag-irish-dance-company","tag-kultur","tag-lippert-holger","tag-musik","tag-olga","tag-theater","tag-veranstaltung","tag-vorstellung","tag-wochenende"],"_links":{"self":[{"href":"https:\/\/www.marvinchen.de\/olgas_welt\/blog\/wp-json\/wp\/v2\/posts\/4161","targetHints":{"allow":["GET"]}}],"collection":[{"href":"https:\/\/www.marvinchen.de\/olgas_welt\/blog\/wp-json\/wp\/v2\/posts"}],"about":[{"href":"https:\/\/www.marvinchen.de\/olgas_welt\/blog\/wp-json\/wp\/v2\/types\/post"}],"author":[{"embeddable":true,"href":"https:\/\/www.marvinchen.de\/olgas_welt\/blog\/wp-json\/wp\/v2\/users\/3"}],"replies":[{"embeddable":true,"href":"https:\/\/www.marvinchen.de\/olgas_welt\/blog\/wp-json\/wp\/v2\/comments?post=4161"}],"version-history":[{"count":0,"href":"https:\/\/www.marvinchen.de\/olgas_welt\/blog\/wp-json\/wp\/v2\/posts\/4161\/revisions"}],"wp:attachment":[{"href":"https:\/\/www.marvinchen.de\/olgas_welt\/blog\/wp-json\/wp\/v2\/media?parent=4161"}],"wp:term":[{"taxonomy":"category","embeddable":true,"href":"https:\/\/www.marvinchen.de\/olgas_welt\/blog\/wp-json\/wp\/v2\/categories?post=4161"},{"taxonomy":"post_tag","embeddable":true,"href":"https:\/\/www.marvinchen.de\/olgas_welt\/blog\/wp-json\/wp\/v2\/tags?post=4161"}],"curies":[{"name":"wp","href":"https:\/\/api.w.org\/{rel}","templated":true}]}}