{"id":4188,"date":"2016-03-17T20:18:02","date_gmt":"2016-03-17T19:18:02","guid":{"rendered":"http:\/\/www.marvinchen.de\/olgas_welt\/blog\/?p=4188"},"modified":"2016-03-17T20:18:02","modified_gmt":"2016-03-17T19:18:02","slug":"die-woelfe-sind-zurueck","status":"publish","type":"post","link":"https:\/\/www.marvinchen.de\/olgas_welt\/blog\/2016\/03\/die-woelfe-sind-zurueck\/","title":{"rendered":"Die W\u00f6lfe sind zur\u00fcck"},"content":{"rendered":"<p>Heute\u00a0gab es\u00a0f\u00fcr Carsten und mich einen guten Grund, unseren Arbeitstag etwas eher zu beenden, denn seit gestern gibt es auf dem Dresdner Neumarkt, direkt vor der Frauenkirche, eine OpenAir-Ausstellung mit\u00a0dem Namen &#8222;<a href=\"http:\/\/diewoelfesindzurueck.de\/\" target=\"_blank\">Die W\u00f6lfe sind zur\u00fcck<\/a>&#8220; &#8211; diese wollten wir uns unbedingt ansehen. Das Wetter war uns hold und so konnten wir sogar ganz entspannt mit dem Rad in die Innenstadt fahren.<\/p>\n<p>Was ist eigentlich das Interessante an dieser Ausstellung, au\u00dfer dem Namen nat\u00fcrlich? Sagen wir es mal so: seitdem montags immer ein gewisses Klientel seine\u00a0&#8222;Spazierg\u00e4nge&#8220; durch die Dresdner Innenstadt durchf\u00fchrt, werden \u00fcber die Stadt- und Landesgrenzen hinaus auch alle anderen Dresdner in den Augen vieler &#8222;gerechter&#8220; Menschen zu dummen Nazis. Wir hatten sogar in unserem langj\u00e4hrigen Bekanntenkreis eine ernste Auseinandersetzung zu diesem Thema und haben nun einen Namen weniger in unseren Adressb\u00fcchern stehen. Die Person wollte partout nicht einsehen, dass nicht der\u00a0Wohnort dar\u00fcber entscheidet, wie die Gesinnung aller Einwohner ist. Naja, ein heikles Thema. Und eigentlich um dieses heikle Thema dreht sich eben\u00a0diese Ausstellung, welche wir heute besuchten. Sie\u00a0soll n\u00e4mlich zeigen, dass Dresden nicht nur auf Pegida heruntergebrochen werden soll und kann und, dass es\u00a0trotz der verst\u00e4rkt negativen Darstellung in den Medien, nach wie vor eine weltoffene Stadt ist.<\/p>\n<p>Die Wolfsfiguren sind von Herrn <a href=\"https:\/\/de.wikipedia.org\/wiki\/Zweibr%C3%BCder_Optoelectronics\" target=\"_blank\">Reiner Opolka<\/a> erschaffen worden. Der K\u00fcnstler war\u00a0heute und ist\u00a0auch an jedem Tag seiner Ausstellung selber mit auf dem Platz und steht f\u00fcr jedermann zu jeder (vern\u00fcnftigen) Diskussion zur Verf\u00fcgung. Die\u00a0mannshohen, braungef\u00e4rbten Wolfsfiguren sind\u00a0in unterschiedlichen Formationen aufgestellt und sehen auch verdammt angriffslustig aus:<\/p>\n<p style=\"text-align: center;\"><img loading=\"lazy\" decoding=\"async\" class=\"aligncenter wp-image-4190\" src=\"https:\/\/www.marvinchen.de\/olgas_welt\/blog\/wp-content\/uploads\/2016\/03\/IMG_0032-1.jpg\" alt=\"IMG_0032\" width=\"560\" height=\"373\" srcset=\"https:\/\/www.marvinchen.de\/olgas_welt\/blog\/wp-content\/uploads\/2016\/03\/IMG_0032-1.jpg 800w, https:\/\/www.marvinchen.de\/olgas_welt\/blog\/wp-content\/uploads\/2016\/03\/IMG_0032-1-300x200.jpg 300w, https:\/\/www.marvinchen.de\/olgas_welt\/blog\/wp-content\/uploads\/2016\/03\/IMG_0032-1-768x512.jpg 768w\" sizes=\"auto, (max-width: 560px) 100vw, 560px\" \/><\/p>\n<p>Sie sind jederzeit bereit, ihre Klauen und Z\u00e4hne einzusetzen:<\/p>\n<p style=\"text-align: center;\"><img loading=\"lazy\" decoding=\"async\" class=\"aligncenter wp-image-4191\" src=\"https:\/\/www.marvinchen.de\/olgas_welt\/blog\/wp-content\/uploads\/2016\/03\/IMG_0119.jpg\" alt=\"IMG_0119\" width=\"560\" height=\"373\" srcset=\"https:\/\/www.marvinchen.de\/olgas_welt\/blog\/wp-content\/uploads\/2016\/03\/IMG_0119.jpg 800w, https:\/\/www.marvinchen.de\/olgas_welt\/blog\/wp-content\/uploads\/2016\/03\/IMG_0119-300x200.jpg 300w, https:\/\/www.marvinchen.de\/olgas_welt\/blog\/wp-content\/uploads\/2016\/03\/IMG_0119-768x512.jpg 768w\" sizes=\"auto, (max-width: 560px) 100vw, 560px\" \/><\/p>\n<p>Und das sind nicht die einzigen Waffen:<\/p>\n<p style=\"text-align: center;\"><img loading=\"lazy\" decoding=\"async\" class=\"aligncenter wp-image-4192\" src=\"https:\/\/www.marvinchen.de\/olgas_welt\/blog\/wp-content\/uploads\/2016\/03\/IMG_0034-1.jpg\" alt=\"IMG_0034\" width=\"560\" height=\"373\" srcset=\"https:\/\/www.marvinchen.de\/olgas_welt\/blog\/wp-content\/uploads\/2016\/03\/IMG_0034-1.jpg 800w, https:\/\/www.marvinchen.de\/olgas_welt\/blog\/wp-content\/uploads\/2016\/03\/IMG_0034-1-300x200.jpg 300w, https:\/\/www.marvinchen.de\/olgas_welt\/blog\/wp-content\/uploads\/2016\/03\/IMG_0034-1-768x512.jpg 768w\" sizes=\"auto, (max-width: 560px) 100vw, 560px\" \/><\/p>\n<p>Dabei versuchen sie nat\u00fcrlich die Menschheit zu\u00a0\u00fcberzeugen, dass sie ganz und gar harmlos sind und nur das Beste f\u00fcr alle wollen:<\/p>\n<p style=\"text-align: center;\"><img loading=\"lazy\" decoding=\"async\" class=\"aligncenter wp-image-4193\" src=\"https:\/\/www.marvinchen.de\/olgas_welt\/blog\/wp-content\/uploads\/2016\/03\/IMG_0051.jpg\" alt=\"IMG_0051\" width=\"560\" height=\"373\" srcset=\"https:\/\/www.marvinchen.de\/olgas_welt\/blog\/wp-content\/uploads\/2016\/03\/IMG_0051.jpg 800w, https:\/\/www.marvinchen.de\/olgas_welt\/blog\/wp-content\/uploads\/2016\/03\/IMG_0051-300x200.jpg 300w, https:\/\/www.marvinchen.de\/olgas_welt\/blog\/wp-content\/uploads\/2016\/03\/IMG_0051-768x512.jpg 768w\" sizes=\"auto, (max-width: 560px) 100vw, 560px\" \/><\/p>\n<p>Aber nicht nur die verk\u00f6rperte Bedrohung hat ihren Platz in dieser Installation gefunden, denn es gibt auch einige Aufsteller mit Infos, welche zum Nachdenken anregen:<\/p>\n<p style=\"text-align: center;\"><img loading=\"lazy\" decoding=\"async\" class=\"aligncenter wp-image-4194\" src=\"https:\/\/www.marvinchen.de\/olgas_welt\/blog\/wp-content\/uploads\/2016\/03\/IMG_0018-1.jpg\" alt=\"IMG_0018\" width=\"560\" height=\"373\" srcset=\"https:\/\/www.marvinchen.de\/olgas_welt\/blog\/wp-content\/uploads\/2016\/03\/IMG_0018-1.jpg 800w, https:\/\/www.marvinchen.de\/olgas_welt\/blog\/wp-content\/uploads\/2016\/03\/IMG_0018-1-300x200.jpg 300w, https:\/\/www.marvinchen.de\/olgas_welt\/blog\/wp-content\/uploads\/2016\/03\/IMG_0018-1-768x512.jpg 768w\" sizes=\"auto, (max-width: 560px) 100vw, 560px\" \/><\/p>\n<p>Au\u00dferdem gibt es eine Tafel, auf welcher jeder, der m\u00f6chte, seine Antwort auf eine wichtige Frage dazuschreiben kann:<\/p>\n<p style=\"text-align: center;\"><img loading=\"lazy\" decoding=\"async\" class=\"aligncenter wp-image-4195\" src=\"https:\/\/www.marvinchen.de\/olgas_welt\/blog\/wp-content\/uploads\/2016\/03\/IMG_0065.jpg\" alt=\"IMG_0065\" width=\"560\" height=\"373\" srcset=\"https:\/\/www.marvinchen.de\/olgas_welt\/blog\/wp-content\/uploads\/2016\/03\/IMG_0065.jpg 800w, https:\/\/www.marvinchen.de\/olgas_welt\/blog\/wp-content\/uploads\/2016\/03\/IMG_0065-300x200.jpg 300w, https:\/\/www.marvinchen.de\/olgas_welt\/blog\/wp-content\/uploads\/2016\/03\/IMG_0065-768x512.jpg 768w\" sizes=\"auto, (max-width: 560px) 100vw, 560px\" \/><\/p>\n<p>Es gab Eintr\u00e4ge in unterschiedlichen Sprachen. Ich habe Spanisch entdeckt, Franz\u00f6sisch, Polnisch und auch Russisch:<\/p>\n<p style=\"text-align: center;\"><img loading=\"lazy\" decoding=\"async\" class=\"aligncenter wp-image-4196\" src=\"https:\/\/www.marvinchen.de\/olgas_welt\/blog\/wp-content\/uploads\/2016\/03\/IMG_0067.jpg\" alt=\"IMG_0067\" width=\"560\" height=\"373\" srcset=\"https:\/\/www.marvinchen.de\/olgas_welt\/blog\/wp-content\/uploads\/2016\/03\/IMG_0067.jpg 800w, https:\/\/www.marvinchen.de\/olgas_welt\/blog\/wp-content\/uploads\/2016\/03\/IMG_0067-300x200.jpg 300w, https:\/\/www.marvinchen.de\/olgas_welt\/blog\/wp-content\/uploads\/2016\/03\/IMG_0067-768x512.jpg 768w\" sizes=\"auto, (max-width: 560px) 100vw, 560px\" \/><\/p>\n<p>Der Spruch in Russisch hei\u00df \u00fcbersetzt: &#8222;Verhandeln k\u00f6nnen. Haltet durch, Europ\u00e4er!&#8220;<br \/>\nNur leider sind diese S\u00e4tze in der rechten Ecke der Tafel gelandet, zwischen den Spr\u00fcchen auf &#8222;Pegidisch&#8220;, welche wie \u00fcblich gar nicht auf die gestellte Frage eingehen, sondern einfach nur als Beleidigung gedacht sind\u00a0&#8230;<\/p>\n<p>Dabei hoffte ich wirklich, dass vielleicht der ein oder andere Montagsmitl\u00e4ufer bei dieser Ausstellung doch noch zum Nachdenken angeregt wird.\u00a0Ich hoffe dennoch weiterhin, dass unsere sch\u00f6ne Stadt nicht auf Dauer mit solchen Gesten verunstaltet wird:<\/p>\n<p style=\"text-align: center;\"><img loading=\"lazy\" decoding=\"async\" class=\"aligncenter wp-image-4197\" src=\"https:\/\/www.marvinchen.de\/olgas_welt\/blog\/wp-content\/uploads\/2016\/03\/IMG_0080.jpg\" alt=\"IMG_0080\" width=\"560\" height=\"373\" srcset=\"https:\/\/www.marvinchen.de\/olgas_welt\/blog\/wp-content\/uploads\/2016\/03\/IMG_0080.jpg 800w, https:\/\/www.marvinchen.de\/olgas_welt\/blog\/wp-content\/uploads\/2016\/03\/IMG_0080-300x200.jpg 300w, https:\/\/www.marvinchen.de\/olgas_welt\/blog\/wp-content\/uploads\/2016\/03\/IMG_0080-768x512.jpg 768w\" sizes=\"auto, (max-width: 560px) 100vw, 560px\" \/><\/p>\n<p>Ich hoffe auch darauf, dass wir alle keine Angst vor dem b\u00f6sen Wolf haben m\u00fcssen und uns endlich mal darauf verlassen k\u00f6nnen, dass die J\u00e4ger ihre Aufgaben ernst nehmen &#8230;<\/p>\n<p style=\"text-align: center;\"><img loading=\"lazy\" decoding=\"async\" class=\"aligncenter wp-image-4198\" src=\"https:\/\/www.marvinchen.de\/olgas_welt\/blog\/wp-content\/uploads\/2016\/03\/IMG_0118.jpg\" alt=\"IMG_0118\" width=\"560\" height=\"373\" srcset=\"https:\/\/www.marvinchen.de\/olgas_welt\/blog\/wp-content\/uploads\/2016\/03\/IMG_0118.jpg 800w, https:\/\/www.marvinchen.de\/olgas_welt\/blog\/wp-content\/uploads\/2016\/03\/IMG_0118-300x200.jpg 300w, https:\/\/www.marvinchen.de\/olgas_welt\/blog\/wp-content\/uploads\/2016\/03\/IMG_0118-768x512.jpg 768w\" sizes=\"auto, (max-width: 560px) 100vw, 560px\" \/><\/p>\n<p>Ich finde, dass es ein sehr gelungenes Projekt ist und dass es auf jeden Fall viel Potential hat, Menschen zum Nachdenken \u00fcber Toleranz und \u00fcber die Gefahr beim Fehlen dieser anregt:<\/p>\n<p style=\"text-align: center;\"><img loading=\"lazy\" decoding=\"async\" class=\"aligncenter wp-image-4199\" src=\"https:\/\/www.marvinchen.de\/olgas_welt\/blog\/wp-content\/uploads\/2016\/03\/IMG_0005.jpg\" alt=\"IMG_0005\" width=\"560\" height=\"373\" srcset=\"https:\/\/www.marvinchen.de\/olgas_welt\/blog\/wp-content\/uploads\/2016\/03\/IMG_0005.jpg 800w, https:\/\/www.marvinchen.de\/olgas_welt\/blog\/wp-content\/uploads\/2016\/03\/IMG_0005-300x200.jpg 300w, https:\/\/www.marvinchen.de\/olgas_welt\/blog\/wp-content\/uploads\/2016\/03\/IMG_0005-768x512.jpg 768w\" sizes=\"auto, (max-width: 560px) 100vw, 560px\" \/><\/p>\n<p>Diese Ausstellung kann man in Dresden noch bis zum 23. M\u00e4rz besichtigen. Danach zieht sie weiter nach Potsdam und sp\u00e4ter nach Berlin. Ich f\u00fcr meinen Teil kann einen Besuch dort sehr empfehlen.<\/p>\n<p>Wenn die Spr\u00fcche, Informationen und Hinweise der Tafeln interessieren, der findet auch eine PDF-Version als Brosch\u00fcre auf der\u00a0<a href=\"http:\/\/diewoelfesindzurueck.de\/infobroschuere-die-woelfe-sind-zurueck\/\" target=\"_blank\">Webseite<\/a>. Leider hat nun mal nicht jeder einen kurzen Weg zu seiner jeweiligen Landeshauptstadt, denn die Ausstellung\u00a0ist\u00a0als Wanderausstellung eben nur in den Bundeshauptst\u00e4dten geplant.<\/p>\n","protected":false},"excerpt":{"rendered":"<p>Heute\u00a0gab es\u00a0f\u00fcr Carsten und mich einen guten Grund, unseren Arbeitstag etwas eher zu beenden, denn seit gestern gibt es auf dem Dresdner Neumarkt, direkt vor der Frauenkirche, eine OpenAir-Ausstellung mit\u00a0dem Namen &#8222;Die W\u00f6lfe sind zur\u00fcck&#8220; &#8211; diese wollten wir uns unbedingt ansehen. Das Wetter war uns hold und so konnten wir sogar ganz entspannt mit [&hellip;]<\/p>\n","protected":false},"author":3,"featured_media":0,"comment_status":"open","ping_status":"closed","sticky":false,"template":"","format":"standard","meta":{"ngg_post_thumbnail":0,"footnotes":""},"categories":[3,4,7,17,1],"tags":[526,14,27,983,1232,13,1233,1000,33],"class_list":["post-4188","post","type-post","status-publish","format-standard","hentry","category-ausfluege-und-reisen","category-freud-und-leid","category-freunde-und-co","category-kauderwelsch-und-muttersprache","category-olca-und-stan","tag-ausstellung","tag-carsten","tag-dresden","tag-kunst","tag-neumarkt","tag-olga","tag-pegida","tag-politik","tag-russisch"],"_links":{"self":[{"href":"https:\/\/www.marvinchen.de\/olgas_welt\/blog\/wp-json\/wp\/v2\/posts\/4188","targetHints":{"allow":["GET"]}}],"collection":[{"href":"https:\/\/www.marvinchen.de\/olgas_welt\/blog\/wp-json\/wp\/v2\/posts"}],"about":[{"href":"https:\/\/www.marvinchen.de\/olgas_welt\/blog\/wp-json\/wp\/v2\/types\/post"}],"author":[{"embeddable":true,"href":"https:\/\/www.marvinchen.de\/olgas_welt\/blog\/wp-json\/wp\/v2\/users\/3"}],"replies":[{"embeddable":true,"href":"https:\/\/www.marvinchen.de\/olgas_welt\/blog\/wp-json\/wp\/v2\/comments?post=4188"}],"version-history":[{"count":0,"href":"https:\/\/www.marvinchen.de\/olgas_welt\/blog\/wp-json\/wp\/v2\/posts\/4188\/revisions"}],"wp:attachment":[{"href":"https:\/\/www.marvinchen.de\/olgas_welt\/blog\/wp-json\/wp\/v2\/media?parent=4188"}],"wp:term":[{"taxonomy":"category","embeddable":true,"href":"https:\/\/www.marvinchen.de\/olgas_welt\/blog\/wp-json\/wp\/v2\/categories?post=4188"},{"taxonomy":"post_tag","embeddable":true,"href":"https:\/\/www.marvinchen.de\/olgas_welt\/blog\/wp-json\/wp\/v2\/tags?post=4188"}],"curies":[{"name":"wp","href":"https:\/\/api.w.org\/{rel}","templated":true}]}}