{"id":4201,"date":"2016-03-20T20:29:46","date_gmt":"2016-03-20T19:29:46","guid":{"rendered":"http:\/\/www.marvinchen.de\/olgas_welt\/blog\/?p=4201"},"modified":"2016-03-20T20:46:42","modified_gmt":"2016-03-20T19:46:42","slug":"schnelle-fuesse-phrasen-mit-wein-und-blutvergiessen-im-tv","status":"publish","type":"post","link":"https:\/\/www.marvinchen.de\/olgas_welt\/blog\/2016\/03\/schnelle-fuesse-phrasen-mit-wein-und-blutvergiessen-im-tv\/","title":{"rendered":"Schnelle F\u00fc\u00dfe, Phrasen mit Wein und Blutvergie\u00dfen im TV"},"content":{"rendered":"<p>In den letzten Tagen gab es wieder allerhand Interessantes zu erleben. Der M\u00e4rz\u00a0verwandelt\u00a0sich f\u00fcr mich\u00a0schon seit einigen Jahren dank meiner Begleitung der\u00a0<a href=\"http:\/\/irishdancecompany-dresden.de\/\" target=\"_blank\">Irish Dance Company Dresden (IDC)<\/a> als Fotografin in einen sehr gr\u00fcnen Monat und das eigentlich alles nur wegen des 17. !<\/p>\n<p style=\"text-align: center\"><img loading=\"lazy\" decoding=\"async\" class=\"aligncenter wp-image-4202\" src=\"https:\/\/www.marvinchen.de\/olgas_welt\/blog\/wp-content\/uploads\/2016\/03\/IMG_0037-1.jpg\" alt=\"IMG_0037\" width=\"560\" height=\"373\" srcset=\"https:\/\/www.marvinchen.de\/olgas_welt\/blog\/wp-content\/uploads\/2016\/03\/IMG_0037-1.jpg 800w, https:\/\/www.marvinchen.de\/olgas_welt\/blog\/wp-content\/uploads\/2016\/03\/IMG_0037-1-300x200.jpg 300w, https:\/\/www.marvinchen.de\/olgas_welt\/blog\/wp-content\/uploads\/2016\/03\/IMG_0037-1-768x512.jpg 768w\" sizes=\"auto, (max-width: 560px) 100vw, 560px\" \/><\/p>\n<p>Da dieser Tag in Deutschland immer ein ganz normaler Arbeitstag ist, werden die entsprechenden Feierlichkeiten lieber auf die umliegenden Wochenenden verteilt. So feierten wir bereits am 12.3. den 10. St. Patrick&#8217;s Day, der von den Leuten der IDC ausgerichtet wird &#8211; diesmal wieder in der Golfscheune Possendorf. Dort konnte ich aber nicht nur Fotos machen, sondern auch mal die Kamera an Carsten abtreten und selber an den zahlreichen Mitmacht\u00e4nzen teilnehmen, was mir schon seit meinem 40. Geburtstag in 2010 &#8211; damals ist die IDC zum ersten Mal in meinem Beisein aufgetreten &#8211; immer sichtlich eine riesige Freude bereitet:<\/p>\n<p style=\"text-align: center\"><img loading=\"lazy\" decoding=\"async\" class=\"aligncenter wp-image-4203\" src=\"https:\/\/www.marvinchen.de\/olgas_welt\/blog\/wp-content\/uploads\/2016\/03\/IMG_0827.jpg\" alt=\"IMG_0827\" width=\"560\" height=\"373\" srcset=\"https:\/\/www.marvinchen.de\/olgas_welt\/blog\/wp-content\/uploads\/2016\/03\/IMG_0827.jpg 800w, https:\/\/www.marvinchen.de\/olgas_welt\/blog\/wp-content\/uploads\/2016\/03\/IMG_0827-300x200.jpg 300w, https:\/\/www.marvinchen.de\/olgas_welt\/blog\/wp-content\/uploads\/2016\/03\/IMG_0827-768x512.jpg 768w\" sizes=\"auto, (max-width: 560px) 100vw, 560px\" \/><\/p>\n<p>Gestern gab es dann ein regelrechtes\u00a0Mammutprogramm zu Ehren des Heiligen Patricks. Man traf sich schon um 14:00 Uhr, um einige Zeit sp\u00e4ter mit dem Salonschiff &#8222;<a href=\"https:\/\/www.saechsische-dampfschiffahrt.de\/blog\/schiffe\/salonschiff-august-der-starke\/\" target=\"_blank\">August der Starke<\/a>&#8220; , welches an dem Tag ausschlie\u00dflich f\u00fcr die G\u00e4ste einer\u00a0St. Patrick&#8217;s Feier reserviert\u00a0war, abzulegen. Normalerweise geht diese Sonderfahrt ja immer in <a href=\"http:\/\/www.schlosspillnitz.de\/de\/startseite\/\" target=\"_blank\">Richtung Pillnitz<\/a>,\u00a0aber dieses Jahr musste\u00a0man in die entgegengesetzte Richtung fahren. Wohlgemerkt nicht freiwillig, denn seit Montag <a href=\"http:\/\/www.sz-online.de\/nachrichten\/bergung-des-frachters-wird-zur-plage-3348277.html\" target=\"_blank\">behindert ein tschechischer Lastkahn<\/a> den gesamten Schiffsverkehr auf der Elbe in Dresden. Da\u00a0unser Schiff\u00a0erst bei der Albertbr\u00fccke wendete, wo der Lastkahn festsitzt, konnte ich das Elend mit eigenen Augen sehen:<\/p>\n<p style=\"text-align: center\"><img loading=\"lazy\" decoding=\"async\" class=\"aligncenter wp-image-4204\" src=\"https:\/\/www.marvinchen.de\/olgas_welt\/blog\/wp-content\/uploads\/2016\/03\/IMG_0214.jpg\" alt=\"IMG_0214\" width=\"560\" height=\"367\" srcset=\"https:\/\/www.marvinchen.de\/olgas_welt\/blog\/wp-content\/uploads\/2016\/03\/IMG_0214.jpg 800w, https:\/\/www.marvinchen.de\/olgas_welt\/blog\/wp-content\/uploads\/2016\/03\/IMG_0214-300x197.jpg 300w, https:\/\/www.marvinchen.de\/olgas_welt\/blog\/wp-content\/uploads\/2016\/03\/IMG_0214-768x503.jpg 768w\" sizes=\"auto, (max-width: 560px) 100vw, 560px\" \/><\/p>\n<p>Kein Wunder, dass nun kein anderes Schiff unter der Br\u00fccke durchfahren kann &#8230; zum Gl\u00fcck\u00a0tat die Routen\u00e4nderung dem Spa\u00df an Bord aber keinen Abbruch\u00a0\u00a0\u00a0 \ud83d\ude42<br \/>\nAls wir wieder in Dresden angekommen waren, gab es eine St. Patrick&#8217;s Day-Parade durch die Stra\u00dfen der Altstadt, zu der\u00a0ganz viele Leute, die vorher mit auf dem Schiff unterwegs waren, den Kl\u00e4ngen von <a href=\"http:\/\/www.dpdd.de\/\" target=\"_blank\">Dresden Pipes &amp; Drums<\/a> so bereitwillig folgten, als w\u00e4ren das geschickte Rattenf\u00e4nger aus einer allseits\u00a0bekannten\u00a0Sage\u00a0\u00a0\u00a0 \ud83d\ude09<\/p>\n<p style=\"text-align: center\"><img loading=\"lazy\" decoding=\"async\" class=\"aligncenter wp-image-4205\" src=\"https:\/\/www.marvinchen.de\/olgas_welt\/blog\/wp-content\/uploads\/2016\/03\/IMG_1000.jpg\" alt=\"IMG_1000\" width=\"560\" height=\"373\" srcset=\"https:\/\/www.marvinchen.de\/olgas_welt\/blog\/wp-content\/uploads\/2016\/03\/IMG_1000.jpg 800w, https:\/\/www.marvinchen.de\/olgas_welt\/blog\/wp-content\/uploads\/2016\/03\/IMG_1000-300x200.jpg 300w, https:\/\/www.marvinchen.de\/olgas_welt\/blog\/wp-content\/uploads\/2016\/03\/IMG_1000-768x512.jpg 768w\" sizes=\"auto, (max-width: 560px) 100vw, 560px\" \/><\/p>\n<p>Unterwegs, direkt auf dem Platz vor der Frauenkirche, haben die flinken T\u00e4nzerinnen vom IDC bewiesen, dass sie auch mit Stiefeln und Turnschuhen auf den Pflastersteinen der Stadt genau so leichtf\u00fc\u00dfig sind wie mit Soft- und Hardshoes\u00a0auf der <a href=\"https:\/\/www.marvinchen.de\/olgas_welt\/blog\/2015\/10\/ein-echt-irer-sonntag\/\" target=\"_blank\">B\u00fchne<\/a>:<\/p>\n<p style=\"text-align: center\"><img loading=\"lazy\" decoding=\"async\" class=\"aligncenter wp-image-4206\" src=\"https:\/\/www.marvinchen.de\/olgas_welt\/blog\/wp-content\/uploads\/2016\/03\/IMG_0946.jpg\" alt=\"IMG_0946\" width=\"560\" height=\"373\" srcset=\"https:\/\/www.marvinchen.de\/olgas_welt\/blog\/wp-content\/uploads\/2016\/03\/IMG_0946.jpg 800w, https:\/\/www.marvinchen.de\/olgas_welt\/blog\/wp-content\/uploads\/2016\/03\/IMG_0946-300x200.jpg 300w, https:\/\/www.marvinchen.de\/olgas_welt\/blog\/wp-content\/uploads\/2016\/03\/IMG_0946-768x512.jpg 768w\" sizes=\"auto, (max-width: 560px) 100vw, 560px\" \/><\/p>\n<p>Anschlie\u00dfend wurde in einem gro\u00dfr\u00e4umigen Partyzelt auf dem Dresdner Postplatz fr\u00f6hlich bis kurz vor Mitternacht weitergefeiert.<\/p>\n<p>Aber es gab\u00a0in den vergangenen Tagen f\u00fcr Carsten und mich nicht nur musikalische Unterhaltung. Am Dienstagabend fanden wir uns nach einer relativ langen Pause mal wieder in der &#8222;<a href=\"http:\/\/www.artderkultur.de\/index.php\/ueber-uns\/veraenderbar\" target=\"_blank\">Ver\u00e4nderbar<\/a>&#8220; bei der Lesung von den\u00a0<a href=\"http:\/\/phrase4.de\/\" target=\"_blank\">Phrase4<\/a>-Autoren wieder. Ich war von den F\u00e4higkeiten meines Mannes mal wieder\u00a0sehr positiv \u00fcberrascht, denn er war der Einzige aus dem Publikum, der bei den unauff\u00e4llig eingearbeiteten Worten &#8222;kurz und knackig&#8220; mit einem leisen &#8222;Phrase!&#8220; reagierte &#8230; eben weil das die diesmal gesuchte Phrase war, bei deren Entdeckung man eine Flasche Wein gewinnt. Ich habe das auch schon zweimal <a href=\"https:\/\/www.marvinchen.de\/olgas_welt\/blog\/2014\/04\/phrase4-ein-gewinnbringender-abend\/\" target=\"_blank\">geschafft<\/a>, aber diesmal habe ich echt etwas gepennt \u00a0 \u00a0\ud83d\ude09 \u00a0 \u00a0da Carsten ja selber keinen Wein trinkt, hat er sich von <a href=\"http:\/\/www.francis-mohr.de\/\" target=\"_blank\">Francis<\/a> beraten lassen, denn er muss MIR am Ende schlie\u00dflich gut schmecken \u00a0 \u00a0\ud83d\ude09<\/p>\n<p style=\"text-align: center\"><img loading=\"lazy\" decoding=\"async\" class=\"aligncenter wp-image-4207\" src=\"https:\/\/www.marvinchen.de\/olgas_welt\/blog\/wp-content\/uploads\/2016\/03\/IMG_0238.jpg\" alt=\"IMG_0238\" width=\"560\" height=\"373\" srcset=\"https:\/\/www.marvinchen.de\/olgas_welt\/blog\/wp-content\/uploads\/2016\/03\/IMG_0238.jpg 800w, https:\/\/www.marvinchen.de\/olgas_welt\/blog\/wp-content\/uploads\/2016\/03\/IMG_0238-300x200.jpg 300w, https:\/\/www.marvinchen.de\/olgas_welt\/blog\/wp-content\/uploads\/2016\/03\/IMG_0238-768x512.jpg 768w\" sizes=\"auto, (max-width: 560px) 100vw, 560px\" \/><\/p>\n<p>Damit w\u00e4ren schon zwei Themen aus der \u00dcberschrift abgearbeitet. Ich muss also nur noch \u00fcber das Blutvergie\u00dfen im TV berichten. Diesmal geht es aber nicht um irgendwelche besonders blutr\u00fcnstige Actionfilme oder \u00e4hnliches \u00a0 \u00a0\ud83d\ude09<br \/>\nUnsere Stephanie\u00a0ist, wie auch schon meine Oma und ich selber, zur Blutspenderin geworden. Allerdings wurde\u00a0ihre allererste Blutspende etwas ganz Besonderes, denn sie kam damit sogar ins Potsdamer Lokalfernsehen. Ich muss zugeben, die Stelle im Bericht, als die dicke Nadel in ihre Vene eingestochen wird, ist f\u00fcr mich als Mutter nicht einfach anzusehen\u00a0\u00a0\u00a0 \ud83d\ude42 \u00a0 \u00a0ansonsten bin ich nat\u00fcrlich sehr stolz auf meine tapfere Kleine und diesen grandiosen Medienauftritt. Damit ihr euch ein eigenes Bild von der gesamten Aktion machen k\u00f6nnt, m\u00fcsst ihr nur mal kurz\u00a0<a href=\"http:\/\/www.potsdam.tv\/mediathek\/25957\/Blutspende.html\" target=\"_blank\">&gt;&gt; HIER &lt;&lt;<\/a>\u00a0anklicken.<\/p>\n<p>Nun habe ich \u00fcber alles berichtet, was ich in meiner \u00dcberschrift versprochen habe\u00a0\u00a0\u00a0 \ud83d\ude42 \u00a0 \u00a0n\u00e4chste Woche ist noch nicht so stark verplant, aber es eine kurze Arbeitswoche mit einem gaaaaaanz langen Wochenende, denn Ostern steht vor der T\u00fcr &#8211;&gt; mal sehen, was uns OLCAs da so alles passiert !<\/p>\n","protected":false},"excerpt":{"rendered":"<p>In den letzten Tagen gab es wieder allerhand Interessantes zu erleben. Der M\u00e4rz\u00a0verwandelt\u00a0sich f\u00fcr mich\u00a0schon seit einigen Jahren dank meiner Begleitung der\u00a0Irish Dance Company Dresden (IDC) als Fotografin in einen sehr gr\u00fcnen Monat und das eigentlich alles nur wegen des 17. ! Da dieser Tag in Deutschland immer ein ganz normaler Arbeitstag ist, werden die [&hellip;]<\/p>\n","protected":false},"author":3,"featured_media":0,"comment_status":"open","ping_status":"closed","sticky":false,"template":"","format":"standard","meta":{"ngg_post_thumbnail":0,"footnotes":""},"categories":[3,822,4,7,1],"tags":[926,14,293,464,587,716,904,825,518,13,1234,922,1064,15,1062,581,463],"class_list":["post-4201","post","type-post","status-publish","format-standard","hentry","category-ausfluege-und-reisen","category-fotografie-und-photoshop","category-freud-und-leid","category-freunde-und-co","category-olca-und-stan","tag-bruecke","tag-carsten","tag-feier","tag-feiern","tag-foto","tag-fotografieren","tag-gewinn","tag-idc","tag-lesung","tag-olga","tag-phrase-4","tag-schiff","tag-st-patricks-day","tag-stephanie","tag-tanz","tag-tanzen","tag-wein"],"_links":{"self":[{"href":"https:\/\/www.marvinchen.de\/olgas_welt\/blog\/wp-json\/wp\/v2\/posts\/4201","targetHints":{"allow":["GET"]}}],"collection":[{"href":"https:\/\/www.marvinchen.de\/olgas_welt\/blog\/wp-json\/wp\/v2\/posts"}],"about":[{"href":"https:\/\/www.marvinchen.de\/olgas_welt\/blog\/wp-json\/wp\/v2\/types\/post"}],"author":[{"embeddable":true,"href":"https:\/\/www.marvinchen.de\/olgas_welt\/blog\/wp-json\/wp\/v2\/users\/3"}],"replies":[{"embeddable":true,"href":"https:\/\/www.marvinchen.de\/olgas_welt\/blog\/wp-json\/wp\/v2\/comments?post=4201"}],"version-history":[{"count":0,"href":"https:\/\/www.marvinchen.de\/olgas_welt\/blog\/wp-json\/wp\/v2\/posts\/4201\/revisions"}],"wp:attachment":[{"href":"https:\/\/www.marvinchen.de\/olgas_welt\/blog\/wp-json\/wp\/v2\/media?parent=4201"}],"wp:term":[{"taxonomy":"category","embeddable":true,"href":"https:\/\/www.marvinchen.de\/olgas_welt\/blog\/wp-json\/wp\/v2\/categories?post=4201"},{"taxonomy":"post_tag","embeddable":true,"href":"https:\/\/www.marvinchen.de\/olgas_welt\/blog\/wp-json\/wp\/v2\/tags?post=4201"}],"curies":[{"name":"wp","href":"https:\/\/api.w.org\/{rel}","templated":true}]}}