{"id":4211,"date":"2016-03-26T21:46:32","date_gmt":"2016-03-26T20:46:32","guid":{"rendered":"http:\/\/www.marvinchen.de\/olgas_welt\/blog\/?p=4211"},"modified":"2016-03-26T21:48:11","modified_gmt":"2016-03-26T20:48:11","slug":"alte-und-neue-geschichten","status":"publish","type":"post","link":"https:\/\/www.marvinchen.de\/olgas_welt\/blog\/2016\/03\/alte-und-neue-geschichten\/","title":{"rendered":"Alte und neue Geschichten"},"content":{"rendered":"<p>Wozu nutzt man in der Regel die Feiertage? Genau, um diverse Sachen zu Ende zu bringen, welche im Alltag immer wieder aufgeschoben waren. So haben auch wir die Osterzeit schon zu Beginn daf\u00fcr genutzt, unseren Jahresbericht f\u00fcr das Jahr 2015 fertig zu schreiben. Wie immer habe ich schon vor einigen Tagen den ersten Entwurf zusammengeschustert, Carsten hat diesen\u00a0dann\u00a0in eine lesbare und verst\u00e4ndlichere Form gebracht und die beiden Kinder wurden anschlie\u00dfend als Korrekturleser eingespannt. Nun ist unser pers\u00f6nlicher R\u00fcckblick auf das vergangene Jahr auf unserer Seite ver\u00f6ffentlicht und ab jetzt unter dem\u00a0passenden Klingelknopf\u00a0zu finden:<\/p>\n<p style=\"text-align: center;\"><a href=\"https:\/\/www.marvinchen.de\" target=\"_blank\"><img loading=\"lazy\" decoding=\"async\" class=\"aligncenter size-full wp-image-4221\" src=\"https:\/\/www.marvinchen.de\/olgas_welt\/blog\/wp-content\/uploads\/2016\/03\/klingel_2015_jahr.jpg\" alt=\"klingel_2015_jahr\" width=\"213\" height=\"58\" \/><\/a><\/p>\n<p>Die OLCAs w\u00fcnschen euch viel Spa\u00df beim Lesen\u00a0\u00a0\u00a0 \ud83d\ude42<\/p>\n<p>Und wozu nutzt man die Feiertage noch? Genau, um sich mit Freunden zu treffen und auch irgendetwas Neues zu entdecken. Also waren wir gestern mit Ines und Torsten unterwegs. Die beiden haben Carsten und mich zu einer \u00dcberraschungswanderung eingeladen. Mit dem Auto fuhren wir zum St\u00e4dtchen Liebstadt, um dort eine kleine Wanderung auf dem <a href=\"http:\/\/liebstadt2.blogspot.de\/p\/wanderrouten-in-der-urlaubsregion.html\" target=\"_blank\">Walter-Jobst-Lehrpfad<\/a> zu machen. Unterwegs haben wir sogar ab und an ein paar Schokoeier gefunden:<\/p>\n<p style=\"text-align: center;\"><img loading=\"lazy\" decoding=\"async\" class=\"aligncenter wp-image-4212\" src=\"https:\/\/www.marvinchen.de\/olgas_welt\/blog\/wp-content\/uploads\/2016\/03\/DSC06471_bearbeitet-1.jpg\" alt=\"DSC06471_bearbeitet-1\" width=\"560\" height=\"373\" srcset=\"https:\/\/www.marvinchen.de\/olgas_welt\/blog\/wp-content\/uploads\/2016\/03\/DSC06471_bearbeitet-1.jpg 800w, https:\/\/www.marvinchen.de\/olgas_welt\/blog\/wp-content\/uploads\/2016\/03\/DSC06471_bearbeitet-1-300x200.jpg 300w, https:\/\/www.marvinchen.de\/olgas_welt\/blog\/wp-content\/uploads\/2016\/03\/DSC06471_bearbeitet-1-768x512.jpg 768w\" sizes=\"auto, (max-width: 560px) 100vw, 560px\" \/><\/p>\n<p>Ein Teil der 5,5 km langen Strecke erinnerte uns sehr stark an einen echten Hexenwald aus dem M\u00e4rchen: B\u00e4ume standen nackt und leblos da, Moos breitete sich auf dem Gestein aus und auch die Tatsache, dass wenn man nicht aufpasste, man schnell vom Pfad abkommen und hinunterrutschen konnte, verlieh diesem Abschnitt etwas Respekteinfl\u00f6\u00dfendes:<\/p>\n<p style=\"text-align: center;\"><img loading=\"lazy\" decoding=\"async\" class=\"aligncenter wp-image-4213\" src=\"https:\/\/www.marvinchen.de\/olgas_welt\/blog\/wp-content\/uploads\/2016\/03\/DSC06478.jpg\" alt=\"DSC06478\" width=\"560\" height=\"315\" srcset=\"https:\/\/www.marvinchen.de\/olgas_welt\/blog\/wp-content\/uploads\/2016\/03\/DSC06478.jpg 850w, https:\/\/www.marvinchen.de\/olgas_welt\/blog\/wp-content\/uploads\/2016\/03\/DSC06478-300x169.jpg 300w, https:\/\/www.marvinchen.de\/olgas_welt\/blog\/wp-content\/uploads\/2016\/03\/DSC06478-800x450.jpg 800w, https:\/\/www.marvinchen.de\/olgas_welt\/blog\/wp-content\/uploads\/2016\/03\/DSC06478-768x432.jpg 768w\" sizes=\"auto, (max-width: 560px) 100vw, 560px\" \/><\/p>\n<p>Aber es ist alles gutgegangen und sp\u00e4ter haben unsere Ehem\u00e4nner, welche nat\u00fcrlich etwas schneller unterwegs waren als Ines und ich, eine Zeitlang\u00a0sogar noch eine andere Begleitung auf dem Wanderweg gehabt:<\/p>\n<p style=\"text-align: center;\"><img loading=\"lazy\" decoding=\"async\" class=\"aligncenter wp-image-4214\" src=\"https:\/\/www.marvinchen.de\/olgas_welt\/blog\/wp-content\/uploads\/2016\/03\/DSC06511.jpg\" alt=\"DSC06511\" width=\"560\" height=\"315\" srcset=\"https:\/\/www.marvinchen.de\/olgas_welt\/blog\/wp-content\/uploads\/2016\/03\/DSC06511.jpg 800w, https:\/\/www.marvinchen.de\/olgas_welt\/blog\/wp-content\/uploads\/2016\/03\/DSC06511-300x169.jpg 300w, https:\/\/www.marvinchen.de\/olgas_welt\/blog\/wp-content\/uploads\/2016\/03\/DSC06511-768x432.jpg 768w\" sizes=\"auto, (max-width: 560px) 100vw, 560px\" \/><\/p>\n<p>Die beiden Kinder haben in unseren Orangenh\u00e4lften eine ernstzunehmende Konkurrenz bei der Ostereiersuche gesehen und lie\u00dfen sie nicht aus den Augen bzw. versuchten sich immer wieder an die Spitze abzusetzen. Ihre Familien schlenderten derweil ganz entspannt hinter uns her.<\/p>\n<p>Am Ende des Rundgangs standen wir von einem weiteren H\u00f6hepunkt des Tages:\u00a0<a href=\"http:\/\/www.schlosskuckuckstein.de\/\" target=\"_blank\">Schloss Kuckuckstein<\/a><\/p>\n<p style=\"text-align: center;\"><img loading=\"lazy\" decoding=\"async\" class=\"aligncenter wp-image-4215\" src=\"https:\/\/www.marvinchen.de\/olgas_welt\/blog\/wp-content\/uploads\/2016\/03\/IMG_0150.jpg\" alt=\"IMG_0150\" width=\"420\" height=\"560\" srcset=\"https:\/\/www.marvinchen.de\/olgas_welt\/blog\/wp-content\/uploads\/2016\/03\/IMG_0150.jpg 600w, https:\/\/www.marvinchen.de\/olgas_welt\/blog\/wp-content\/uploads\/2016\/03\/IMG_0150-300x400.jpg 300w\" sizes=\"auto, (max-width: 420px) 100vw, 420px\" \/><\/p>\n<p>Ines und Torsten haben uns alle zu einer historischen Schlossf\u00fchrung angemeldet und das war eine echt tolle Idee! Der Geist der ehemaligen Hausherrin,\u00a0Maria Josepha\u00a0von Carlowitz, dessen Rolle die Schlo\u00dfverwalterin Michaela Kirstein absolut bezaubernd \u00fcbernommen hatte, f\u00fchrte uns durch diverse R\u00e4ume:<\/p>\n<p style=\"text-align: center;\"><img loading=\"lazy\" decoding=\"async\" class=\"aligncenter wp-image-4216\" src=\"https:\/\/www.marvinchen.de\/olgas_welt\/blog\/wp-content\/uploads\/2016\/03\/IMG_0193.jpg\" alt=\"IMG_0193\" width=\"420\" height=\"560\" srcset=\"https:\/\/www.marvinchen.de\/olgas_welt\/blog\/wp-content\/uploads\/2016\/03\/IMG_0193.jpg 600w, https:\/\/www.marvinchen.de\/olgas_welt\/blog\/wp-content\/uploads\/2016\/03\/IMG_0193-300x400.jpg 300w\" sizes=\"auto, (max-width: 420px) 100vw, 420px\" \/><\/p>\n<p>Ich sch\u00e4tze, ich bin bei Weitem nicht die Einzige in der Gruppe gewesen, welche ganz viel Mitleid mit unserer Schlossf\u00fchrerin\u00a0hatte, denn ihre Verkleidung ist an warmen Sommertagen bestimmt wesentlich passender. Die alten Gem\u00e4uer haben n\u00e4mlich noch die eisige Winterk\u00e4lte\u00a0in sich gespeichert, so dass\u00a0man in einigen R\u00e4umen beim Ausatmen Dampfw\u00f6lkchen aufsteigen\u00a0gesehen\u00a0hat. Ich habe meine Nase lieber in meinem Fleeceschal versteckt\u00a0\u00a0\u00a0 \ud83d\ude09<\/p>\n<p style=\"text-align: center;\"><img loading=\"lazy\" decoding=\"async\" class=\"aligncenter wp-image-4217\" src=\"https:\/\/www.marvinchen.de\/olgas_welt\/blog\/wp-content\/uploads\/2016\/03\/DSC06553.jpg\" alt=\"DSC06553\" width=\"560\" height=\"373\" srcset=\"https:\/\/www.marvinchen.de\/olgas_welt\/blog\/wp-content\/uploads\/2016\/03\/DSC06553.jpg 800w, https:\/\/www.marvinchen.de\/olgas_welt\/blog\/wp-content\/uploads\/2016\/03\/DSC06553-300x200.jpg 300w, https:\/\/www.marvinchen.de\/olgas_welt\/blog\/wp-content\/uploads\/2016\/03\/DSC06553-768x512.jpg 768w\" sizes=\"auto, (max-width: 560px) 100vw, 560px\" \/><\/p>\n<p>Bei diesen Temperaturen wusste man auch nicht so recht, ob man auf so ein sch\u00f6n eingerichtetes Frauenzimmer wirklich neidisch sein m\u00f6chte, denn lange an diesem wundersch\u00f6nen Tisch zu sitzen und Tee bei einem Schwatz zu trinken, war bestimmt nicht jederzeit m\u00f6glich &#8230; zumindest nicht in den hauchd\u00fcnnen, seidenen Kleidern der Empire-Zeit in der Art, wie sie unsere Schlossherrin getragen hat:<\/p>\n<p style=\"text-align: center;\"><img loading=\"lazy\" decoding=\"async\" class=\"aligncenter wp-image-4218\" src=\"https:\/\/www.marvinchen.de\/olgas_welt\/blog\/wp-content\/uploads\/2016\/03\/IMG_0228.jpg\" alt=\"IMG_0228\" width=\"560\" height=\"373\" srcset=\"https:\/\/www.marvinchen.de\/olgas_welt\/blog\/wp-content\/uploads\/2016\/03\/IMG_0228.jpg 800w, https:\/\/www.marvinchen.de\/olgas_welt\/blog\/wp-content\/uploads\/2016\/03\/IMG_0228-300x200.jpg 300w, https:\/\/www.marvinchen.de\/olgas_welt\/blog\/wp-content\/uploads\/2016\/03\/IMG_0228-768x512.jpg 768w\" sizes=\"auto, (max-width: 560px) 100vw, 560px\" \/><\/p>\n<p>Es war auf jeden Fall trotz der erfrischenden Temperaturen in den R\u00e4umen ein unbeschreiblich sch\u00f6nes Erlebnis! Ich muss\u00a0einen Besuch auf diesem Schloss auf jeden Fall sehr empfehlen, allerdings kann man das Geb\u00e4ude nur zu bestimmten Anl\u00e4ssen, wie z.B. angek\u00fcndigte oder gebuchte F\u00fchrungen, der eigenen Hochzeit (man kann sich auch direkt im Schloss trauen lassen)\u00a0oder anderen eigenen Feiern besichtigen.<\/p>\n<p>Nach der F\u00fchrung g\u00f6nnten wir uns noch einen w\u00e4rmenden Kaffee und leckeren Kuchen im Schlosscaf\u00e9. Danach war das von den Walzogs geplante &#8222;Programm&#8220; an und f\u00fcr sich zu Ende, da wir uns aber noch nicht komplett leergequatscht hatten, kehrten wir etwa um halb vier in deren K\u00fcche ein. Verabschiedet haben wir uns letztendlich erst\u00a0nach vielen interessanten Gespr\u00e4chen, einem gutem Essen, Wein, Whiskey und viel Gel\u00e4chter kurz vor\u00a0Mitternacht. Anne, die Tochter der Beiden hat zwischenzeitlich zwei Osterbrote gebacken und eines davon an uns vier\u00a0&#8222;gespendet&#8220;:<\/p>\n<p style=\"text-align: center;\"><img loading=\"lazy\" decoding=\"async\" class=\"aligncenter wp-image-4219\" src=\"https:\/\/www.marvinchen.de\/olgas_welt\/blog\/wp-content\/uploads\/2016\/03\/WPM6A23.jpg\" alt=\"WPM$6A23\" width=\"560\" height=\"374\" srcset=\"https:\/\/www.marvinchen.de\/olgas_welt\/blog\/wp-content\/uploads\/2016\/03\/WPM6A23.jpg 800w, https:\/\/www.marvinchen.de\/olgas_welt\/blog\/wp-content\/uploads\/2016\/03\/WPM6A23-300x200.jpg 300w, https:\/\/www.marvinchen.de\/olgas_welt\/blog\/wp-content\/uploads\/2016\/03\/WPM6A23-768x513.jpg 768w\" sizes=\"auto, (max-width: 560px) 100vw, 560px\" \/><\/p>\n<p>Das war genau so lecker wie es aussieht! Erst als die letzte Rosine aufgegessen war und uns der Blick auf die Uhr verriet, dass es nun doch an der Zeit ist, nach Hause zu fahren, l\u00f6sten wir unsere Runde auf.<\/p>\n<p>Der gestrige\u00a0Tag l\u00e4sst sich wohl auf S\u00e4chsisch am besten beschreiben: Schee war&#8217;s \u00a0 \u00a0\ud83d\ude00 !<\/p>\n","protected":false},"excerpt":{"rendered":"<p>Wozu nutzt man in der Regel die Feiertage? Genau, um diverse Sachen zu Ende zu bringen, welche im Alltag immer wieder aufgeschoben waren. So haben auch wir die Osterzeit schon zu Beginn daf\u00fcr genutzt, unseren Jahresbericht f\u00fcr das Jahr 2015 fertig zu schreiben. Wie immer habe ich schon vor einigen Tagen den ersten Entwurf zusammengeschustert, [&hellip;]<\/p>\n","protected":false},"author":3,"featured_media":0,"comment_status":"open","ping_status":"closed","sticky":false,"template":"","format":"standard","meta":{"ngg_post_thumbnail":0,"footnotes":""},"categories":[3,5,4,7,1],"tags":[16,1156,523,14,1102,853,151,317,13,34,585,15,901,1235,248],"class_list":["post-4211","post","type-post","status-publish","format-standard","hentry","category-ausfluege-und-reisen","category-essen-und-trinken","category-freud-und-leid","category-freunde-und-co","category-olca-und-stan","tag-andrea","tag-anne","tag-ausflug","tag-carsten","tag-fuehrung","tag-ines","tag-jahresbericht","tag-kinder","tag-olga","tag-ostern","tag-schlos","tag-stephanie","tag-torsten","tag-walzog","tag-wandern"],"_links":{"self":[{"href":"https:\/\/www.marvinchen.de\/olgas_welt\/blog\/wp-json\/wp\/v2\/posts\/4211","targetHints":{"allow":["GET"]}}],"collection":[{"href":"https:\/\/www.marvinchen.de\/olgas_welt\/blog\/wp-json\/wp\/v2\/posts"}],"about":[{"href":"https:\/\/www.marvinchen.de\/olgas_welt\/blog\/wp-json\/wp\/v2\/types\/post"}],"author":[{"embeddable":true,"href":"https:\/\/www.marvinchen.de\/olgas_welt\/blog\/wp-json\/wp\/v2\/users\/3"}],"replies":[{"embeddable":true,"href":"https:\/\/www.marvinchen.de\/olgas_welt\/blog\/wp-json\/wp\/v2\/comments?post=4211"}],"version-history":[{"count":0,"href":"https:\/\/www.marvinchen.de\/olgas_welt\/blog\/wp-json\/wp\/v2\/posts\/4211\/revisions"}],"wp:attachment":[{"href":"https:\/\/www.marvinchen.de\/olgas_welt\/blog\/wp-json\/wp\/v2\/media?parent=4211"}],"wp:term":[{"taxonomy":"category","embeddable":true,"href":"https:\/\/www.marvinchen.de\/olgas_welt\/blog\/wp-json\/wp\/v2\/categories?post=4211"},{"taxonomy":"post_tag","embeddable":true,"href":"https:\/\/www.marvinchen.de\/olgas_welt\/blog\/wp-json\/wp\/v2\/tags?post=4211"}],"curies":[{"name":"wp","href":"https:\/\/api.w.org\/{rel}","templated":true}]}}