{"id":4246,"date":"2016-04-11T20:49:33","date_gmt":"2016-04-11T18:49:33","guid":{"rendered":"http:\/\/www.marvinchen.de\/olgas_welt\/blog\/?p=4246"},"modified":"2016-04-11T20:49:33","modified_gmt":"2016-04-11T18:49:33","slug":"highlights-der-letzten-tage","status":"publish","type":"post","link":"https:\/\/www.marvinchen.de\/olgas_welt\/blog\/2016\/04\/highlights-der-letzten-tage\/","title":{"rendered":"Highlights der letzten Tage"},"content":{"rendered":"<p>In den vergangenen 2 Wochen gab es in meinem Leben jede Menge Highlights. Sie m\u00fcssen f\u00fcr mich nicht so wahnsinnig riesig sein, denn ich freue mich auch \u00fcber die kleinen H\u00f6hepunkte des Lebens von Herzen und will sie nat\u00fcrlich mit meinen Mitmenschen teilen. Also fangen wir einfach mal damit an\u00a0\u00a0\u00a0 \ud83d\ude42<\/p>\n<ul>\n<li>Ich habe in einem <a href=\"https:\/\/www.marvinchen.de\/olgas_welt\/blog\/2016\/03\/schnelle-fuesse-phrasen-mit-wein-und-blutvergiessen-im-tv\/\" target=\"_blank\">Blogeintrag<\/a>\u00a0im M\u00e4rz \u00fcber einen Fernsehauftritt von unserer Kleinen \/ Stephanie berichtet. Nun kann ich auch mit unserer Gro\u00dfen \/ Andrea genau so angeben. Sie hat es zwar\u00a0nicht ins Fernsehen geschafft, daf\u00fcr aber ins Radio. Beim MDR gab es neulich einen <a href=\"http:\/\/www.mdr.de\/sachsen\/dresden\/eltern-kind-buero-rockzipfel-dresden-100.html\" target=\"_blank\">Beitrag<\/a> \u00fcber ein ehrenamtliches Projekt namens <a href=\"https:\/\/www.rockzipfel-dresden.de\/\" target=\"_blank\">Rockzipfel<\/a>. Und weil Andrea diesen Verein seit September letzten Jahres unterst\u00fctzt, kam sie in dem Beitrag sogar zu Wort und wird auch im Text namentlich erw\u00e4hnt. Ich bin echt stolz auf meine Gro\u00dfe!<br \/>\n&#8230; leider gibt es den Radiomitschnitt nur noch als Datei, denn er\u00a0ist nicht mehr mit auf der Webseite zu finden.<\/li>\n<li>Am 1. April bin ich mit Anna zu einem Konzert\u00a0der Gruppe\u00a0<a href=\"http:\/\/pandoraofficalcont.wix.com\/project-pandora\" target=\"_blank\">Project Pandora<\/a> in den Club\u00a0<a href=\"http:\/\/www.liveclub-dresden.de\/\" target=\"_blank\">Tante Ju <\/a> gegangen. F\u00fcr mich ist das Besondere an dieser Gruppe, dass den Gesang mein ehemaliger Arbeitskollege, Daniel Zieschang, \u00fcbernommen hat. Ich wusste schon lange, dass er singen kann, nur hatte ich ihn bis dato noch nie auf der B\u00fchne gesehen. Nun kann ich hinter diesem Wunsch auch ein H\u00e4kchen setzen \u00a0 \u00a0\ud83d\ude09<\/li>\n<\/ul>\n<p style=\"text-align: center;\"><img loading=\"lazy\" decoding=\"async\" class=\"aligncenter wp-image-4247\" src=\"https:\/\/www.marvinchen.de\/olgas_welt\/blog\/wp-content\/uploads\/2016\/04\/Pandora.jpg\" alt=\"Pandora\" width=\"560\" height=\"420\" srcset=\"https:\/\/www.marvinchen.de\/olgas_welt\/blog\/wp-content\/uploads\/2016\/04\/Pandora.jpg 800w, https:\/\/www.marvinchen.de\/olgas_welt\/blog\/wp-content\/uploads\/2016\/04\/Pandora-300x225.jpg 300w, https:\/\/www.marvinchen.de\/olgas_welt\/blog\/wp-content\/uploads\/2016\/04\/Pandora-768x576.jpg 768w\" sizes=\"auto, (max-width: 560px) 100vw, 560px\" \/><\/p>\n<ul>\n<li>Logischerweise kamen auch einige andere Kollegen von meiner vorherigen Arbeitsstelle dazu, um Daniel und seine Mitstreiter auf der B\u00fchne zu unterst\u00fctzen. Es war ein fr\u00f6hliches Wiedersehen und nat\u00fcrlich haben wir die Zeit genutzt, um\u00a0alles zu bequatschen, was seit meinem Abschied im September letzten Jahres passiert ist. Es war echt sch\u00f6n, euch wieder zu sehen !<\/li>\n<\/ul>\n<p style=\"text-align: center;\"><img loading=\"lazy\" decoding=\"async\" class=\"aligncenter wp-image-4248\" src=\"https:\/\/www.marvinchen.de\/olgas_welt\/blog\/wp-content\/uploads\/2016\/04\/Kartenkollegen.jpg\" alt=\"Kartenkollegen\" width=\"560\" height=\"420\" srcset=\"https:\/\/www.marvinchen.de\/olgas_welt\/blog\/wp-content\/uploads\/2016\/04\/Kartenkollegen.jpg 800w, https:\/\/www.marvinchen.de\/olgas_welt\/blog\/wp-content\/uploads\/2016\/04\/Kartenkollegen-300x225.jpg 300w, https:\/\/www.marvinchen.de\/olgas_welt\/blog\/wp-content\/uploads\/2016\/04\/Kartenkollegen-768x576.jpg 768w\" sizes=\"auto, (max-width: 560px) 100vw, 560px\" \/><\/p>\n<ul>\n<li>An einem sch\u00f6nen Mittwochnachmittag sind Andrea und ich zu einem Lagerverkauf von <a href=\"https:\/\/www.tranquillo-shop.de\/de\/Home\/\" target=\"_blank\">Tranquillo<\/a>\u00a0gegangen. Am Ende waren wir beide mit unseren Schn\u00e4ppchen so gl\u00fccklich, dass wir uns noch einen Kaffee und Kuchen im <a href=\"http:\/\/www.elbsalon.com\/\" target=\"_blank\">Elbsalon<\/a>\u00a0auf der K\u00f6nigsbr\u00fccker Stra\u00dfe (gegen\u00fcber vom Kino <a href=\"http:\/\/www.schauburg-dresden.de\/\" target=\"_blank\">Schauburg<\/a>) g\u00f6nnten. Diese Lokalit\u00e4t hat mich definitiv nicht zum letzten Mal gesehen &#8211; das Essen dort fand ich echt lecker und das Preis-Leistungs-Verh\u00e4ltnis stimmt ebenfalls.<\/li>\n<li>Am gleichen Abend trafen Carsten und ich noch seinen Cousin Michael, welcher einer Fortbildung wegen gerade in Dresden weilte. Und da das Wetter so sch\u00f6n war, haben wir zu dritt schon mal die Biergartenzeit f\u00fcr uns er\u00f6ffnet &#8211; <a href=\"http:\/\/www.faehrgarten.de\/\" target=\"_blank\">F\u00e4hrgarten Johannstadt<\/a> sei Dank!<\/li>\n<\/ul>\n<p style=\"text-align: center;\"><img loading=\"lazy\" decoding=\"async\" class=\"aligncenter wp-image-4249\" src=\"https:\/\/www.marvinchen.de\/olgas_welt\/blog\/wp-content\/uploads\/2016\/04\/Biergarten.jpg\" alt=\"Biergarten\" width=\"560\" height=\"420\" srcset=\"https:\/\/www.marvinchen.de\/olgas_welt\/blog\/wp-content\/uploads\/2016\/04\/Biergarten.jpg 800w, https:\/\/www.marvinchen.de\/olgas_welt\/blog\/wp-content\/uploads\/2016\/04\/Biergarten-300x225.jpg 300w, https:\/\/www.marvinchen.de\/olgas_welt\/blog\/wp-content\/uploads\/2016\/04\/Biergarten-768x576.jpg 768w\" sizes=\"auto, (max-width: 560px) 100vw, 560px\" \/><\/p>\n<ul>\n<li>Am Dienstag, den 5. April, habe ich meinen neuen Russisch-Kurs angefangen. Die Gruppe ist wie immer gemischt, aber ich denke, wir werden zusammen noch sehr viel Spa\u00df beim Lernen der Vokabeln und Grammatik haben, denn die Leute sind wirklich gut drauf! Nun bin ich bis Ende Juni mal wieder an jedem einzelnen Dienstagabend f\u00fcr alle anderen Aktivit\u00e4ten\u00a0nicht verf\u00fcgbar\u00a0\u00a0\u00a0 \ud83d\ude09<\/li>\n<li>Am Samstag gingen\u00a0Carsten und ich erneut bei\u00a0einer Igel-Tour mit und nun wissen wir dank einer F\u00fchrung von <a href=\"http:\/\/igeltour-dresden.de\/index.php\/ueber-uns\/rundgangsleiter-inen\/43-frank-frenzel\" target=\"_blank\">Frank Frenzel<\/a>, wo genau der <a href=\"https:\/\/de.wikipedia.org\/wiki\/Kaitzbach\" target=\"_blank\">Kaitzbach<\/a> entspringt (die Quelle kann man auf dem Foto unten sehen)\u00a0und wie sein Weg bis zum <a href=\"http:\/\/dresdner-baeder.de\/freibaeder\/naturbad-mockritz\/\" target=\"_blank\">Mockritzbad<\/a> verl\u00e4uft. Das ist aber nur die H\u00e4lfte seines Weges, denn diese Igel-Tour ist zweigeteilt und den letzten Abschnitt\u00a0haben wir bereits im Juni 2015 absolviert &#8211; also vom Mockritzbad \u00fcber den Gro\u00dfen Garten, in welchem alle drei Zierteiche von eben diesem Kaitzbach gespeist werden, bis zur <a href=\"https:\/\/de.wikipedia.org\/wiki\/B%C3%BCrgerwiese\" target=\"_blank\">B\u00fcrgerwiese<\/a>. Aber eigentlich ist nicht mal das das eigentliche Ende des Bachlaufs, denn er f\u00fcgt sein Wasser zum Abschluss auch noch an\u00a0der Carolabr\u00fccke der Elbe zu. Er verl\u00e4uft dorthin allerdings fast nur noch unterirdisch durch Rohre und ist somit auf seinen letzten Kilometern v\u00f6llig unerkannt. Damals wie diesmal eine sehr interessante Tour, so dass 3 Stunden und 7 km sehr schnell vor\u00fcber gewesen\u00a0sind\u00a0 \u00a0 \ud83d\ude42<\/li>\n<\/ul>\n<p style=\"text-align: center;\"><img loading=\"lazy\" decoding=\"async\" class=\"aligncenter wp-image-4250\" src=\"https:\/\/www.marvinchen.de\/olgas_welt\/blog\/wp-content\/uploads\/2016\/04\/Kaitzbach.jpg\" alt=\"Kaitzbach\" width=\"560\" height=\"420\" srcset=\"https:\/\/www.marvinchen.de\/olgas_welt\/blog\/wp-content\/uploads\/2016\/04\/Kaitzbach.jpg 800w, https:\/\/www.marvinchen.de\/olgas_welt\/blog\/wp-content\/uploads\/2016\/04\/Kaitzbach-300x225.jpg 300w, https:\/\/www.marvinchen.de\/olgas_welt\/blog\/wp-content\/uploads\/2016\/04\/Kaitzbach-768x576.jpg 768w\" sizes=\"auto, (max-width: 560px) 100vw, 560px\" \/><\/p>\n<ul>\n<li>Wir waren am letzten Samstag zum runden Geburtstag von Torsten eingeladen. Ist schon irgendwie komisch, dass im Freundeskreis die Zahlen der Geburtstage neuerdings mit einer 5 beginnen. Aber diese Zahl sieht man den (meisten) Leuten zum Gl\u00fcck nicht an\u00a0\u00a0\u00a0 \ud83d\ude09<br \/>\nNochmals alles, alles Liebe zu deinem Ehrentag, lieber Torsten!<\/li>\n<li>Last but not least: unsere Pl\u00fcschtierfamilie hat ziemlich unerwartet Zuwachs bekommen. Drei Wochen lang sind Carsten und ich an dem Schaufenster eines Spielzeugladens in unserer N\u00e4he vorbeigetigert bis wir uns eines sehns\u00fcchtig wartenden Tieres erbarmt und es gekauft haben. Und wer denkt, das es mal wieder ein B\u00e4r geworden ist, der liegt diesmal total falsch. Wir haben uns einen weiteren Wombat ins Haus geholt\u00a0\u00a0\u00a0 \ud83d\ude00<br \/>\nSo hat der original-australische Wombat, welchen wir 2010 in Hahndorf\u00a0(bei Adelaide) gekauft und nach Hause eingeschifft\u00a0haben, nun eine Freundin namens Wombatine an seiner Seite \u00a0 \u00a0\ud83d\ude09 \u00a0 \u00a0sie ist die dralle Sch\u00f6nheit auf dem Foto links &#8230; hat also dickeres und l\u00e4ngeres\u00a0Fell, l\u00e4ngere Krallen, ein runderes Gesicht und einen richtig weiblichen Pops &#8211; es konnte also nur ein M\u00e4del\u00a0sein\u00a0\u00a0\u00a0 \ud83d\ude09<\/li>\n<\/ul>\n<p style=\"text-align: center;\"><img loading=\"lazy\" decoding=\"async\" class=\"aligncenter wp-image-4251\" src=\"https:\/\/www.marvinchen.de\/olgas_welt\/blog\/wp-content\/uploads\/2016\/04\/wombats.jpg\" alt=\"wombats\" width=\"560\" height=\"420\" srcset=\"https:\/\/www.marvinchen.de\/olgas_welt\/blog\/wp-content\/uploads\/2016\/04\/wombats.jpg 800w, https:\/\/www.marvinchen.de\/olgas_welt\/blog\/wp-content\/uploads\/2016\/04\/wombats-300x225.jpg 300w, https:\/\/www.marvinchen.de\/olgas_welt\/blog\/wp-content\/uploads\/2016\/04\/wombats-768x576.jpg 768w\" sizes=\"auto, (max-width: 560px) 100vw, 560px\" \/><\/p>\n<p>Nun glaube ich, dass ich alles berichtet habe, was ich euch erz\u00e4hlen wollte\u00a0\u00a0\u00a0 \ud83d\ude42<br \/>\nWar doch schon allerhand, oder? Ich hoffe, eure Tage sind derzeit genau so mit vielen kleinen Highlights gef\u00fcllt. Vielleicht erz\u00e4hlt ihr mir auch mal bei Gelegenheit davon &#8211; ich w\u00fcrde mich freuen!<\/p>\n","protected":false},"excerpt":{"rendered":"<p>In den vergangenen 2 Wochen gab es in meinem Leben jede Menge Highlights. Sie m\u00fcssen f\u00fcr mich nicht so wahnsinnig riesig sein, denn ich freue mich auch \u00fcber die kleinen H\u00f6hepunkte des Lebens von Herzen und will sie nat\u00fcrlich mit meinen Mitmenschen teilen. Also fangen wir einfach mal damit an\u00a0\u00a0\u00a0 \ud83d\ude42 Ich habe in einem [&hellip;]<\/p>\n","protected":false},"author":3,"featured_media":0,"comment_status":"open","ping_status":"closed","sticky":false,"template":"","format":"standard","meta":{"ngg_post_thumbnail":0,"footnotes":""},"categories":[3,478,5,4,7,17,1],"tags":[16,1006,14,1242,1240,260,430,464,53,925,792,159,809,1237,1241,13,1045,1238,1243,558,15,515,1239,579],"class_list":["post-4246","post","type-post","status-publish","format-standard","hentry","category-ausfluege-und-reisen","category-bariges-leben","category-essen-und-trinken","category-freud-und-leid","category-freunde-und-co","category-kauderwelsch-und-muttersprache","category-olca-und-stan","tag-andrea","tag-biergarten","tag-carsten","tag-cousin","tag-ehemalig","tag-essen","tag-familie","tag-feiern","tag-geburtstag","tag-igeltour","tag-kaffee","tag-kollegen","tag-konzert","tag-mdr","tag-neuzugang","tag-olga","tag-plueschtier","tag-radio","tag-rockzipfel","tag-shoppen","tag-stephanie","tag-trinken","tag-wanderen","tag-wombat"],"_links":{"self":[{"href":"https:\/\/www.marvinchen.de\/olgas_welt\/blog\/wp-json\/wp\/v2\/posts\/4246","targetHints":{"allow":["GET"]}}],"collection":[{"href":"https:\/\/www.marvinchen.de\/olgas_welt\/blog\/wp-json\/wp\/v2\/posts"}],"about":[{"href":"https:\/\/www.marvinchen.de\/olgas_welt\/blog\/wp-json\/wp\/v2\/types\/post"}],"author":[{"embeddable":true,"href":"https:\/\/www.marvinchen.de\/olgas_welt\/blog\/wp-json\/wp\/v2\/users\/3"}],"replies":[{"embeddable":true,"href":"https:\/\/www.marvinchen.de\/olgas_welt\/blog\/wp-json\/wp\/v2\/comments?post=4246"}],"version-history":[{"count":0,"href":"https:\/\/www.marvinchen.de\/olgas_welt\/blog\/wp-json\/wp\/v2\/posts\/4246\/revisions"}],"wp:attachment":[{"href":"https:\/\/www.marvinchen.de\/olgas_welt\/blog\/wp-json\/wp\/v2\/media?parent=4246"}],"wp:term":[{"taxonomy":"category","embeddable":true,"href":"https:\/\/www.marvinchen.de\/olgas_welt\/blog\/wp-json\/wp\/v2\/categories?post=4246"},{"taxonomy":"post_tag","embeddable":true,"href":"https:\/\/www.marvinchen.de\/olgas_welt\/blog\/wp-json\/wp\/v2\/tags?post=4246"}],"curies":[{"name":"wp","href":"https:\/\/api.w.org\/{rel}","templated":true}]}}