{"id":4270,"date":"2016-04-25T21:02:46","date_gmt":"2016-04-25T19:02:46","guid":{"rendered":"http:\/\/www.marvinchen.de\/olgas_welt\/blog\/?p=4270"},"modified":"2016-04-25T21:02:46","modified_gmt":"2016-04-25T19:02:46","slug":"ein-uneigennuetziges-geburtstagsgeschenk","status":"publish","type":"post","link":"https:\/\/www.marvinchen.de\/olgas_welt\/blog\/2016\/04\/ein-uneigennuetziges-geburtstagsgeschenk\/","title":{"rendered":"Ein uneigenn\u00fctziges Geburtstagsgeschenk"},"content":{"rendered":"<p>Ich habe in <a href=\"https:\/\/www.marvinchen.de\/olgas_welt\/blog\/2015\/07\/ferien-und-feiern\/\" target=\"_blank\">Juli 2015<\/a>\u00a0dar\u00fcber berichtet, dass meine beste Freundin Anna ihren runden Geburtstag gefeiert hat. Da man in unserem Alter\u00a0\u00a0\u00a0 \ud83d\ude09 \u00a0 \u00a0eigentlich schon alles an Gegenst\u00e4nden hat, was man so zu brauchen meint, schenkten Carsten und ich ihr eben den Gutschein f\u00fcr einen gemeinsamen Wochenendausflug.\u00a0Weil Anna bislang noch nie an der Ostsee und somit erst recht nicht auf der Insel R\u00fcgen war, haben wir uns nach gemeinsamer Absprache kurzerhand dieses Ziel f\u00fcr das Einl\u00f6sen des Gutscheins auserkoren. Und am vergangenen Wochenende, welches wir durch einen Abbau von\u00a0\u00dcberstunden am Freitag noch um einen weiteren Tag\u00a0verl\u00e4ngern konnten,\u00a0war es endlich soweit. Ehrlich gesagt, war ich in Bezug auf das Wetter auf der Insel sehr skeptisch, denn f\u00fcr mich waren meine\u00a0beiden bisherigen Versuche, einen sch\u00f6nen Sommerurlaub darauf zu verbringen, total ins (Regen-)Wasser gefallen. Aber f\u00fcr meine Anna hat sich die Insel diesmal wettertechnisch\u00a0wirklich sehr ins Zeug gelegt!<\/p>\n<p>Es war zwar nicht so wahnsinnig warm (wir haben schlie\u00dflich April !), aber es war sonnig und nur darauf kam es uns letzten Endes auch an. Wir wussten durch Wettervorhersagen, dass es k\u00fchl und zum Teil recht windig sein w\u00fcrde und dagegen kann man ja mit passenden Klamotten ziemlich leicht etwas unternehmen\u00a0\u00a0\u00a0 \ud83d\ude42<\/p>\n<p>Kaum angekommen, war der Sandstrand in Binz perfekt daf\u00fcr, um gleich nach einer langen Fahrt die Schuhe auszuziehen und barfu\u00df auf dem feinen Sand einen entspannten Spaziergang zu machen:<\/p>\n<p style=\"text-align: center;\"><img loading=\"lazy\" decoding=\"async\" class=\"aligncenter wp-image-4271\" src=\"https:\/\/www.marvinchen.de\/olgas_welt\/blog\/wp-content\/uploads\/2016\/04\/IMG_0093.jpg\" alt=\"IMG_0093\" width=\"560\" height=\"420\" srcset=\"https:\/\/www.marvinchen.de\/olgas_welt\/blog\/wp-content\/uploads\/2016\/04\/IMG_0093.jpg 800w, https:\/\/www.marvinchen.de\/olgas_welt\/blog\/wp-content\/uploads\/2016\/04\/IMG_0093-300x225.jpg 300w, https:\/\/www.marvinchen.de\/olgas_welt\/blog\/wp-content\/uploads\/2016\/04\/IMG_0093-768x576.jpg 768w\" sizes=\"auto, (max-width: 560px) 100vw, 560px\" \/><\/p>\n<p>Eine Runde Aperol Spritz im Strandkorb machte danach bei\u00a0freundlichem Sonnenschein nicht weniger Spa\u00df!<\/p>\n<p style=\"text-align: center;\"><img loading=\"lazy\" decoding=\"async\" class=\"aligncenter wp-image-4272\" src=\"https:\/\/www.marvinchen.de\/olgas_welt\/blog\/wp-content\/uploads\/2016\/04\/IMG_0161.jpg\" alt=\"IMG_0161\" width=\"560\" height=\"420\" srcset=\"https:\/\/www.marvinchen.de\/olgas_welt\/blog\/wp-content\/uploads\/2016\/04\/IMG_0161.jpg 800w, https:\/\/www.marvinchen.de\/olgas_welt\/blog\/wp-content\/uploads\/2016\/04\/IMG_0161-300x225.jpg 300w, https:\/\/www.marvinchen.de\/olgas_welt\/blog\/wp-content\/uploads\/2016\/04\/IMG_0161-768x576.jpg 768w\" sizes=\"auto, (max-width: 560px) 100vw, 560px\" \/><\/p>\n<p>Wir haben allerdings nicht nur die sch\u00f6nen Sandstr\u00e4nde in Binz, Sellin und Juliusruh besucht, sondern auch die gef\u00fchlt\u00a0unendlichen Weiten der\u00a0<a href=\"https:\/\/de.wikivoyage.org\/wiki\/Feuersteinfelder_(R%C3%BCgen)\" target=\"_blank\">Feuersteinfelder<\/a>\u00a0in der N\u00e4he von Prora:<\/p>\n<p style=\"text-align: center;\"><img loading=\"lazy\" decoding=\"async\" class=\"aligncenter wp-image-4273\" src=\"https:\/\/www.marvinchen.de\/olgas_welt\/blog\/wp-content\/uploads\/2016\/04\/IMG_0514.jpg\" alt=\"IMG_0514\" width=\"560\" height=\"373\" srcset=\"https:\/\/www.marvinchen.de\/olgas_welt\/blog\/wp-content\/uploads\/2016\/04\/IMG_0514.jpg 800w, https:\/\/www.marvinchen.de\/olgas_welt\/blog\/wp-content\/uploads\/2016\/04\/IMG_0514-300x200.jpg 300w, https:\/\/www.marvinchen.de\/olgas_welt\/blog\/wp-content\/uploads\/2016\/04\/IMG_0514-768x512.jpg 768w\" sizes=\"auto, (max-width: 560px) 100vw, 560px\" \/><\/p>\n<p>Dort haben wir allerhand hei\u00dfbegehrte, weil gl\u00fccksbringende\u00a0<a href=\"https:\/\/de.wikipedia.org\/wiki\/H%C3%BChnergott\" target=\"_blank\">H\u00fchnerg\u00f6tter<\/a> gefunden:<\/p>\n<p style=\"text-align: center;\"><img loading=\"lazy\" decoding=\"async\" class=\"aligncenter wp-image-4274\" src=\"https:\/\/www.marvinchen.de\/olgas_welt\/blog\/wp-content\/uploads\/2016\/04\/IMG_0528.jpg\" alt=\"IMG_0528\" width=\"560\" height=\"420\" srcset=\"https:\/\/www.marvinchen.de\/olgas_welt\/blog\/wp-content\/uploads\/2016\/04\/IMG_0528.jpg 800w, https:\/\/www.marvinchen.de\/olgas_welt\/blog\/wp-content\/uploads\/2016\/04\/IMG_0528-300x225.jpg 300w, https:\/\/www.marvinchen.de\/olgas_welt\/blog\/wp-content\/uploads\/2016\/04\/IMG_0528-768x576.jpg 768w\" sizes=\"auto, (max-width: 560px) 100vw, 560px\" \/><\/p>\n<p>Manche Besucher dieser Gegend vor uns\u00a0waren richtig romantisch-kreativ und sehr geduldig beim Vollenden ihres Werks. Ich hoffe, die Form ist trotz, dass mein Mann und ich darauf sitzen, leicht erkennbar\u00a0\u00a0\u00a0\u00a0 \ud83d\ude09<\/p>\n<p style=\"text-align: center;\"><img loading=\"lazy\" decoding=\"async\" class=\"aligncenter wp-image-4275\" src=\"https:\/\/www.marvinchen.de\/olgas_welt\/blog\/wp-content\/uploads\/2016\/04\/IMG_0537.jpg\" alt=\"IMG_0537\" width=\"560\" height=\"420\" srcset=\"https:\/\/www.marvinchen.de\/olgas_welt\/blog\/wp-content\/uploads\/2016\/04\/IMG_0537.jpg 800w, https:\/\/www.marvinchen.de\/olgas_welt\/blog\/wp-content\/uploads\/2016\/04\/IMG_0537-300x225.jpg 300w, https:\/\/www.marvinchen.de\/olgas_welt\/blog\/wp-content\/uploads\/2016\/04\/IMG_0537-768x576.jpg 768w\" sizes=\"auto, (max-width: 560px) 100vw, 560px\" \/><\/p>\n<p>Anna zog dem kleinen Feuersteingekr\u00fcmmel doch lieber\u00a0etwas gr\u00f6\u00dfere Steine am Strand im Norden der Insel vor \u00a0 \u00a0\ud83d\ude00<\/p>\n<p style=\"text-align: center;\"><img loading=\"lazy\" decoding=\"async\" class=\"aligncenter wp-image-4276\" src=\"https:\/\/www.marvinchen.de\/olgas_welt\/blog\/wp-content\/uploads\/2016\/04\/IMG_1239.jpg\" alt=\"IMG_1239\" width=\"560\" height=\"420\" srcset=\"https:\/\/www.marvinchen.de\/olgas_welt\/blog\/wp-content\/uploads\/2016\/04\/IMG_1239.jpg 800w, https:\/\/www.marvinchen.de\/olgas_welt\/blog\/wp-content\/uploads\/2016\/04\/IMG_1239-300x225.jpg 300w, https:\/\/www.marvinchen.de\/olgas_welt\/blog\/wp-content\/uploads\/2016\/04\/IMG_1239-768x576.jpg 768w\" sizes=\"auto, (max-width: 560px) 100vw, 560px\" \/><\/p>\n<p>Jedenfalls gibt dieses Schild unsere Gef\u00fchlslage in den vergangenen 3 Tagen bestens wieder:<\/p>\n<p style=\"text-align: center;\"><img loading=\"lazy\" decoding=\"async\" class=\"aligncenter wp-image-4277\" src=\"https:\/\/www.marvinchen.de\/olgas_welt\/blog\/wp-content\/uploads\/2016\/04\/IMG_0992.jpg\" alt=\"IMG_0992\" width=\"420\" height=\"560\" srcset=\"https:\/\/www.marvinchen.de\/olgas_welt\/blog\/wp-content\/uploads\/2016\/04\/IMG_0992.jpg 600w, https:\/\/www.marvinchen.de\/olgas_welt\/blog\/wp-content\/uploads\/2016\/04\/IMG_0992-300x400.jpg 300w\" sizes=\"auto, (max-width: 420px) 100vw, 420px\" \/><\/p>\n<p>Es waren wundervolle Tage, wir hatten wirklich sehr viel Spa\u00df zusammen und weil wir alle drei Fr\u00fchaufsteher sind, hatten wir am Ende noch mehr Zeit, um so viel, wie es in solch kurzer Zeit \u00fcberhaupt\u00a0geht, zu erforschen. Au\u00dferdem waren wir au\u00dferhalb der Hauptsaison dort und deswegen fanden wir zum Teil nahezu menschenleere Str\u00e4nde vor &#8211; das war einfach traumhaft! Und so\u00a0wie es aussieht, hat\u00a0Anna diese Insel wahrlich in ihr\u00a0Herz geschlossen und wird vermutlich fr\u00fcher oder sp\u00e4ter dort wieder auftauchen, um darauf noch mehr sch\u00f6ne Ecken zu entdecken:<\/p>\n<p style=\"text-align: center;\"><img loading=\"lazy\" decoding=\"async\" class=\"aligncenter wp-image-4278\" src=\"https:\/\/www.marvinchen.de\/olgas_welt\/blog\/wp-content\/uploads\/2016\/04\/IMG_0782.jpg\" alt=\"IMG_0782\" width=\"560\" height=\"420\" srcset=\"https:\/\/www.marvinchen.de\/olgas_welt\/blog\/wp-content\/uploads\/2016\/04\/IMG_0782.jpg 800w, https:\/\/www.marvinchen.de\/olgas_welt\/blog\/wp-content\/uploads\/2016\/04\/IMG_0782-300x225.jpg 300w, https:\/\/www.marvinchen.de\/olgas_welt\/blog\/wp-content\/uploads\/2016\/04\/IMG_0782-768x576.jpg 768w\" sizes=\"auto, (max-width: 560px) 100vw, 560px\" \/><\/p>\n<p>Ich hoffe und w\u00fcnsche, dass ihr dann der Wettergott ebenfalls\u00a0hold ist, so wie er uns diesmal war!<\/p>\n","protected":false},"excerpt":{"rendered":"<p>Ich habe in Juli 2015\u00a0dar\u00fcber berichtet, dass meine beste Freundin Anna ihren runden Geburtstag gefeiert hat. Da man in unserem Alter\u00a0\u00a0\u00a0 \ud83d\ude09 \u00a0 \u00a0eigentlich schon alles an Gegenst\u00e4nden hat, was man so zu brauchen meint, schenkten Carsten und ich ihr eben den Gutschein f\u00fcr einen gemeinsamen Wochenendausflug.\u00a0Weil Anna bislang noch nie an der Ostsee und [&hellip;]<\/p>\n","protected":false},"author":3,"featured_media":0,"comment_status":"open","ping_status":"closed","sticky":false,"template":"","format":"standard","meta":{"ngg_post_thumbnail":0,"footnotes":""},"categories":[3,7,1],"tags":[56,523,14,1248,450,1247,1086,13,1087,510,715,218,1222],"class_list":["post-4270","post","type-post","status-publish","format-standard","hentry","category-ausfluege-und-reisen","category-freunde-und-co","category-olca-und-stan","tag-anna","tag-ausflug","tag-carsten","tag-feuersteinfelder","tag-geschenk","tag-huehnergott","tag-meer","tag-olga","tag-ostsee","tag-reise","tag-rugen","tag-sand","tag-strand"],"_links":{"self":[{"href":"https:\/\/www.marvinchen.de\/olgas_welt\/blog\/wp-json\/wp\/v2\/posts\/4270","targetHints":{"allow":["GET"]}}],"collection":[{"href":"https:\/\/www.marvinchen.de\/olgas_welt\/blog\/wp-json\/wp\/v2\/posts"}],"about":[{"href":"https:\/\/www.marvinchen.de\/olgas_welt\/blog\/wp-json\/wp\/v2\/types\/post"}],"author":[{"embeddable":true,"href":"https:\/\/www.marvinchen.de\/olgas_welt\/blog\/wp-json\/wp\/v2\/users\/3"}],"replies":[{"embeddable":true,"href":"https:\/\/www.marvinchen.de\/olgas_welt\/blog\/wp-json\/wp\/v2\/comments?post=4270"}],"version-history":[{"count":0,"href":"https:\/\/www.marvinchen.de\/olgas_welt\/blog\/wp-json\/wp\/v2\/posts\/4270\/revisions"}],"wp:attachment":[{"href":"https:\/\/www.marvinchen.de\/olgas_welt\/blog\/wp-json\/wp\/v2\/media?parent=4270"}],"wp:term":[{"taxonomy":"category","embeddable":true,"href":"https:\/\/www.marvinchen.de\/olgas_welt\/blog\/wp-json\/wp\/v2\/categories?post=4270"},{"taxonomy":"post_tag","embeddable":true,"href":"https:\/\/www.marvinchen.de\/olgas_welt\/blog\/wp-json\/wp\/v2\/tags?post=4270"}],"curies":[{"name":"wp","href":"https:\/\/api.w.org\/{rel}","templated":true}]}}