{"id":430,"date":"2010-10-04T20:49:23","date_gmt":"2010-10-04T18:49:23","guid":{"rendered":"http:\/\/www.marvinchen.de\/olgas_welt\/blog\/?p=430"},"modified":"2010-10-04T20:59:52","modified_gmt":"2010-10-04T18:59:52","slug":"kurbissgeschichten","status":"publish","type":"post","link":"https:\/\/www.marvinchen.de\/olgas_welt\/blog\/2010\/10\/kurbissgeschichten\/","title":{"rendered":"K\u00fcrbisgeschichten"},"content":{"rendered":"<p>Lange Zeit konnte ich den K\u00fcrbissen als Nahrungsmittel wenig abgewinnen. Der Brei, welchen meine Mutter im Herbst gemacht hat, war mir so suspekt, dass ich ihn kaum anger\u00fchrt habe. Die Kerne &#8211; ja, die waren toll! Sogar besser als Sonnenblumenkerne, schlie\u00dflich waren die wei\u00dfen, gro\u00dfen, fast runden Samen wesentlich seltener und dadurch auch teurer zu haben. Inzwischen wei\u00df ich, wie man eine leckere <a href=\"https:\/\/www.marvinchen.de\/webbibliothek\/_olca_kochbuch\/rezepte\/herbstsuppe_mit_kuerbis.htm\" target=\"_blank\">Suppe<\/a>\u00a0aus einem K\u00fcrbis\u00a0machen kann. Auch Lasagne und Kuchen wurden schon getestet, sind aber noch nicht so perfekt, dass meine Familie immer wieder danach verlangt \u00a0\u00a0 \ud83d\ude09\u00a0\u00a0\u00a0 deswegen\u00a0sind diese Rezepte noch nicht\u00a0in OLCAs Kochbuch zu finden.\u00a0\u00a0\u00a0<\/p>\n<p>In Australien habe ich festgestellt, dass die Leute dort K\u00fcrbis immer wieder\u00a0gerne als Beilage essen. Es geht ganz einfach: Man schneidet K\u00fcrbis in kleine St\u00fccke, packt Salz und Pfeffer drauf, verteilt die\u00a0H\u00e4ppchen auf einem\u00a0 Blech und b\u00e4ckt, bis das Fruchtfleisch weich wird. Ich bin s\u00fcchtig danach!!!! Die Schale kann man meistens nicht essen, nur bei\u00a0Hokkaido-K\u00fcrbis st\u00f6rt die \u00e4u\u00dfere Schicht nicht beim M\u00fcmmeln.\u00a0\u00a0<\/p>\n<p>Bei unserem letzten Einkauf landete\u00a0also wieder eine kleine orange Kugel im Einkaufswagen. Noch habe ich\u00a0sie nicht zubereiten k\u00f6nnen, weil ein paar andere Gesch\u00f6pfe sich das Ding unter den Nagel gerissen haben. Hier sind die Beweisfotos:\u00a0\u00a0<\/p>\n<div id=\"attachment_432\" style=\"width: 420px\" class=\"wp-caption aligncenter\"><a rel=\"attachment wp-att-432\" href=\"https:\/\/www.marvinchen.de\/olgas_welt\/blog\/2010\/10\/kurbissgeschichten\/img_0032-2\/\"><img loading=\"lazy\" decoding=\"async\" aria-describedby=\"caption-attachment-432\" class=\"size-medium wp-image-432 \" src=\"https:\/\/www.marvinchen.de\/olgas_welt\/blog\/wp-content\/uploads\/2010\/10\/IMG_00321-800x600.jpg\" alt=\"\" width=\"410\" height=\"307\" srcset=\"https:\/\/www.marvinchen.de\/olgas_welt\/blog\/wp-content\/uploads\/2010\/10\/IMG_00321-800x600.jpg 800w, https:\/\/www.marvinchen.de\/olgas_welt\/blog\/wp-content\/uploads\/2010\/10\/IMG_00321-300x225.jpg 300w, https:\/\/www.marvinchen.de\/olgas_welt\/blog\/wp-content\/uploads\/2010\/10\/IMG_00321-1024x768.jpg 1024w, https:\/\/www.marvinchen.de\/olgas_welt\/blog\/wp-content\/uploads\/2010\/10\/IMG_00321.jpg 1600w\" sizes=\"auto, (max-width: 410px) 100vw, 410px\" \/><\/a><p id=\"caption-attachment-432\" class=\"wp-caption-text\">Sleepy entwickelt Heimatgef\u00fchle<\/p><\/div>\n<p style=\"text-align: center;\">\n<div id=\"attachment_433\" style=\"width: 420px\" class=\"wp-caption aligncenter\"><a rel=\"attachment wp-att-433\" href=\"https:\/\/www.marvinchen.de\/olgas_welt\/blog\/2010\/10\/kurbissgeschichten\/img_0036\/\"><img loading=\"lazy\" decoding=\"async\" aria-describedby=\"caption-attachment-433\" class=\"size-medium wp-image-433   \" src=\"https:\/\/www.marvinchen.de\/olgas_welt\/blog\/wp-content\/uploads\/2010\/10\/IMG_0036-800x600.jpg\" alt=\"\" width=\"410\" height=\"307\" srcset=\"https:\/\/www.marvinchen.de\/olgas_welt\/blog\/wp-content\/uploads\/2010\/10\/IMG_0036-800x600.jpg 800w, https:\/\/www.marvinchen.de\/olgas_welt\/blog\/wp-content\/uploads\/2010\/10\/IMG_0036-300x225.jpg 300w, https:\/\/www.marvinchen.de\/olgas_welt\/blog\/wp-content\/uploads\/2010\/10\/IMG_0036-1024x768.jpg 1024w, https:\/\/www.marvinchen.de\/olgas_welt\/blog\/wp-content\/uploads\/2010\/10\/IMG_0036.jpg 1600w\" sizes=\"auto, (max-width: 410px) 100vw, 410px\" \/><\/a><p id=\"caption-attachment-433\" class=\"wp-caption-text\">Kl. Dinkelmann und Heini sind von der Gr\u00f6\u00dfe zuerst schwer beeindruckt<\/p><\/div>\n<p style=\"text-align: center;\">\n<div id=\"attachment_434\" style=\"width: 394px\" class=\"wp-caption aligncenter\"><a rel=\"attachment wp-att-434\" href=\"https:\/\/www.marvinchen.de\/olgas_welt\/blog\/2010\/10\/kurbissgeschichten\/img_0037\/\"><img loading=\"lazy\" decoding=\"async\" aria-describedby=\"caption-attachment-434\" class=\"size-medium wp-image-434  \" src=\"https:\/\/www.marvinchen.de\/olgas_welt\/blog\/wp-content\/uploads\/2010\/10\/IMG_0037-600x800.jpg\" alt=\"\" width=\"384\" height=\"512\" srcset=\"https:\/\/www.marvinchen.de\/olgas_welt\/blog\/wp-content\/uploads\/2010\/10\/IMG_0037-600x800.jpg 600w, https:\/\/www.marvinchen.de\/olgas_welt\/blog\/wp-content\/uploads\/2010\/10\/IMG_0037-300x400.jpg 300w, https:\/\/www.marvinchen.de\/olgas_welt\/blog\/wp-content\/uploads\/2010\/10\/IMG_0037-768x1024.jpg 768w, https:\/\/www.marvinchen.de\/olgas_welt\/blog\/wp-content\/uploads\/2010\/10\/IMG_0037.jpg 1200w\" sizes=\"auto, (max-width: 384px) 100vw, 384px\" \/><\/a><p id=\"caption-attachment-434\" class=\"wp-caption-text\">Heini findet die glatte Oberfl\u00e4che einfach supertoll zum Rutschen!<\/p><\/div>\n<p style=\"text-align: center;\">\n<div id=\"attachment_435\" style=\"width: 420px\" class=\"wp-caption aligncenter\"><a rel=\"attachment wp-att-435\" href=\"https:\/\/www.marvinchen.de\/olgas_welt\/blog\/2010\/10\/kurbissgeschichten\/img_0040-3\/\"><img loading=\"lazy\" decoding=\"async\" aria-describedby=\"caption-attachment-435\" class=\"size-medium wp-image-435   \" src=\"https:\/\/www.marvinchen.de\/olgas_welt\/blog\/wp-content\/uploads\/2010\/10\/IMG_0040-800x600.jpg\" alt=\"\" width=\"410\" height=\"307\" srcset=\"https:\/\/www.marvinchen.de\/olgas_welt\/blog\/wp-content\/uploads\/2010\/10\/IMG_0040-800x600.jpg 800w, https:\/\/www.marvinchen.de\/olgas_welt\/blog\/wp-content\/uploads\/2010\/10\/IMG_0040-300x225.jpg 300w, https:\/\/www.marvinchen.de\/olgas_welt\/blog\/wp-content\/uploads\/2010\/10\/IMG_0040-1024x768.jpg 1024w, https:\/\/www.marvinchen.de\/olgas_welt\/blog\/wp-content\/uploads\/2010\/10\/IMG_0040.jpg 1600w\" sizes=\"auto, (max-width: 410px) 100vw, 410px\" \/><\/a><p id=\"caption-attachment-435\" class=\"wp-caption-text\">Kl. Dinkelmann versucht sich als Seilt\u00e4nzer ;0)<\/p><\/div>\n<p style=\"text-align: center;\">\n<div id=\"attachment_436\" style=\"width: 394px\" class=\"wp-caption aligncenter\"><a rel=\"attachment wp-att-436\" href=\"https:\/\/www.marvinchen.de\/olgas_welt\/blog\/2010\/10\/kurbissgeschichten\/img_0041\/\"><img loading=\"lazy\" decoding=\"async\" aria-describedby=\"caption-attachment-436\" class=\"size-medium wp-image-436   \" src=\"https:\/\/www.marvinchen.de\/olgas_welt\/blog\/wp-content\/uploads\/2010\/10\/IMG_0041-600x800.jpg\" alt=\"\" width=\"384\" height=\"512\" srcset=\"https:\/\/www.marvinchen.de\/olgas_welt\/blog\/wp-content\/uploads\/2010\/10\/IMG_0041-600x800.jpg 600w, https:\/\/www.marvinchen.de\/olgas_welt\/blog\/wp-content\/uploads\/2010\/10\/IMG_0041-300x400.jpg 300w, https:\/\/www.marvinchen.de\/olgas_welt\/blog\/wp-content\/uploads\/2010\/10\/IMG_0041-768x1024.jpg 768w, https:\/\/www.marvinchen.de\/olgas_welt\/blog\/wp-content\/uploads\/2010\/10\/IMG_0041.jpg 1200w\" sizes=\"auto, (max-width: 384px) 100vw, 384px\" \/><\/a><p id=\"caption-attachment-436\" class=\"wp-caption-text\">Kl. Dinkelmann entspannt sich mal kurz drauf<\/p><\/div>\n<p style=\"text-align: center;\">\n<div id=\"attachment_437\" style=\"width: 420px\" class=\"wp-caption aligncenter\"><a rel=\"attachment wp-att-437\" href=\"https:\/\/www.marvinchen.de\/olgas_welt\/blog\/2010\/10\/kurbissgeschichten\/img_0043\/\"><img loading=\"lazy\" decoding=\"async\" aria-describedby=\"caption-attachment-437\" class=\"size-medium wp-image-437   \" src=\"https:\/\/www.marvinchen.de\/olgas_welt\/blog\/wp-content\/uploads\/2010\/10\/IMG_0043-800x600.jpg\" alt=\"\" width=\"410\" height=\"307\" srcset=\"https:\/\/www.marvinchen.de\/olgas_welt\/blog\/wp-content\/uploads\/2010\/10\/IMG_0043-800x600.jpg 800w, https:\/\/www.marvinchen.de\/olgas_welt\/blog\/wp-content\/uploads\/2010\/10\/IMG_0043-300x225.jpg 300w, https:\/\/www.marvinchen.de\/olgas_welt\/blog\/wp-content\/uploads\/2010\/10\/IMG_0043-1024x768.jpg 1024w, https:\/\/www.marvinchen.de\/olgas_welt\/blog\/wp-content\/uploads\/2010\/10\/IMG_0043.jpg 1600w\" sizes=\"auto, (max-width: 410px) 100vw, 410px\" \/><\/a><p id=\"caption-attachment-437\" class=\"wp-caption-text\">&quot;Mein K\u00fcrbis und Ich&quot; meint Bonnie<\/p><\/div>\n<p style=\"text-align: center;\">\n<div id=\"attachment_438\" style=\"width: 394px\" class=\"wp-caption aligncenter\"><a rel=\"attachment wp-att-438\" href=\"https:\/\/www.marvinchen.de\/olgas_welt\/blog\/2010\/10\/kurbissgeschichten\/img_0048\/\"><img loading=\"lazy\" decoding=\"async\" aria-describedby=\"caption-attachment-438\" class=\"size-medium wp-image-438   \" src=\"https:\/\/www.marvinchen.de\/olgas_welt\/blog\/wp-content\/uploads\/2010\/10\/IMG_0048-600x800.jpg\" alt=\"\" width=\"384\" height=\"512\" srcset=\"https:\/\/www.marvinchen.de\/olgas_welt\/blog\/wp-content\/uploads\/2010\/10\/IMG_0048-600x800.jpg 600w, https:\/\/www.marvinchen.de\/olgas_welt\/blog\/wp-content\/uploads\/2010\/10\/IMG_0048-300x400.jpg 300w, https:\/\/www.marvinchen.de\/olgas_welt\/blog\/wp-content\/uploads\/2010\/10\/IMG_0048-768x1024.jpg 768w, https:\/\/www.marvinchen.de\/olgas_welt\/blog\/wp-content\/uploads\/2010\/10\/IMG_0048.jpg 1200w\" sizes=\"auto, (max-width: 384px) 100vw, 384px\" \/><\/a><p id=\"caption-attachment-438\" class=\"wp-caption-text\">&quot;Denkste&quot; - sagt Gr.Dinkelmann und grinst ganz zufrieden<\/p><\/div>\n","protected":false},"excerpt":{"rendered":"<p>Lange Zeit konnte ich den K\u00fcrbissen als Nahrungsmittel wenig abgewinnen. Der Brei, welchen meine Mutter im Herbst gemacht hat, war mir so suspekt, dass ich ihn kaum anger\u00fchrt habe. Die Kerne &#8211; ja, die waren toll! Sogar besser als Sonnenblumenkerne, schlie\u00dflich waren die wei\u00dfen, gro\u00dfen, fast runden Samen wesentlich seltener und dadurch auch teurer zu [&hellip;]<\/p>\n","protected":false},"author":3,"featured_media":0,"comment_status":"open","ping_status":"closed","sticky":false,"template":"","format":"standard","meta":{"ngg_post_thumbnail":0,"footnotes":""},"categories":[478,5,4,1],"tags":[475,601,270,602,13,600,244],"class_list":["post-430","post","type-post","status-publish","format-standard","hentry","category-bariges-leben","category-essen-und-trinken","category-freud-und-leid","category-olca-und-stan","tag-baren","tag-gerichte","tag-herbst","tag-kurbis","tag-olga","tag-rezepte","tag-teddybaren"],"_links":{"self":[{"href":"https:\/\/www.marvinchen.de\/olgas_welt\/blog\/wp-json\/wp\/v2\/posts\/430","targetHints":{"allow":["GET"]}}],"collection":[{"href":"https:\/\/www.marvinchen.de\/olgas_welt\/blog\/wp-json\/wp\/v2\/posts"}],"about":[{"href":"https:\/\/www.marvinchen.de\/olgas_welt\/blog\/wp-json\/wp\/v2\/types\/post"}],"author":[{"embeddable":true,"href":"https:\/\/www.marvinchen.de\/olgas_welt\/blog\/wp-json\/wp\/v2\/users\/3"}],"replies":[{"embeddable":true,"href":"https:\/\/www.marvinchen.de\/olgas_welt\/blog\/wp-json\/wp\/v2\/comments?post=430"}],"version-history":[{"count":0,"href":"https:\/\/www.marvinchen.de\/olgas_welt\/blog\/wp-json\/wp\/v2\/posts\/430\/revisions"}],"wp:attachment":[{"href":"https:\/\/www.marvinchen.de\/olgas_welt\/blog\/wp-json\/wp\/v2\/media?parent=430"}],"wp:term":[{"taxonomy":"category","embeddable":true,"href":"https:\/\/www.marvinchen.de\/olgas_welt\/blog\/wp-json\/wp\/v2\/categories?post=430"},{"taxonomy":"post_tag","embeddable":true,"href":"https:\/\/www.marvinchen.de\/olgas_welt\/blog\/wp-json\/wp\/v2\/tags?post=430"}],"curies":[{"name":"wp","href":"https:\/\/api.w.org\/{rel}","templated":true}]}}