{"id":4355,"date":"2016-06-26T20:43:39","date_gmt":"2016-06-26T18:43:39","guid":{"rendered":"http:\/\/www.marvinchen.de\/olgas_welt\/blog\/?p=4355"},"modified":"2016-06-26T20:43:39","modified_gmt":"2016-06-26T18:43:39","slug":"fotojahresplan-2016-ddr-relikte-und-sozialismus-im-alltag","status":"publish","type":"post","link":"https:\/\/www.marvinchen.de\/olgas_welt\/blog\/2016\/06\/fotojahresplan-2016-ddr-relikte-und-sozialismus-im-alltag\/","title":{"rendered":"Fotojahresplan 2016 &#8211; DDR-Relikte und Sozialismus im Alltag"},"content":{"rendered":"<p>Bevor der Juni komplett vorbei ist, m\u00f6chte ich es vorher noch schaffen, hier meine Fotoausbeute zum Mai-Projekt zu pr\u00e4sentieren \u00a0 \u00a0 \ud83d\ude09 \u00a0 \u00a0 Carsten und ich waren\u00a0auf der Suche nach passenden Motiven in vielen Gegenden unterwegs und am Ende kam eine\u00a0recht umfangreiche Sammlung aus Dresden, Chemnitz und Karlsbad\u00a0zusammen. Bei der Auslegung, Architektur als DDR-Relikte zu nehmen, musste ich mich allerdings sehr zusammenrei\u00dfen, denn davon\u00a0gibt es ja &#8211; wie man so sch\u00f6n sagt &#8211; hier &#8222;noch und n\u00f6cher&#8220; \u00a0 \u00a0 \ud83d\ude00<\/p>\n<p>Eines meiner Lieblingsmotive sind aber ohne jeden Zweifel und schon seit Jahren\u00a0die Ost-Ampelm\u00e4nnchen, denn sie sind f\u00fcr mich neben dem Gr\u00fcnen Pfeil immer ein sehr gutes Beispiel f\u00fcr gesunde Ostalgie \u00a0 \u00a0 \ud83d\ude09 \u00a0 \u00a0 und da es seit 2005 in Dresden ja auch eine passende Ampelfrau gibt, muss ich diese Variationen einfach mal in einem Bild zeigen \u00a0 \u00a0 \ud83d\ude09<\/p>\n<p style=\"text-align: center;\"><img loading=\"lazy\" decoding=\"async\" class=\"aligncenter wp-image-4356\" src=\"https:\/\/www.marvinchen.de\/olgas_welt\/blog\/wp-content\/uploads\/2016\/06\/beide-ampeln.jpg\" alt=\"beide ampeln\" width=\"560\" height=\"373\" srcset=\"https:\/\/www.marvinchen.de\/olgas_welt\/blog\/wp-content\/uploads\/2016\/06\/beide-ampeln.jpg 800w, https:\/\/www.marvinchen.de\/olgas_welt\/blog\/wp-content\/uploads\/2016\/06\/beide-ampeln-300x200.jpg 300w, https:\/\/www.marvinchen.de\/olgas_welt\/blog\/wp-content\/uploads\/2016\/06\/beide-ampeln-768x512.jpg 768w\" sizes=\"auto, (max-width: 560px) 100vw, 560px\" \/><\/p>\n<p>Ich finde sie alle richtig knuffig!<\/p>\n<p>Wollt ihr mal sehen, wie man &#8222;Wissenschaft und Produktivkraft&#8220; in Stein mei\u00dfeln kann? Wieland F\u00f6rster hat das im Jahr 1974 umgesetzt und man kann das Werk in Chemnitz im Park an der Stadthalle anschauen.<\/p>\n<p style=\"text-align: center;\"><img loading=\"lazy\" decoding=\"async\" class=\"aligncenter wp-image-4357\" src=\"https:\/\/www.marvinchen.de\/olgas_welt\/blog\/wp-content\/uploads\/2016\/06\/IMG_1161.jpg\" alt=\"IMG_1161\" width=\"420\" height=\"560\" srcset=\"https:\/\/www.marvinchen.de\/olgas_welt\/blog\/wp-content\/uploads\/2016\/06\/IMG_1161.jpg 600w, https:\/\/www.marvinchen.de\/olgas_welt\/blog\/wp-content\/uploads\/2016\/06\/IMG_1161-300x400.jpg 300w\" sizes=\"auto, (max-width: 420px) 100vw, 420px\" \/><\/p>\n<p>Bevor noch die\u00a0Frage aufkommt, ob ich bei unserem\u00a0straffen Terminplan der letzten Wochen in der Lage war, f\u00fcr mein Juni-Projekt auf Motivsuche zu gehen, kann ich beruhigen und sagen, dass es nat\u00fcrlich auch im n\u00e4chsten Monat ein Bericht \u00fcber meine Jagd nach passenden Bildern geben wird \u00a0 \u00a0 \ud83d\ude00<br \/>\nUnd so wie es derzeit aussieht, sogar schneller als es diesmal gedauert hat \u00a0 \u00a0 \ud83d\ude09<\/p>\n<p>So, und nun zu weiteren Bildern mit dazugeh\u00f6rigen Kommentaren und Erkl\u00e4rungen zum Thema &#8222;DDR-Relikte und Sozialismus im Alltag&#8220;:<\/p>\nngg_shortcode_0_placeholder\n","protected":false},"excerpt":{"rendered":"<p>Bevor der Juni komplett vorbei ist, m\u00f6chte ich es vorher noch schaffen, hier meine Fotoausbeute zum Mai-Projekt zu pr\u00e4sentieren \u00a0 \u00a0 \ud83d\ude09 \u00a0 \u00a0 Carsten und ich waren\u00a0auf der Suche nach passenden Motiven in vielen Gegenden unterwegs und am Ende kam eine\u00a0recht umfangreiche Sammlung aus Dresden, Chemnitz und Karlsbad\u00a0zusammen. Bei der Auslegung, Architektur als DDR-Relikte [&hellip;]<\/p>\n","protected":false},"author":3,"featured_media":0,"comment_status":"open","ping_status":"closed","sticky":false,"template":"","format":"standard","meta":{"ngg_post_thumbnail":0,"footnotes":""},"categories":[3,478,822,1],"tags":[1270,320,1266,1251,436,1268,27,1269,587,716,847,1267,1249,13,669,1255],"class_list":["post-4355","post","type-post","status-publish","format-standard","hentry","category-ausfluege-und-reisen","category-bariges-leben","category-fotografie-und-photoshop","category-olca-und-stan","tag-andenken","tag-bar","tag-carten","tag-chemnitz","tag-ddr","tag-denkmal","tag-dresden","tag-erinnnerung","tag-foto","tag-fotografieren","tag-fotojahresplan","tag-karlovy-vary","tag-karlsbad","tag-olga","tag-reisen","tag-sozialismus"],"_links":{"self":[{"href":"https:\/\/www.marvinchen.de\/olgas_welt\/blog\/wp-json\/wp\/v2\/posts\/4355","targetHints":{"allow":["GET"]}}],"collection":[{"href":"https:\/\/www.marvinchen.de\/olgas_welt\/blog\/wp-json\/wp\/v2\/posts"}],"about":[{"href":"https:\/\/www.marvinchen.de\/olgas_welt\/blog\/wp-json\/wp\/v2\/types\/post"}],"author":[{"embeddable":true,"href":"https:\/\/www.marvinchen.de\/olgas_welt\/blog\/wp-json\/wp\/v2\/users\/3"}],"replies":[{"embeddable":true,"href":"https:\/\/www.marvinchen.de\/olgas_welt\/blog\/wp-json\/wp\/v2\/comments?post=4355"}],"version-history":[{"count":0,"href":"https:\/\/www.marvinchen.de\/olgas_welt\/blog\/wp-json\/wp\/v2\/posts\/4355\/revisions"}],"wp:attachment":[{"href":"https:\/\/www.marvinchen.de\/olgas_welt\/blog\/wp-json\/wp\/v2\/media?parent=4355"}],"wp:term":[{"taxonomy":"category","embeddable":true,"href":"https:\/\/www.marvinchen.de\/olgas_welt\/blog\/wp-json\/wp\/v2\/categories?post=4355"},{"taxonomy":"post_tag","embeddable":true,"href":"https:\/\/www.marvinchen.de\/olgas_welt\/blog\/wp-json\/wp\/v2\/tags?post=4355"}],"curies":[{"name":"wp","href":"https:\/\/api.w.org\/{rel}","templated":true}]}}