{"id":4532,"date":"2016-08-12T15:59:40","date_gmt":"2016-08-12T13:59:40","guid":{"rendered":"http:\/\/www.marvinchen.de\/olgas_welt\/blog\/?p=4532"},"modified":"2016-08-12T15:59:40","modified_gmt":"2016-08-12T13:59:40","slug":"fotojahresplan-2016-alt-und-neu-architekturgegensaetze","status":"publish","type":"post","link":"https:\/\/www.marvinchen.de\/olgas_welt\/blog\/2016\/08\/fotojahresplan-2016-alt-und-neu-architekturgegensaetze\/","title":{"rendered":"Fotojahresplan 2016 &#8211; Alt und neu &#8230; Architekturgegens\u00e4tze"},"content":{"rendered":"<p>Bei unz\u00e4hligen Touren und Spazierg\u00e4ngen in verschiedenen St\u00e4dten sind mir immer wieder bestimmte Gegens\u00e4tze im Stadtbild aufgefallen: Eine Mischung aus alter Bauweise mit sehr viel\u00a0mehr an Verzierungen und schm\u00fcckendem Beiwerk und aus moderner, n\u00fcchterner Architektur &#8230; beides\u00a0ganz dicht nebeneinander springt mir\u00a0etwas disharmonisch ins Auge. Diesmal wollte ich ganz bewusst solche baulichen Gegens\u00e4tze entdecken und auch im Bild festhalten. Eine Auswahl meiner Entdeckungen zu diesem Thema m\u00f6chte ich jetzt mit euch teilen.<\/p>\n<p>An und f\u00fcr sich empfinde ich die Dresdener Innenstadt als recht harmonisch, aber wenn man etwas genauer hinschaut, findet man immer\u00a0etwas, was zu meinem Monatsthema passt. Zum Beispiel ein Blick auf die Kunstakademie, diesmal nicht von der Frauenkirche, sondern von der Sch\u00fctzengasse aus kommend:<\/p>\n<p style=\"text-align: center;\"><img loading=\"lazy\" decoding=\"async\" class=\"aligncenter wp-image-4533\" src=\"https:\/\/www.marvinchen.de\/olgas_welt\/blog\/wp-content\/uploads\/2016\/08\/IMG_0086.jpg\" alt=\"IMG_0086\" width=\"420\" height=\"630\" srcset=\"https:\/\/www.marvinchen.de\/olgas_welt\/blog\/wp-content\/uploads\/2016\/08\/IMG_0086.jpg 533w, https:\/\/www.marvinchen.de\/olgas_welt\/blog\/wp-content\/uploads\/2016\/08\/IMG_0086-300x450.jpg 300w\" sizes=\"auto, (max-width: 420px) 100vw, 420px\" \/><\/p>\n<p>Die Hofkirche zwischen einem Haus aus der Nachkriegszeit (links) und einem aus der Zeit nach der Wende (rechts):<\/p>\n<p style=\"text-align: center;\"><img loading=\"lazy\" decoding=\"async\" class=\"aligncenter wp-image-4534\" src=\"https:\/\/www.marvinchen.de\/olgas_welt\/blog\/wp-content\/uploads\/2016\/08\/IMG_0008-1.jpg\" alt=\"IMG_0008-1\" width=\"560\" height=\"373\" srcset=\"https:\/\/www.marvinchen.de\/olgas_welt\/blog\/wp-content\/uploads\/2016\/08\/IMG_0008-1.jpg 800w, https:\/\/www.marvinchen.de\/olgas_welt\/blog\/wp-content\/uploads\/2016\/08\/IMG_0008-1-300x200.jpg 300w, https:\/\/www.marvinchen.de\/olgas_welt\/blog\/wp-content\/uploads\/2016\/08\/IMG_0008-1-768x512.jpg 768w\" sizes=\"auto, (max-width: 560px) 100vw, 560px\" \/><\/p>\n<p>Hier die Frauenkirche und QF-Passage, wenn man vom F\u00fcrstenzug her kommt:<\/p>\n<p style=\"text-align: center;\"><img loading=\"lazy\" decoding=\"async\" class=\"aligncenter wp-image-4535\" src=\"https:\/\/www.marvinchen.de\/olgas_welt\/blog\/wp-content\/uploads\/2016\/08\/IMG_0063.jpg\" alt=\"IMG_0063\" width=\"420\" height=\"630\" srcset=\"https:\/\/www.marvinchen.de\/olgas_welt\/blog\/wp-content\/uploads\/2016\/08\/IMG_0063.jpg 533w, https:\/\/www.marvinchen.de\/olgas_welt\/blog\/wp-content\/uploads\/2016\/08\/IMG_0063-300x450.jpg 300w\" sizes=\"auto, (max-width: 420px) 100vw, 420px\" \/><\/p>\n<p>Die baulichen Unterschiede bei diesen beiden Geb\u00e4uden spiegeln sich sogar in den Fenstern wider:<\/p>\n<p style=\"text-align: center;\"><img loading=\"lazy\" decoding=\"async\" class=\"aligncenter wp-image-4536\" src=\"https:\/\/www.marvinchen.de\/olgas_welt\/blog\/wp-content\/uploads\/2016\/08\/IMG_0068.jpg\" alt=\"IMG_0068\" width=\"420\" height=\"633\" srcset=\"https:\/\/www.marvinchen.de\/olgas_welt\/blog\/wp-content\/uploads\/2016\/08\/IMG_0068.jpg 533w, https:\/\/www.marvinchen.de\/olgas_welt\/blog\/wp-content\/uploads\/2016\/08\/IMG_0068-300x452.jpg 300w, https:\/\/www.marvinchen.de\/olgas_welt\/blog\/wp-content\/uploads\/2016\/08\/IMG_0068-531x800.jpg 531w\" sizes=\"auto, (max-width: 420px) 100vw, 420px\" \/><\/p>\n<p>In einer der durchaus verwinkelten Gassen der Dresdner Altstadt habe ich diese Ansicht\u00a0entdeckt:<\/p>\n<p style=\"text-align: center;\"><img loading=\"lazy\" decoding=\"async\" class=\"aligncenter wp-image-4537\" src=\"https:\/\/www.marvinchen.de\/olgas_welt\/blog\/wp-content\/uploads\/2016\/08\/IMG_0050.jpg\" alt=\"IMG_0050\" width=\"420\" height=\"630\" srcset=\"https:\/\/www.marvinchen.de\/olgas_welt\/blog\/wp-content\/uploads\/2016\/08\/IMG_0050.jpg 533w, https:\/\/www.marvinchen.de\/olgas_welt\/blog\/wp-content\/uploads\/2016\/08\/IMG_0050-300x450.jpg 300w\" sizes=\"auto, (max-width: 420px) 100vw, 420px\" \/><\/p>\n<p>Das ehemalige K\u00f6nig-Georg-Gymnasium, welches einst sogar Erich K\u00e4stner als Sch\u00fcler besuchte, geh\u00f6rt seit 1946 zur Medizinischen Akademie und\u00a0beherbergt inzwischen die Zahnpoliklinik des Universit\u00e4tsklinikums Dresden. \u00a0Das alte Sandsteingeb\u00e4ude wurde vor ein paar Jahren\u00a0im wahrsten Sinne des Wortes um ein weiteres Obergeschoss deutlich sichtbar aufgestockt:<\/p>\n<p style=\"text-align: center;\"><img loading=\"lazy\" decoding=\"async\" class=\"aligncenter wp-image-4538\" src=\"https:\/\/www.marvinchen.de\/olgas_welt\/blog\/wp-content\/uploads\/2016\/08\/IMG_0116-2.jpg\" alt=\"IMG_0116-2\" width=\"560\" height=\"373\" srcset=\"https:\/\/www.marvinchen.de\/olgas_welt\/blog\/wp-content\/uploads\/2016\/08\/IMG_0116-2.jpg 800w, https:\/\/www.marvinchen.de\/olgas_welt\/blog\/wp-content\/uploads\/2016\/08\/IMG_0116-2-300x200.jpg 300w, https:\/\/www.marvinchen.de\/olgas_welt\/blog\/wp-content\/uploads\/2016\/08\/IMG_0116-2-768x512.jpg 768w\" sizes=\"auto, (max-width: 560px) 100vw, 560px\" \/><\/p>\n<p>Im Stadtteil Friedrichstadt habe ich dieses Haus mit dem &#8222;Abdruck&#8220; seines ehemaligen kleinen Nachbars gefunden:<\/p>\n<p style=\"text-align: center;\"><img loading=\"lazy\" decoding=\"async\" class=\"aligncenter wp-image-4539\" src=\"https:\/\/www.marvinchen.de\/olgas_welt\/blog\/wp-content\/uploads\/2016\/08\/IMG_0332.jpg\" alt=\"IMG_0332\" width=\"420\" height=\"630\" srcset=\"https:\/\/www.marvinchen.de\/olgas_welt\/blog\/wp-content\/uploads\/2016\/08\/IMG_0332.jpg 533w, https:\/\/www.marvinchen.de\/olgas_welt\/blog\/wp-content\/uploads\/2016\/08\/IMG_0332-300x450.jpg 300w\" sizes=\"auto, (max-width: 420px) 100vw, 420px\" \/><\/p>\n<p>Striesen, der Stadtteil in welchem wir jetzt wohnen, konnte ebenfalls so einiges zum Thema beisteuern. Oft stehen die Geb\u00e4ude aus unterschiedlichen Epochen\u00a0einfach auf der gegen\u00fcberliegenden Seiten einer Stra\u00dfe:<\/p>\n<p style=\"text-align: center;\"><img loading=\"lazy\" decoding=\"async\" class=\"aligncenter wp-image-4540\" src=\"https:\/\/www.marvinchen.de\/olgas_welt\/blog\/wp-content\/uploads\/2016\/08\/IMG_0017.jpg\" alt=\"IMG_0017\" width=\"560\" height=\"358\" srcset=\"https:\/\/www.marvinchen.de\/olgas_welt\/blog\/wp-content\/uploads\/2016\/08\/IMG_0017.jpg 800w, https:\/\/www.marvinchen.de\/olgas_welt\/blog\/wp-content\/uploads\/2016\/08\/IMG_0017-300x192.jpg 300w, https:\/\/www.marvinchen.de\/olgas_welt\/blog\/wp-content\/uploads\/2016\/08\/IMG_0017-768x491.jpg 768w\" sizes=\"auto, (max-width: 560px) 100vw, 560px\" \/><\/p>\n<p>Oder die\u00a0gro\u00dfz\u00fcgig erbauten H\u00e4user aus vergangenen Zeiten bekommen seit ein paar Jahren immer wieder nach gleichem Muster gestrickte Eigenheime als Nachbarn:<\/p>\n<p style=\"text-align: center;\"><img loading=\"lazy\" decoding=\"async\" class=\"aligncenter wp-image-4541\" src=\"https:\/\/www.marvinchen.de\/olgas_welt\/blog\/wp-content\/uploads\/2016\/08\/IMG_0043.jpg\" alt=\"IMG_0043\" width=\"560\" height=\"373\" srcset=\"https:\/\/www.marvinchen.de\/olgas_welt\/blog\/wp-content\/uploads\/2016\/08\/IMG_0043.jpg 800w, https:\/\/www.marvinchen.de\/olgas_welt\/blog\/wp-content\/uploads\/2016\/08\/IMG_0043-300x200.jpg 300w, https:\/\/www.marvinchen.de\/olgas_welt\/blog\/wp-content\/uploads\/2016\/08\/IMG_0043-768x512.jpg 768w\" sizes=\"auto, (max-width: 560px) 100vw, 560px\" \/><\/p>\n<p>Sehr oft sind unterschiedliche Bauweisen im wahrsten Sinne des Wortes unmittelbare Nachbarn:<\/p>\n<p style=\"text-align: center;\"><img loading=\"lazy\" decoding=\"async\" class=\"aligncenter wp-image-4542\" src=\"https:\/\/www.marvinchen.de\/olgas_welt\/blog\/wp-content\/uploads\/2016\/08\/IMG_0548.jpg\" alt=\"IMG_0548\" width=\"420\" height=\"630\" srcset=\"https:\/\/www.marvinchen.de\/olgas_welt\/blog\/wp-content\/uploads\/2016\/08\/IMG_0548.jpg 533w, https:\/\/www.marvinchen.de\/olgas_welt\/blog\/wp-content\/uploads\/2016\/08\/IMG_0548-300x450.jpg 300w\" sizes=\"auto, (max-width: 420px) 100vw, 420px\" \/><\/p>\n<p>Etwas \u00c4hnliches habe ich auch in Potsdam gesehen:<\/p>\n<p style=\"text-align: center;\"><img loading=\"lazy\" decoding=\"async\" class=\"aligncenter wp-image-4543\" src=\"https:\/\/www.marvinchen.de\/olgas_welt\/blog\/wp-content\/uploads\/2016\/08\/IMG_0870.jpg\" alt=\"IMG_0870\" width=\"560\" height=\"420\" srcset=\"https:\/\/www.marvinchen.de\/olgas_welt\/blog\/wp-content\/uploads\/2016\/08\/IMG_0870.jpg 800w, https:\/\/www.marvinchen.de\/olgas_welt\/blog\/wp-content\/uploads\/2016\/08\/IMG_0870-300x225.jpg 300w, https:\/\/www.marvinchen.de\/olgas_welt\/blog\/wp-content\/uploads\/2016\/08\/IMG_0870-768x576.jpg 768w\" sizes=\"auto, (max-width: 560px) 100vw, 560px\" \/><\/p>\n<p>Au\u00dferdem kann es passieren, dass die architektonischen Unterschiede durch den aktuellen Zustand der H\u00e4user noch mehr unterstrichen werden:<\/p>\n<p style=\"text-align: center;\"><img loading=\"lazy\" decoding=\"async\" class=\"aligncenter wp-image-4544\" src=\"https:\/\/www.marvinchen.de\/olgas_welt\/blog\/wp-content\/uploads\/2016\/08\/IMG_0569.jpg\" alt=\"IMG_0569\" width=\"560\" height=\"420\" srcset=\"https:\/\/www.marvinchen.de\/olgas_welt\/blog\/wp-content\/uploads\/2016\/08\/IMG_0569.jpg 800w, https:\/\/www.marvinchen.de\/olgas_welt\/blog\/wp-content\/uploads\/2016\/08\/IMG_0569-300x225.jpg 300w, https:\/\/www.marvinchen.de\/olgas_welt\/blog\/wp-content\/uploads\/2016\/08\/IMG_0569-768x576.jpg 768w\" sizes=\"auto, (max-width: 560px) 100vw, 560px\" \/><\/p>\n<p>Ich fand, dass Potsdam insgesamt sehr gut zu meinem aktuellen Fotothema passt. Hier ein paar weitere Beispiele:<\/p>\n<p style=\"text-align: center;\"><img loading=\"lazy\" decoding=\"async\" class=\"aligncenter wp-image-4545\" src=\"https:\/\/www.marvinchen.de\/olgas_welt\/blog\/wp-content\/uploads\/2016\/08\/IMG_0119.jpg\" alt=\"IMG_0119\" width=\"560\" height=\"373\" srcset=\"https:\/\/www.marvinchen.de\/olgas_welt\/blog\/wp-content\/uploads\/2016\/08\/IMG_0119.jpg 800w, https:\/\/www.marvinchen.de\/olgas_welt\/blog\/wp-content\/uploads\/2016\/08\/IMG_0119-300x200.jpg 300w, https:\/\/www.marvinchen.de\/olgas_welt\/blog\/wp-content\/uploads\/2016\/08\/IMG_0119-768x512.jpg 768w\" sizes=\"auto, (max-width: 560px) 100vw, 560px\" \/><\/p>\n<p style=\"text-align: center;\"><img loading=\"lazy\" decoding=\"async\" class=\"aligncenter wp-image-4546\" src=\"https:\/\/www.marvinchen.de\/olgas_welt\/blog\/wp-content\/uploads\/2016\/08\/IMG_0127.jpg\" alt=\"IMG_0127\" width=\"560\" height=\"416\" srcset=\"https:\/\/www.marvinchen.de\/olgas_welt\/blog\/wp-content\/uploads\/2016\/08\/IMG_0127.jpg 800w, https:\/\/www.marvinchen.de\/olgas_welt\/blog\/wp-content\/uploads\/2016\/08\/IMG_0127-300x223.jpg 300w, https:\/\/www.marvinchen.de\/olgas_welt\/blog\/wp-content\/uploads\/2016\/08\/IMG_0127-768x571.jpg 768w\" sizes=\"auto, (max-width: 560px) 100vw, 560px\" \/><\/p>\n<p style=\"text-align: center;\"><img loading=\"lazy\" decoding=\"async\" class=\"aligncenter wp-image-4547\" src=\"https:\/\/www.marvinchen.de\/olgas_welt\/blog\/wp-content\/uploads\/2016\/08\/IMG_0132.jpg\" alt=\"IMG_0132\" width=\"560\" height=\"416\" srcset=\"https:\/\/www.marvinchen.de\/olgas_welt\/blog\/wp-content\/uploads\/2016\/08\/IMG_0132.jpg 800w, https:\/\/www.marvinchen.de\/olgas_welt\/blog\/wp-content\/uploads\/2016\/08\/IMG_0132-300x223.jpg 300w, https:\/\/www.marvinchen.de\/olgas_welt\/blog\/wp-content\/uploads\/2016\/08\/IMG_0132-768x571.jpg 768w\" sizes=\"auto, (max-width: 560px) 100vw, 560px\" \/><\/p>\n<p>&#8230; wo in Dresden eher der Barock vorherrscht, spielt dort immer wieder das Italienische bzw. R\u00f6mische eine Rolle im Stadtbild.<\/p>\n<p>Ich denke aber, dass ein solcher Mix aus Altem und Neuen auf jeden Fall zum Leben und zur Weiterentwicklung an sich geh\u00f6rt. Au\u00dferdem: lieber neue Architektur neben alten Einfl\u00fcssen aufbauen, als das Alte dem Abriss freigeben, nur um dem modernen Zeitgeist eine B\u00fchne zu schaffen\u00a0&#8230; davon k\u00f6nnen wir uns sicherlich in unserem bevorstehnden Urlaub in den Vereinigten Arabischen Emiraten sowohl in Dubai\u00a0als auch in\u00a0Abu Dhabi ein Bild machen.<\/p>\n<p>Und\u00a0wo holt die Menschheit sich am liebsten ihre Inspirationen? Genau, bei Mutter Natur,\u00a0welche uns dann eben unter Anderem auch solche Bilder bietet\u00a0\u00a0\u00a0 \ud83d\ude00<\/p>\n<p style=\"text-align: center;\"><img loading=\"lazy\" decoding=\"async\" class=\"aligncenter wp-image-4548\" src=\"https:\/\/www.marvinchen.de\/olgas_welt\/blog\/wp-content\/uploads\/2016\/08\/016-1.jpg\" alt=\"016\" width=\"420\" height=\"560\" srcset=\"https:\/\/www.marvinchen.de\/olgas_welt\/blog\/wp-content\/uploads\/2016\/08\/016-1.jpg 600w, https:\/\/www.marvinchen.de\/olgas_welt\/blog\/wp-content\/uploads\/2016\/08\/016-1-300x400.jpg 300w\" sizes=\"auto, (max-width: 420px) 100vw, 420px\" \/><\/p>\n<p>Und nun werde ich beim Fotografieren einen Monat lang\u00a0meine besondere Aufmerksamkeit\u00a0den allgegenw\u00e4rtigen T\u00fcren und Toren &#8211; ob offen oder geschlossen &#8211; widmen\u00a0\u00a0\u00a0 \ud83d\ude09<\/p>\n","protected":false},"excerpt":{"rendered":"<p>Bei unz\u00e4hligen Touren und Spazierg\u00e4ngen in verschiedenen St\u00e4dten sind mir immer wieder bestimmte Gegens\u00e4tze im Stadtbild aufgefallen: Eine Mischung aus alter Bauweise mit sehr viel\u00a0mehr an Verzierungen und schm\u00fcckendem Beiwerk und aus moderner, n\u00fcchterner Architektur &#8230; beides\u00a0ganz dicht nebeneinander springt mir\u00a0etwas disharmonisch ins Auge. Diesmal wollte ich ganz bewusst solche baulichen Gegens\u00e4tze entdecken und auch [&hellip;]<\/p>\n","protected":false},"author":3,"featured_media":0,"comment_status":"open","ping_status":"closed","sticky":false,"template":"","format":"standard","meta":{"ngg_post_thumbnail":0,"footnotes":""},"categories":[3,822,4,1],"tags":[1297,1023,14,27,1298,423,587,716,847,1085,1159,13,1005,1299],"class_list":["post-4532","post","type-post","status-publish","format-standard","hentry","category-ausfluege-und-reisen","category-fotografie-und-photoshop","category-freud-und-leid","category-olca-und-stan","tag-architektur","tag-baum","tag-carsten","tag-dresden","tag-erich-kaestner","tag-fenster","tag-foto","tag-fotografieren","tag-fotojahresplan","tag-gebaeude","tag-natur","tag-olga","tag-potsdam","tag-uniklinikum"],"_links":{"self":[{"href":"https:\/\/www.marvinchen.de\/olgas_welt\/blog\/wp-json\/wp\/v2\/posts\/4532","targetHints":{"allow":["GET"]}}],"collection":[{"href":"https:\/\/www.marvinchen.de\/olgas_welt\/blog\/wp-json\/wp\/v2\/posts"}],"about":[{"href":"https:\/\/www.marvinchen.de\/olgas_welt\/blog\/wp-json\/wp\/v2\/types\/post"}],"author":[{"embeddable":true,"href":"https:\/\/www.marvinchen.de\/olgas_welt\/blog\/wp-json\/wp\/v2\/users\/3"}],"replies":[{"embeddable":true,"href":"https:\/\/www.marvinchen.de\/olgas_welt\/blog\/wp-json\/wp\/v2\/comments?post=4532"}],"version-history":[{"count":0,"href":"https:\/\/www.marvinchen.de\/olgas_welt\/blog\/wp-json\/wp\/v2\/posts\/4532\/revisions"}],"wp:attachment":[{"href":"https:\/\/www.marvinchen.de\/olgas_welt\/blog\/wp-json\/wp\/v2\/media?parent=4532"}],"wp:term":[{"taxonomy":"category","embeddable":true,"href":"https:\/\/www.marvinchen.de\/olgas_welt\/blog\/wp-json\/wp\/v2\/categories?post=4532"},{"taxonomy":"post_tag","embeddable":true,"href":"https:\/\/www.marvinchen.de\/olgas_welt\/blog\/wp-json\/wp\/v2\/tags?post=4532"}],"curies":[{"name":"wp","href":"https:\/\/api.w.org\/{rel}","templated":true}]}}