{"id":476,"date":"2010-11-30T17:32:49","date_gmt":"2010-11-30T16:32:49","guid":{"rendered":"http:\/\/www.marvinchen.de\/olgas_welt\/blog\/?p=476"},"modified":"2010-11-30T17:32:49","modified_gmt":"2010-11-30T16:32:49","slug":"pfirsich","status":"publish","type":"post","link":"https:\/\/www.marvinchen.de\/olgas_welt\/blog\/2010\/11\/pfirsich\/","title":{"rendered":"Pfirsich"},"content":{"rendered":"<p>Normalerweise schreibe ich jedes Wochenende einen Blogeintrag. Diesmal habe ich das nicht geschafft, da es sehr ausgef\u00fcllten Tage geworden sind.<\/p>\n<p>Ich bin n\u00e4mlich am Freitag ein Pfirsich geworden. Wobei ich gestehen muss, dass die Zahl 40 mir weniger Angst macht als ich es mir vorher ausgemalt habe.<\/p>\n<p>Seit Donnerstag habe ich gebacken, gekocht und war v\u00f6llig aufgekratzt. Am Freitag feierte ich mit den Kollegen auf Arbeit und wurde von ihnen mit vielen s\u00fc\u00dfen (im wahren und im \u00fcbertragenen Sinne) \u00fcberrascht. Auch die Kunden haben sich gemeldet, nicht um zu bestellen, sondern mir einfach alles Gute zu w\u00fcnschen. Von einer Firma habe ich mit Blumenboten einen Blumenstrau\u00df mit eingebundenen Teddy bekommen. Das war schon der zweite am gleichen Tag\u00a0\u00a0\u00a0 \u00a0\ud83d\ude00\u00a0\u00a0\u00a0 Mein Mann verteidigt nun unser Bett, da noch mehr B\u00e4ren dort einfach zu viele w\u00e4ren \u00a0\u00a0\u00a0 \ud83d\ude09\u00a0\u00a0\u00a0 Zu Hause wartete auf mich die ganz traditionelle Post von Alex und von Eva. Ich war sehr ger\u00fchrt, nicht nur \u00fcber die tollen Worte der Beiden, sondern auch \u00fcber den \u00dcberraschungsinhalt der Botschaft aus Portugal\u00a0 \u00a0 :geschenk:<\/p>\n<p>Nachmittags feierte ich mit meinem Mann und meinen M\u00e4dels. Ich muss sagen, ich habe eine wirklich kreative Familie. Von Carsten habe ich Pfirsisch-Ohrringe und -Kette sowie ein T-Shirt bekommen, welches er selber speziell f\u00fcr mich entworfen hat und bedrucken lie\u00df. Ich musste ihm versprechen, beides bei meiner gro\u00dfen Feier im Zschongergrundbad am Samstag zu tragen. Die Kinder haben einen ganz witzigen Auftritt vorbereitet und haben mir eine Flasche ukrainischen Sekt geschenkt, Gummib\u00e4ren und einen Ordner mit den Geschichten und Bildern aus eigener Hand. Ich werde sie fragen, ob ich die b\u00e4rige Geschichte\u00a0hier ver\u00f6ffentlichen darf, denn ich fand sie wirklich s\u00fc\u00df, alles andere nat\u00fcrlich auch, aber das w\u00fcrde\u00a0hier\u00a0den Rahmen sprengen.<\/p>\n<p>Den Rest des Abends verbrachten wir zusammen in der K\u00fcche und haben uns f\u00fcr die Fete am kommenden Tag vorbereitet. Am Samstag mussten wir ganz fr\u00fch aufstehen, weil meine Schulfreundin Dina, welche jetzt seit 5 Jahren in Bergisch Gladbach wohnt, schon kurz vor 8 Uhr morgens am Flughafen ankam. Sie wurde heute fr\u00fch von meinem Schatz schon wieder zum Flughafen gebracht, denn so viel Urlaub konnte sie leider nicht nehmen, wie wir gebraucht h\u00e4tten, um wirklich alles zu bequatschen\u00a0 \u00a0\u00a0 \ud83d\ude00<\/p>\n<p>Der Samstag war einfach nur grandios, fantastisch, umwerfend und voller toller \u00dcberraschungen!!!! Dar\u00fcber werde ich auf jeden Fall einen gesonderten Blogeintrag schreiben und bei Picasa einige Beweisbilder reinstellen.<\/p>\n","protected":false},"excerpt":{"rendered":"<p>Normalerweise schreibe ich jedes Wochenende einen Blogeintrag. Diesmal habe ich das nicht geschafft, da es sehr ausgef\u00fcllten Tage geworden sind. Ich bin n\u00e4mlich am Freitag ein Pfirsich geworden. Wobei ich gestehen muss, dass die Zahl 40 mir weniger Angst macht als ich es mir vorher ausgemalt habe. Seit Donnerstag habe ich gebacken, gekocht und war [&hellip;]<\/p>\n","protected":false},"author":3,"featured_media":0,"comment_status":"open","ping_status":"closed","sticky":false,"template":"","format":"standard","meta":{"ngg_post_thumbnail":0,"footnotes":""},"categories":[478,5,4,7,17,1],"tags":[16,252,320,14,430,237,53,109,137,317,13,15,621],"class_list":["post-476","post","type-post","status-publish","format-standard","hentry","category-bariges-leben","category-essen-und-trinken","category-freud-und-leid","category-freunde-und-co","category-kauderwelsch-und-muttersprache","category-olca-und-stan","tag-andrea","tag-arbeit","tag-bar","tag-carsten","tag-familie","tag-freunde","tag-geburtstag","tag-geburtstagsfeier","tag-geschenke","tag-kinder","tag-olga","tag-stephanie","tag-vergangenheit"],"_links":{"self":[{"href":"https:\/\/www.marvinchen.de\/olgas_welt\/blog\/wp-json\/wp\/v2\/posts\/476","targetHints":{"allow":["GET"]}}],"collection":[{"href":"https:\/\/www.marvinchen.de\/olgas_welt\/blog\/wp-json\/wp\/v2\/posts"}],"about":[{"href":"https:\/\/www.marvinchen.de\/olgas_welt\/blog\/wp-json\/wp\/v2\/types\/post"}],"author":[{"embeddable":true,"href":"https:\/\/www.marvinchen.de\/olgas_welt\/blog\/wp-json\/wp\/v2\/users\/3"}],"replies":[{"embeddable":true,"href":"https:\/\/www.marvinchen.de\/olgas_welt\/blog\/wp-json\/wp\/v2\/comments?post=476"}],"version-history":[{"count":0,"href":"https:\/\/www.marvinchen.de\/olgas_welt\/blog\/wp-json\/wp\/v2\/posts\/476\/revisions"}],"wp:attachment":[{"href":"https:\/\/www.marvinchen.de\/olgas_welt\/blog\/wp-json\/wp\/v2\/media?parent=476"}],"wp:term":[{"taxonomy":"category","embeddable":true,"href":"https:\/\/www.marvinchen.de\/olgas_welt\/blog\/wp-json\/wp\/v2\/categories?post=476"},{"taxonomy":"post_tag","embeddable":true,"href":"https:\/\/www.marvinchen.de\/olgas_welt\/blog\/wp-json\/wp\/v2\/tags?post=476"}],"curies":[{"name":"wp","href":"https:\/\/api.w.org\/{rel}","templated":true}]}}