{"id":4771,"date":"2016-11-25T17:16:58","date_gmt":"2016-11-25T16:16:58","guid":{"rendered":"http:\/\/www.marvinchen.de\/olgas_welt\/blog\/?p=4771"},"modified":"2020-12-20T21:07:43","modified_gmt":"2020-12-20T20:07:43","slug":"carstens-gastbeitrag-olga-ist-stolz-wie-bolle","status":"publish","type":"post","link":"https:\/\/www.marvinchen.de\/olgas_welt\/blog\/2016\/11\/carstens-gastbeitrag-olga-ist-stolz-wie-bolle\/","title":{"rendered":"Carstens Gastbeitrag: Olga ist stolz wie Bolle !!!"},"content":{"rendered":"<p>Auf diesem Foto sitzt Olga inmitten der neun b\u00e4rigen Exponate ihrer baldigen Fotoausstellung beim Betriebs\u00e4rztlichen Dienst des Universit\u00e4tsklinikums Dresden (1. OG im&nbsp;Haus 70 in der&nbsp;Senefelder Stra\u00dfe 2, Zugang \u00fcber Eingang an der Blasewitzer Stra\u00dfe):<\/p>\n<p style=\"text-align: center;\"><img loading=\"lazy\" decoding=\"async\" class=\"aligncenter size-full wp-image-4772\" src=\"https:\/\/www.marvinchen.de\/olgas_welt\/blog\/wp-content\/uploads\/2016\/11\/ausstellung.jpg\" alt=\"ausstellung\" width=\"560\" height=\"420\" srcset=\"https:\/\/www.marvinchen.de\/olgas_welt\/blog\/wp-content\/uploads\/2016\/11\/ausstellung.jpg 560w, https:\/\/www.marvinchen.de\/olgas_welt\/blog\/wp-content\/uploads\/2016\/11\/ausstellung-300x225.jpg 300w\" sizes=\"auto, (max-width: 560px) 100vw, 560px\" \/><\/p>\n<p style=\"text-align: left;\">Die Ausstellung &#8222;Teddyb\u00e4ren auf Achse&#8220; wird voraussichtlich ab dem 29.11. zu sehen sein und bis Ende Januar die Flurw\u00e4nde des Betriebs\u00e4rztlichen Dienstes schm\u00fccken. Aber wenn ihr lieb in den Kommentaren fragt, wird Olga hier im Blog sicherlich auch eine gro\u00dfformatige Sonderausstellung f\u00fcr Ausw\u00e4rtige&nbsp;und Verhinderte zum Besten geben &#8230;&nbsp; \ud83d\ude00<\/p>\n","protected":false},"excerpt":{"rendered":"<p>Auf diesem Foto sitzt Olga inmitten der neun b\u00e4rigen Exponate ihrer baldigen Fotoausstellung beim Betriebs\u00e4rztlichen Dienst des Universit\u00e4tsklinikums Dresden (1. OG im&nbsp;Haus 70 in der&nbsp;Senefelder Stra\u00dfe 2, Zugang \u00fcber Eingang an der Blasewitzer Stra\u00dfe): Die Ausstellung &#8222;Teddyb\u00e4ren auf Achse&#8220; wird voraussichtlich ab dem 29.11. zu sehen sein und bis Ende Januar die Flurw\u00e4nde des Betriebs\u00e4rztlichen [&hellip;]<\/p>\n","protected":false},"author":4,"featured_media":0,"comment_status":"open","ping_status":"closed","sticky":false,"template":"","format":"standard","meta":{"ngg_post_thumbnail":0,"footnotes":""},"categories":[373],"tags":[],"class_list":["post-4771","post","type-post","status-publish","format-standard","hentry","category-gaeste-ergreifen-das-wort"],"_links":{"self":[{"href":"https:\/\/www.marvinchen.de\/olgas_welt\/blog\/wp-json\/wp\/v2\/posts\/4771","targetHints":{"allow":["GET"]}}],"collection":[{"href":"https:\/\/www.marvinchen.de\/olgas_welt\/blog\/wp-json\/wp\/v2\/posts"}],"about":[{"href":"https:\/\/www.marvinchen.de\/olgas_welt\/blog\/wp-json\/wp\/v2\/types\/post"}],"author":[{"embeddable":true,"href":"https:\/\/www.marvinchen.de\/olgas_welt\/blog\/wp-json\/wp\/v2\/users\/4"}],"replies":[{"embeddable":true,"href":"https:\/\/www.marvinchen.de\/olgas_welt\/blog\/wp-json\/wp\/v2\/comments?post=4771"}],"version-history":[{"count":0,"href":"https:\/\/www.marvinchen.de\/olgas_welt\/blog\/wp-json\/wp\/v2\/posts\/4771\/revisions"}],"wp:attachment":[{"href":"https:\/\/www.marvinchen.de\/olgas_welt\/blog\/wp-json\/wp\/v2\/media?parent=4771"}],"wp:term":[{"taxonomy":"category","embeddable":true,"href":"https:\/\/www.marvinchen.de\/olgas_welt\/blog\/wp-json\/wp\/v2\/categories?post=4771"},{"taxonomy":"post_tag","embeddable":true,"href":"https:\/\/www.marvinchen.de\/olgas_welt\/blog\/wp-json\/wp\/v2\/tags?post=4771"}],"curies":[{"name":"wp","href":"https:\/\/api.w.org\/{rel}","templated":true}]}}