{"id":4954,"date":"2017-01-18T18:45:53","date_gmt":"2017-01-18T17:45:53","guid":{"rendered":"http:\/\/www.marvinchen.de\/olgas_welt\/blog\/?p=4954"},"modified":"2017-01-18T18:45:53","modified_gmt":"2017-01-18T17:45:53","slug":"fotojahresplan-jahresprojekt","status":"publish","type":"post","link":"https:\/\/www.marvinchen.de\/olgas_welt\/blog\/2017\/01\/fotojahresplan-jahresprojekt\/","title":{"rendered":"Fotojahresplan &#8211; Jahresprojekt"},"content":{"rendered":"<p>Und nun kommt die allerallerletzte Fotoauswertung aus&nbsp;2016 &#8211; mein Jahresprojekt &#8222;Ampeln und Schilder&#8220;. Wir waren&nbsp;letztes Jahr&nbsp;so viel und so oft auf&nbsp;Tour wie noch nie zuvor. Aber meine Hoffnung auf interessante Ampelm\u00e4nnchen hat sich&nbsp;dennoch nicht wirklich erf\u00fcllt. Spannend fand ich lediglich die spanischen, welche wir auf Gran Canaria gesehen haben &#8230;<\/p>\n<p style=\"text-align: center;\"><img loading=\"lazy\" decoding=\"async\" class=\"aligncenter wp-image-4955\" src=\"https:\/\/www.marvinchen.de\/olgas_welt\/blog\/wp-content\/uploads\/2017\/01\/IMG_1651.jpg\" alt=\"IMG_1651\" width=\"420\" height=\"560\" srcset=\"https:\/\/www.marvinchen.de\/olgas_welt\/blog\/wp-content\/uploads\/2017\/01\/IMG_1651.jpg 600w, https:\/\/www.marvinchen.de\/olgas_welt\/blog\/wp-content\/uploads\/2017\/01\/IMG_1651-300x400.jpg 300w\" sizes=\"auto, (max-width: 420px) 100vw, 420px\" \/><\/p>\n<p style=\"text-align: center;\"><img loading=\"lazy\" decoding=\"async\" class=\"aligncenter wp-image-4956\" src=\"https:\/\/www.marvinchen.de\/olgas_welt\/blog\/wp-content\/uploads\/2017\/01\/IMG_1652.jpg\" alt=\"IMG_1652\" width=\"420\" height=\"560\" srcset=\"https:\/\/www.marvinchen.de\/olgas_welt\/blog\/wp-content\/uploads\/2017\/01\/IMG_1652.jpg 600w, https:\/\/www.marvinchen.de\/olgas_welt\/blog\/wp-content\/uploads\/2017\/01\/IMG_1652-300x400.jpg 300w\" sizes=\"auto, (max-width: 420px) 100vw, 420px\" \/><\/p>\n<p>&#8230; und die t\u00fcrkischen, welche wir in Manavgat entdeckten:<\/p>\n<p style=\"text-align: center;\"><img loading=\"lazy\" decoding=\"async\" class=\"aligncenter wp-image-4957\" src=\"https:\/\/www.marvinchen.de\/olgas_welt\/blog\/wp-content\/uploads\/2017\/01\/IMG_0612.jpg\" alt=\"IMG_0612\" width=\"420\" height=\"560\" srcset=\"https:\/\/www.marvinchen.de\/olgas_welt\/blog\/wp-content\/uploads\/2017\/01\/IMG_0612.jpg 600w, https:\/\/www.marvinchen.de\/olgas_welt\/blog\/wp-content\/uploads\/2017\/01\/IMG_0612-300x400.jpg 300w\" sizes=\"auto, (max-width: 420px) 100vw, 420px\" \/><\/p>\n<p style=\"text-align: center;\"><img loading=\"lazy\" decoding=\"async\" class=\"aligncenter wp-image-4958\" src=\"https:\/\/www.marvinchen.de\/olgas_welt\/blog\/wp-content\/uploads\/2017\/01\/IMG_0613.jpg\" alt=\"IMG_0613\" width=\"420\" height=\"560\" srcset=\"https:\/\/www.marvinchen.de\/olgas_welt\/blog\/wp-content\/uploads\/2017\/01\/IMG_0613.jpg 600w, https:\/\/www.marvinchen.de\/olgas_welt\/blog\/wp-content\/uploads\/2017\/01\/IMG_0613-300x400.jpg 300w\" sizes=\"auto, (max-width: 420px) 100vw, 420px\" \/><\/p>\n<p>Diese Ampelm\u00e4nnchen sehen schon auf jeden Fall anders aus als die, welche ich schon in meinem <a href=\"https:\/\/www.marvinchen.de\/olgas_welt\/blog\/2016\/06\/fotojahresplan-2016-ddr-relikte-und-sozialismus-im-alltag\/\" target=\"_blank\">DDR-Relikte-Fotoprojekt<\/a>&nbsp;gezeigt habe&nbsp;&nbsp;&nbsp; \ud83d\ude09<\/p>\n<p>Die Ausbeute an Schildern aller Art war aber erwartungsgem\u00e4\u00df umfangreicher. Diese habe ich (wie immer mit Carstens Hilfe&nbsp;&nbsp;&nbsp; :verliebt: &nbsp; &nbsp;) zu einer Galerie zusammengestellt und w\u00fcnsche euch nun ganz viel Spa\u00df mit&nbsp;einigen Schmunzlern&nbsp;bei der Durchsicht&nbsp;dieser ausgew\u00e4hlten 50 Aufnahmen.<\/p>\nngg_shortcode_0_placeholder\n<p>&nbsp;<\/p>\n","protected":false},"excerpt":{"rendered":"<p>Und nun kommt die allerallerletzte Fotoauswertung aus&nbsp;2016 &#8211; mein Jahresprojekt &#8222;Ampeln und Schilder&#8220;. Wir waren&nbsp;letztes Jahr&nbsp;so viel und so oft auf&nbsp;Tour wie noch nie zuvor. Aber meine Hoffnung auf interessante Ampelm\u00e4nnchen hat sich&nbsp;dennoch nicht wirklich erf\u00fcllt. Spannend fand ich lediglich die spanischen, welche wir auf Gran Canaria gesehen haben &#8230; &#8230; und die t\u00fcrkischen, welche [&hellip;]<\/p>\n","protected":false},"author":3,"featured_media":0,"comment_status":"open","ping_status":"closed","sticky":false,"template":"","format":"standard","meta":{"ngg_post_thumbnail":0,"footnotes":""},"categories":[3,822,17,1],"tags":[1365,1367,14,587,716,847,1368,1369,13,510,669,1366],"class_list":["post-4954","post","type-post","status-publish","format-standard","hentry","category-ausfluege-und-reisen","category-fotografie-und-photoshop","category-kauderwelsch-und-muttersprache","category-olca-und-stan","tag-ampel","tag-ausland","tag-carsten","tag-foto","tag-fotografieren","tag-fotojahresplan","tag-jahresplan","tag-jahresprojekt","tag-olga","tag-reise","tag-reisen","tag-schild"],"_links":{"self":[{"href":"https:\/\/www.marvinchen.de\/olgas_welt\/blog\/wp-json\/wp\/v2\/posts\/4954","targetHints":{"allow":["GET"]}}],"collection":[{"href":"https:\/\/www.marvinchen.de\/olgas_welt\/blog\/wp-json\/wp\/v2\/posts"}],"about":[{"href":"https:\/\/www.marvinchen.de\/olgas_welt\/blog\/wp-json\/wp\/v2\/types\/post"}],"author":[{"embeddable":true,"href":"https:\/\/www.marvinchen.de\/olgas_welt\/blog\/wp-json\/wp\/v2\/users\/3"}],"replies":[{"embeddable":true,"href":"https:\/\/www.marvinchen.de\/olgas_welt\/blog\/wp-json\/wp\/v2\/comments?post=4954"}],"version-history":[{"count":0,"href":"https:\/\/www.marvinchen.de\/olgas_welt\/blog\/wp-json\/wp\/v2\/posts\/4954\/revisions"}],"wp:attachment":[{"href":"https:\/\/www.marvinchen.de\/olgas_welt\/blog\/wp-json\/wp\/v2\/media?parent=4954"}],"wp:term":[{"taxonomy":"category","embeddable":true,"href":"https:\/\/www.marvinchen.de\/olgas_welt\/blog\/wp-json\/wp\/v2\/categories?post=4954"},{"taxonomy":"post_tag","embeddable":true,"href":"https:\/\/www.marvinchen.de\/olgas_welt\/blog\/wp-json\/wp\/v2\/tags?post=4954"}],"curies":[{"name":"wp","href":"https:\/\/api.w.org\/{rel}","templated":true}]}}