{"id":4959,"date":"2017-01-21T12:52:00","date_gmt":"2017-01-21T11:52:00","guid":{"rendered":"http:\/\/www.marvinchen.de\/olgas_welt\/blog\/?p=4959"},"modified":"2017-01-21T12:52:23","modified_gmt":"2017-01-21T11:52:23","slug":"fotojahresplan-2017","status":"publish","type":"post","link":"https:\/\/www.marvinchen.de\/olgas_welt\/blog\/2017\/01\/fotojahresplan-2017\/","title":{"rendered":"Fotojahresplan 2017"},"content":{"rendered":"<p>Ich wurde schon mehrmals gefragt, welche Fotoaufgaben und Themen ich mir f\u00fcr das neue Jahr ausgedacht habe. Nun&nbsp;m\u00f6chte ich euch nicht mehr l\u00e4nger auf der Folter spannen und verk\u00fcnde hiermit meine Pl\u00e4ne f\u00fcr 2017:<\/p>\n<ul>\n<li>Januar &#8211;&gt;&nbsp;Frozen<\/li>\n<li>Februar &#8211;&gt; Welt zu meinen F\u00fc\u00dfen<\/li>\n<li>M\u00e4rz &#8211;&gt; Mimik und Gef\u00fchle<\/li>\n<li>April &#8211;&gt; Fl\u00fcssigkeiten<\/li>\n<li>Mai &#8211;&gt; Malerei<\/li>\n<li>Juni &#8211;&gt; Tiere in der Stadt<\/li>\n<li>Juli &#8211;&gt; Steiniges<\/li>\n<li>August &#8211;&gt; Gegen das Licht<\/li>\n<li>September &#8211;&gt; K\u00f6rpersprache<\/li>\n<li>Oktober &#8211;&gt; Blattwerk<\/li>\n<li>November &#8211;&gt; Hinter der Glasscheibe<\/li>\n<li>Dezember &#8211;&gt; Miniwelt<\/li>\n<\/ul>\n<p>Ein neues&nbsp;Jahresprojekt gibt es dieses Jahr auch: 4 Jahreszeiten, 12 Monate. Die Idee dahinter ist, ein Ding oder Situation&nbsp;ein Jahr lang monatlich vor die Linse zu bekommen &#8230; es also durch das ganze Jahr hindurch zu begleiten. Mal schauen, was es am Ende wird &nbsp; &nbsp;\ud83d\ude09<\/p>\n<p>Und da ich mit meinen &#8222;verschleppten&#8220; Projekten aus dem Vorjahr bereits reichlich Zeit verplempert habe, sollte ich auch&nbsp;schleunigst mal mit meiner Januaraufgabe beginnen &nbsp; &nbsp;\ud83d\ude00<\/p>\n<p style=\"text-align: center;\"><img loading=\"lazy\" decoding=\"async\" class=\"aligncenter size-full wp-image-4960\" src=\"https:\/\/www.marvinchen.de\/olgas_welt\/blog\/wp-content\/uploads\/2017\/01\/Fotojahresplan-2017.jpg\" alt=\"Fotojahresplan-2017\" width=\"600\" height=\"800\" srcset=\"https:\/\/www.marvinchen.de\/olgas_welt\/blog\/wp-content\/uploads\/2017\/01\/Fotojahresplan-2017.jpg 600w, https:\/\/www.marvinchen.de\/olgas_welt\/blog\/wp-content\/uploads\/2017\/01\/Fotojahresplan-2017-300x400.jpg 300w\" sizes=\"auto, (max-width: 600px) 100vw, 600px\" \/><\/p>\n","protected":false},"excerpt":{"rendered":"<p>Ich wurde schon mehrmals gefragt, welche Fotoaufgaben und Themen ich mir f\u00fcr das neue Jahr ausgedacht habe. Nun&nbsp;m\u00f6chte ich euch nicht mehr l\u00e4nger auf der Folter spannen und verk\u00fcnde hiermit meine Pl\u00e4ne f\u00fcr 2017: Januar &#8211;&gt;&nbsp;Frozen Februar &#8211;&gt; Welt zu meinen F\u00fc\u00dfen M\u00e4rz &#8211;&gt; Mimik und Gef\u00fchle April &#8211;&gt; Fl\u00fcssigkeiten Mai &#8211;&gt; Malerei Juni &#8211;&gt; [&hellip;]<\/p>\n","protected":false},"author":3,"featured_media":0,"comment_status":"open","ping_status":"closed","sticky":false,"template":"","format":"standard","meta":{"ngg_post_thumbnail":0,"footnotes":""},"categories":[822,1],"tags":[1372,1371,587,716,1370,13],"class_list":["post-4959","post","type-post","status-publish","format-standard","hentry","category-fotografie-und-photoshop","category-olca-und-stan","tag-1372","tag-aufgabe","tag-foto","tag-fotografieren","tag-fotojahresplan-2017","tag-olga"],"_links":{"self":[{"href":"https:\/\/www.marvinchen.de\/olgas_welt\/blog\/wp-json\/wp\/v2\/posts\/4959","targetHints":{"allow":["GET"]}}],"collection":[{"href":"https:\/\/www.marvinchen.de\/olgas_welt\/blog\/wp-json\/wp\/v2\/posts"}],"about":[{"href":"https:\/\/www.marvinchen.de\/olgas_welt\/blog\/wp-json\/wp\/v2\/types\/post"}],"author":[{"embeddable":true,"href":"https:\/\/www.marvinchen.de\/olgas_welt\/blog\/wp-json\/wp\/v2\/users\/3"}],"replies":[{"embeddable":true,"href":"https:\/\/www.marvinchen.de\/olgas_welt\/blog\/wp-json\/wp\/v2\/comments?post=4959"}],"version-history":[{"count":0,"href":"https:\/\/www.marvinchen.de\/olgas_welt\/blog\/wp-json\/wp\/v2\/posts\/4959\/revisions"}],"wp:attachment":[{"href":"https:\/\/www.marvinchen.de\/olgas_welt\/blog\/wp-json\/wp\/v2\/media?parent=4959"}],"wp:term":[{"taxonomy":"category","embeddable":true,"href":"https:\/\/www.marvinchen.de\/olgas_welt\/blog\/wp-json\/wp\/v2\/categories?post=4959"},{"taxonomy":"post_tag","embeddable":true,"href":"https:\/\/www.marvinchen.de\/olgas_welt\/blog\/wp-json\/wp\/v2\/tags?post=4959"}],"curies":[{"name":"wp","href":"https:\/\/api.w.org\/{rel}","templated":true}]}}