{"id":4971,"date":"2017-02-03T15:18:04","date_gmt":"2017-02-03T14:18:04","guid":{"rendered":"http:\/\/www.marvinchen.de\/olgas_welt\/blog\/?p=4971"},"modified":"2017-02-03T18:50:55","modified_gmt":"2017-02-03T17:50:55","slug":"die-baerige-fotoausstellung-ist-zuende","status":"publish","type":"post","link":"https:\/\/www.marvinchen.de\/olgas_welt\/blog\/2017\/02\/die-baerige-fotoausstellung-ist-zuende\/","title":{"rendered":"Die b\u00e4rige Fotoausstellung ist zuende"},"content":{"rendered":"<p>Am Dienstag ist meine b\u00e4rige Fotoausstellung &#8222;Teddyb\u00e4ren auf Achse&#8220; nach zwei Monaten Aushang auf den Fluren des betriebs\u00e4rztlichen Dienstes wieder abgenommen worden. F\u00fcr alle, die es leider nicht geschafft haben, sie in Natura zu betrachten, hier alles&nbsp;auch mal als verkleinerte Blogdarstellung.<\/p>\n<p>Dies war mein Vorstellungstext: &#8222;Frau Sander ist seit 2015 Mitarbeiterin im Gesch\u00e4ftsbereich PSD, wo sie sich um die Anliegen unserer ausl\u00e4ndischen Patienten k\u00fcmmert. 1970 in der UdSSR geboren, lebt die Ukrainerin seit 1992 in Deutschland. Seit einigen Jahren widmet sie sich verst\u00e4rkt ihrem Hobby Digitalfotografie. Bislang sind die Ergebnisse ihrer Fotoprojekte nur auf der privaten Homepage <a href=\"https:\/\/www.marvinchen.de\" target=\"_blank\">marvinchen.de<\/a> zu sehen. Diese Ausstellung ist f\u00fcr sie eine Premiere. Das Thema liegt der K\u00fcnstlerin besonders am Herzen: <em>&#8222;Ich habe schon bei meinen ersten Versuchen festgestellt, dass ich mit meinen Teddyb\u00e4renbildern ganz viele Menschen jeglichen Alters zum L\u00e4cheln bringen kann, egal ob schon direkt bei den Aufnahmen im Freien oder erst in meinen Galerie- und Blogeintr\u00e4gen auf der Familienhomepage. Ich schenke meinen Mitmenschen immer gerne etwas Freude, deshalb habe ich mich f\u00fcr dieses unkonventionelle Thema entschieden.&#8220;<\/em><br \/>\nDa Frau Sander auch stets eine kleine Anzahl von Teddyb\u00e4ren in ihrem Reisegep\u00e4ck mitnimmt, gibt es im Rahmen dieser Fotoausstellung eine Auswahl der b\u00e4rigen Abenteuer in Nah und Fern.&#8220;<\/p>\n<p>Doch nun zu den Bildern:<\/p>\n<p style=\"text-align: center;\"><img loading=\"lazy\" decoding=\"async\" class=\"aligncenter size-full wp-image-4973\" src=\"https:\/\/www.marvinchen.de\/olgas_welt\/blog\/wp-content\/uploads\/2017\/02\/Baerenmotiv_1.jpg\" alt=\"Baerenmotiv_1\" width=\"560\" height=\"392\" srcset=\"https:\/\/www.marvinchen.de\/olgas_welt\/blog\/wp-content\/uploads\/2017\/02\/Baerenmotiv_1.jpg 560w, https:\/\/www.marvinchen.de\/olgas_welt\/blog\/wp-content\/uploads\/2017\/02\/Baerenmotiv_1-300x210.jpg 300w\" sizes=\"auto, (max-width: 560px) 100vw, 560px\" \/><\/p>\n<p style=\"text-align: center;\">Bild&nbsp;1 &#8211; Dicke Freunde in der L\u00fcneburger Heide (Deutschland)<\/p>\n<p style=\"text-align: center;\"><img loading=\"lazy\" decoding=\"async\" class=\"aligncenter size-full wp-image-4974\" src=\"https:\/\/www.marvinchen.de\/olgas_welt\/blog\/wp-content\/uploads\/2017\/02\/Baerenmotiv_2.jpg\" alt=\"Baerenmotiv_2\" width=\"560\" height=\"400\" srcset=\"https:\/\/www.marvinchen.de\/olgas_welt\/blog\/wp-content\/uploads\/2017\/02\/Baerenmotiv_2.jpg 560w, https:\/\/www.marvinchen.de\/olgas_welt\/blog\/wp-content\/uploads\/2017\/02\/Baerenmotiv_2-300x214.jpg 300w\" sizes=\"auto, (max-width: 560px) 100vw, 560px\" \/><\/p>\n<p style=\"text-align: center;\">Bild&nbsp;2 &#8211; Steinturmbauer \u00fcber dem Geirangerfjord (Norwegen)<\/p>\n<p style=\"text-align: center;\"><img loading=\"lazy\" decoding=\"async\" class=\"aligncenter size-full wp-image-4975\" src=\"https:\/\/www.marvinchen.de\/olgas_welt\/blog\/wp-content\/uploads\/2017\/02\/Baerenmotiv_3.jpg\" alt=\"Baerenmotiv_3\" width=\"560\" height=\"392\" srcset=\"https:\/\/www.marvinchen.de\/olgas_welt\/blog\/wp-content\/uploads\/2017\/02\/Baerenmotiv_3.jpg 560w, https:\/\/www.marvinchen.de\/olgas_welt\/blog\/wp-content\/uploads\/2017\/02\/Baerenmotiv_3-300x210.jpg 300w\" sizes=\"auto, (max-width: 560px) 100vw, 560px\" \/><\/p>\n<p style=\"text-align: center;\">Bild&nbsp;3 &#8211; Audienz beim Fr\u00fchlingsboten in Dresden-Plauen (Deutschland)<\/p>\n<p style=\"text-align: center;\"><img loading=\"lazy\" decoding=\"async\" class=\"aligncenter size-full wp-image-4976\" src=\"https:\/\/www.marvinchen.de\/olgas_welt\/blog\/wp-content\/uploads\/2017\/02\/Baerenmotiv_4.jpg\" alt=\"Baerenmotiv_4\" width=\"560\" height=\"392\" srcset=\"https:\/\/www.marvinchen.de\/olgas_welt\/blog\/wp-content\/uploads\/2017\/02\/Baerenmotiv_4.jpg 560w, https:\/\/www.marvinchen.de\/olgas_welt\/blog\/wp-content\/uploads\/2017\/02\/Baerenmotiv_4-300x210.jpg 300w\" sizes=\"auto, (max-width: 560px) 100vw, 560px\" \/><\/p>\n<p style=\"text-align: center;\">Bild&nbsp;4 &#8211; Nase an Nase in den Alpen (Schweiz)<\/p>\n<p style=\"text-align: center;\"><img loading=\"lazy\" decoding=\"async\" class=\"aligncenter size-full wp-image-4977\" src=\"https:\/\/www.marvinchen.de\/olgas_welt\/blog\/wp-content\/uploads\/2017\/02\/Baerenmotiv_5.jpg\" alt=\"Baerenmotiv_5\" width=\"560\" height=\"392\" srcset=\"https:\/\/www.marvinchen.de\/olgas_welt\/blog\/wp-content\/uploads\/2017\/02\/Baerenmotiv_5.jpg 560w, https:\/\/www.marvinchen.de\/olgas_welt\/blog\/wp-content\/uploads\/2017\/02\/Baerenmotiv_5-300x210.jpg 300w\" sizes=\"auto, (max-width: 560px) 100vw, 560px\" \/><\/p>\n<p style=\"text-align: center;\">Bild&nbsp;5 &#8211; Beerensammler auf dem Dalsnibba (Norwegen)<\/p>\n<p style=\"text-align: center;\"><img loading=\"lazy\" decoding=\"async\" class=\"aligncenter size-full wp-image-4978\" src=\"https:\/\/www.marvinchen.de\/olgas_welt\/blog\/wp-content\/uploads\/2017\/02\/Baerenmotiv_6.jpg\" alt=\"Baerenmotiv_6\" width=\"560\" height=\"392\" srcset=\"https:\/\/www.marvinchen.de\/olgas_welt\/blog\/wp-content\/uploads\/2017\/02\/Baerenmotiv_6.jpg 560w, https:\/\/www.marvinchen.de\/olgas_welt\/blog\/wp-content\/uploads\/2017\/02\/Baerenmotiv_6-300x210.jpg 300w\" sizes=\"auto, (max-width: 560px) 100vw, 560px\" \/><\/p>\n<p style=\"text-align: center;\">Bild&nbsp;6 &#8211; Bereit zum Sprung als &#8218;Teddy the Eagle&#8216; von der Olympiaschanze in Lillehammer (Norwegen)<\/p>\n<p style=\"text-align: center;\"><img loading=\"lazy\" decoding=\"async\" class=\"aligncenter size-full wp-image-4979\" src=\"https:\/\/www.marvinchen.de\/olgas_welt\/blog\/wp-content\/uploads\/2017\/02\/Baerenmotiv_7.jpg\" alt=\"Baerenmotiv_7\" width=\"392\" height=\"560\" srcset=\"https:\/\/www.marvinchen.de\/olgas_welt\/blog\/wp-content\/uploads\/2017\/02\/Baerenmotiv_7.jpg 392w, https:\/\/www.marvinchen.de\/olgas_welt\/blog\/wp-content\/uploads\/2017\/02\/Baerenmotiv_7-300x429.jpg 300w\" sizes=\"auto, (max-width: 392px) 100vw, 392px\" \/><\/p>\n<p style=\"text-align: center;\">Bild&nbsp;7 &#8211; Im Farbenrausch im Pommern (Polen)<\/p>\n<p style=\"text-align: center;\"><img loading=\"lazy\" decoding=\"async\" class=\"aligncenter size-full wp-image-4980\" src=\"https:\/\/www.marvinchen.de\/olgas_welt\/blog\/wp-content\/uploads\/2017\/02\/Baerenmotiv_8.jpg\" alt=\"Baerenmotiv_8\" width=\"560\" height=\"392\" srcset=\"https:\/\/www.marvinchen.de\/olgas_welt\/blog\/wp-content\/uploads\/2017\/02\/Baerenmotiv_8.jpg 560w, https:\/\/www.marvinchen.de\/olgas_welt\/blog\/wp-content\/uploads\/2017\/02\/Baerenmotiv_8-300x210.jpg 300w\" sizes=\"auto, (max-width: 560px) 100vw, 560px\" \/><\/p>\n<p style=\"text-align: center;\">Bild&nbsp;8 &#8211; Voll verzaubert auf dem Pragel (Schweiz)<\/p>\n<p style=\"text-align: center;\"><img loading=\"lazy\" decoding=\"async\" class=\"aligncenter size-full wp-image-4972\" src=\"https:\/\/www.marvinchen.de\/olgas_welt\/blog\/wp-content\/uploads\/2017\/02\/Baerenmotiv_9.jpg\" alt=\"Baerenmotiv_9\" width=\"560\" height=\"395\" srcset=\"https:\/\/www.marvinchen.de\/olgas_welt\/blog\/wp-content\/uploads\/2017\/02\/Baerenmotiv_9.jpg 560w, https:\/\/www.marvinchen.de\/olgas_welt\/blog\/wp-content\/uploads\/2017\/02\/Baerenmotiv_9-300x212.jpg 300w\" sizes=\"auto, (max-width: 560px) 100vw, 560px\" \/><\/p>\n<p style=\"text-align: center;\">Bild&nbsp;9 &#8211; Kleine Pause auf dem R\u00fcckweg vom Preikestolen (Norwegen)<\/p>\n<p style=\"text-align: left;\">Wer die Fotos doch noch einmal in voller Gr\u00f6\u00dfe, also 7x als DinA2 und 2x als DinA1, sehen m\u00f6chte, der hat ab Ende&nbsp;M\u00e4rz erneut&nbsp;f\u00fcr ein paar Wochen die Gelegenheit in der &#8222;<a href=\"http:\/\/www.artderkultur.de\/index.php\/ueber-uns\/veraenderbar\" target=\"_blank\">Ver\u00e4nderbar<\/a>&#8220; in der Dresdner Neustadt.&nbsp;Im Rahmen der n\u00e4chsten <a href=\"http:\/\/www.phrase4.de\/\" target=\"_blank\">Phrase4-Lesung<\/a>&nbsp;am <strong>21. M\u00e4rz&nbsp;um 20 Uhr<\/strong> darf ich meine <del>alte<\/del> neue Ausstellung im alten Gewand feierlich er\u00f6ffnen &#8230; nat\u00fcrlich mit b\u00e4rigen Leckerlies und vielleicht auch einer b\u00e4rigen Kurzgeschichte &#8211; hier muss auch ich mich \u00fcb\u00e4rraschen lassen &nbsp; &nbsp;:-P:<\/p>\n","protected":false},"excerpt":{"rendered":"<p>Am Dienstag ist meine b\u00e4rige Fotoausstellung &#8222;Teddyb\u00e4ren auf Achse&#8220; nach zwei Monaten Aushang auf den Fluren des betriebs\u00e4rztlichen Dienstes wieder abgenommen worden. F\u00fcr alle, die es leider nicht geschafft haben, sie in Natura zu betrachten, hier alles&nbsp;auch mal als verkleinerte Blogdarstellung. Dies war mein Vorstellungstext: &#8222;Frau Sander ist seit 2015 Mitarbeiterin im Gesch\u00e4ftsbereich PSD, wo [&hellip;]<\/p>\n","protected":false},"author":3,"featured_media":0,"comment_status":"open","ping_status":"closed","sticky":false,"template":"","format":"standard","meta":{"ngg_post_thumbnail":0,"footnotes":""},"categories":[1],"tags":[],"class_list":["post-4971","post","type-post","status-publish","format-standard","hentry","category-olca-und-stan"],"_links":{"self":[{"href":"https:\/\/www.marvinchen.de\/olgas_welt\/blog\/wp-json\/wp\/v2\/posts\/4971","targetHints":{"allow":["GET"]}}],"collection":[{"href":"https:\/\/www.marvinchen.de\/olgas_welt\/blog\/wp-json\/wp\/v2\/posts"}],"about":[{"href":"https:\/\/www.marvinchen.de\/olgas_welt\/blog\/wp-json\/wp\/v2\/types\/post"}],"author":[{"embeddable":true,"href":"https:\/\/www.marvinchen.de\/olgas_welt\/blog\/wp-json\/wp\/v2\/users\/3"}],"replies":[{"embeddable":true,"href":"https:\/\/www.marvinchen.de\/olgas_welt\/blog\/wp-json\/wp\/v2\/comments?post=4971"}],"version-history":[{"count":0,"href":"https:\/\/www.marvinchen.de\/olgas_welt\/blog\/wp-json\/wp\/v2\/posts\/4971\/revisions"}],"wp:attachment":[{"href":"https:\/\/www.marvinchen.de\/olgas_welt\/blog\/wp-json\/wp\/v2\/media?parent=4971"}],"wp:term":[{"taxonomy":"category","embeddable":true,"href":"https:\/\/www.marvinchen.de\/olgas_welt\/blog\/wp-json\/wp\/v2\/categories?post=4971"},{"taxonomy":"post_tag","embeddable":true,"href":"https:\/\/www.marvinchen.de\/olgas_welt\/blog\/wp-json\/wp\/v2\/tags?post=4971"}],"curies":[{"name":"wp","href":"https:\/\/api.w.org\/{rel}","templated":true}]}}