{"id":5023,"date":"2017-02-26T20:06:23","date_gmt":"2017-02-26T19:06:23","guid":{"rendered":"http:\/\/www.marvinchen.de\/olgas_welt\/blog\/?p=5023"},"modified":"2017-02-26T20:06:23","modified_gmt":"2017-02-26T19:06:23","slug":"unser-11-hochzeitstag-oder-afrika-fuer-anfaenger","status":"publish","type":"post","link":"https:\/\/www.marvinchen.de\/olgas_welt\/blog\/2017\/02\/unser-11-hochzeitstag-oder-afrika-fuer-anfaenger\/","title":{"rendered":"Unser 11. Hochzeitstag oder Afrika f\u00fcr Anf\u00e4nger"},"content":{"rendered":"<p>Dieses Jahr haben wir uns relativ sp\u00e4t um unsere Hochzeitstagreise gek\u00fcmmert, aber wenigstens das Ziel stand bereits seit geraumer Zeit fest. Nachdem wir im Fernsehen mal einen <a href=\"http:\/\/www.prosieben.de\/tv\/galileo\/videos\/2016263-stranddiebe-der-kampf-um-den-sand-clip\" target=\"_blank\">Beitrag \u00fcber Sand bzw. darin auch von&nbsp;Sanddieben auf den Kapverden sahen<\/a>&nbsp;(es wird ab 2:10 Minute f\u00fcr diesen Blogeintrag relevant), wollten wir auf diese Inseln im Atlantik&nbsp;fliegen, bevor die gesamten sch\u00f6nen Sandstr\u00e4nde dort zur Geschichte werden. In unserem Reiseb\u00fcro konnten wir uns zwischen den Inseln Sal und Boa Vista entscheiden, die anderen acht Eilands dieser Inselgruppe vor der Westk\u00fcste Afrikas werden noch nicht wirklich als Touristenziele angeboten. Wir entschieden uns f\u00fcr Boa Vista und haben es echt nicht bereut&nbsp;&nbsp;&nbsp; \ud83d\ude00<\/p>\n<p>Bereits nach der Landung unserer Boing 737 hatten wir unsere erste \u00dcberraschung &#8211;&gt; der Flughafen auf dieser Insel hat kein Dach!&nbsp;Damit wurde uns schlagartig klar, hier erwartet man keinen anhaltenden Regen, wie es derzeit bei uns Deutschland \u00fcblich ist.<\/p>\n<p style=\"text-align: center;\"><img loading=\"lazy\" decoding=\"async\" class=\"aligncenter wp-image-5024\" src=\"https:\/\/www.marvinchen.de\/olgas_welt\/blog\/wp-content\/uploads\/2017\/02\/IMG_0004.jpg\" alt=\"IMG_0004\" width=\"520\" height=\"390\" srcset=\"https:\/\/www.marvinchen.de\/olgas_welt\/blog\/wp-content\/uploads\/2017\/02\/IMG_0004.jpg 800w, https:\/\/www.marvinchen.de\/olgas_welt\/blog\/wp-content\/uploads\/2017\/02\/IMG_0004-300x225.jpg 300w, https:\/\/www.marvinchen.de\/olgas_welt\/blog\/wp-content\/uploads\/2017\/02\/IMG_0004-768x576.jpg 768w\" sizes=\"auto, (max-width: 520px) 100vw, 520px\" \/><\/p>\n<p>Nebenbei erw\u00e4hnt hat dieser internationale (!) Flughafen auch kein Radar &#8230; es wird nur auf Sicht geflogen und gelandet bzw. gestartet!!! Keine Sicht, z.B. durch einen Sandsturm, dann eben auch kein Flughafenbetrieb &#8211; so einfach ist das. No Stre\u00df &#8230;<\/p>\n<p>Unsere Hotelanlage <a href=\"https:\/\/www.riu.com\/de\/Paises\/kapverdische-inseln\/boa-vista\/clubhotel-riu-karamboa\/index.jsp\" target=\"_blank\">Rui Karamboa <\/a>gl\u00e4nzte wetterbedingt ebenfalls mit vielen offenen R\u00e4umen und \u00dcberg\u00e4ngen. Die wei\u00dfen Geb\u00e4ude hinter meinem Mann sind keine Stadt, es geh\u00f6rt alles zu unserem&nbsp;Hotel (sichtbar ist hier ca. 1\/4).<\/p>\n<p style=\"text-align: center;\"><img loading=\"lazy\" decoding=\"async\" class=\"aligncenter wp-image-5025\" src=\"https:\/\/www.marvinchen.de\/olgas_welt\/blog\/wp-content\/uploads\/2017\/02\/IMG_0100.jpg\" alt=\"IMG_0100\" width=\"560\" height=\"420\" srcset=\"https:\/\/www.marvinchen.de\/olgas_welt\/blog\/wp-content\/uploads\/2017\/02\/IMG_0100.jpg 800w, https:\/\/www.marvinchen.de\/olgas_welt\/blog\/wp-content\/uploads\/2017\/02\/IMG_0100-300x225.jpg 300w, https:\/\/www.marvinchen.de\/olgas_welt\/blog\/wp-content\/uploads\/2017\/02\/IMG_0100-768x576.jpg 768w\" sizes=\"auto, (max-width: 560px) 100vw, 560px\" \/><\/p>\n<p>Wie man sehen kann, geh\u00f6rt dieser Strand quasi dazu. Er war zu unserem gro\u00dfen Gl\u00fcck&nbsp; immer noch mit ganz ganz viel Sand gef\u00fcllt&nbsp;&nbsp;&nbsp; \ud83d\ude09<\/p>\n<p style=\"text-align: center;\"><img loading=\"lazy\" decoding=\"async\" class=\"aligncenter wp-image-5026\" src=\"https:\/\/www.marvinchen.de\/olgas_welt\/blog\/wp-content\/uploads\/2017\/02\/IMG_0071.jpg\" alt=\"IMG_0071\" width=\"560\" height=\"420\" srcset=\"https:\/\/www.marvinchen.de\/olgas_welt\/blog\/wp-content\/uploads\/2017\/02\/IMG_0071.jpg 800w, https:\/\/www.marvinchen.de\/olgas_welt\/blog\/wp-content\/uploads\/2017\/02\/IMG_0071-300x225.jpg 300w, https:\/\/www.marvinchen.de\/olgas_welt\/blog\/wp-content\/uploads\/2017\/02\/IMG_0071-768x576.jpg 768w\" sizes=\"auto, (max-width: 560px) 100vw, 560px\" \/><\/p>\n<p>\u00dcbrigens, Carsten hat die Akazien\u00e4ste auf dem vorletzten Foto nicht einfach so angesehen &#8211; wir haben dort ziemlich gro\u00dfe Heuschrecken mit ca. 10-15 cm entdeckt. Gl\u00fccklicherweise hatten sie mehr Angst vor uns als wir vor ihnen und so flogen sie im Schwarm immer ganz schnell weg, sobald wir uns den B\u00fcschen n\u00e4herten.<\/p>\n<p style=\"text-align: center;\"><img loading=\"lazy\" decoding=\"async\" class=\"aligncenter wp-image-5027\" src=\"https:\/\/www.marvinchen.de\/olgas_welt\/blog\/wp-content\/uploads\/2017\/02\/IMG_0305.jpg\" alt=\"IMG_0305\" width=\"560\" height=\"420\" srcset=\"https:\/\/www.marvinchen.de\/olgas_welt\/blog\/wp-content\/uploads\/2017\/02\/IMG_0305.jpg 800w, https:\/\/www.marvinchen.de\/olgas_welt\/blog\/wp-content\/uploads\/2017\/02\/IMG_0305-300x225.jpg 300w, https:\/\/www.marvinchen.de\/olgas_welt\/blog\/wp-content\/uploads\/2017\/02\/IMG_0305-768x576.jpg 768w\" sizes=\"auto, (max-width: 560px) 100vw, 560px\" \/><\/p>\n<p>Die Hotelausstattung fanden wir \u00fcbrigens ganz gro\u00dfe Klasse &#8230; mitten im Februar schmeckt so ein Drink am Pool und in der Sonne gleich doppelt gut&nbsp;&nbsp;&nbsp; \ud83d\ude09<\/p>\n<p style=\"text-align: center;\"><img loading=\"lazy\" decoding=\"async\" class=\"aligncenter wp-image-5028\" src=\"https:\/\/www.marvinchen.de\/olgas_welt\/blog\/wp-content\/uploads\/2017\/02\/IMG_0127-1.jpg\" alt=\"IMG_0127\" width=\"560\" height=\"420\" srcset=\"https:\/\/www.marvinchen.de\/olgas_welt\/blog\/wp-content\/uploads\/2017\/02\/IMG_0127-1.jpg 800w, https:\/\/www.marvinchen.de\/olgas_welt\/blog\/wp-content\/uploads\/2017\/02\/IMG_0127-1-300x225.jpg 300w, https:\/\/www.marvinchen.de\/olgas_welt\/blog\/wp-content\/uploads\/2017\/02\/IMG_0127-1-768x576.jpg 768w\" sizes=\"auto, (max-width: 560px) 100vw, 560px\" \/><\/p>\n<p>Im gleichen Pool haben Carsten und ich dann an unserem Hochzeitstag eine Tauchschnupperstunde genommen. Der junge Mann rechts im Bild hat uns in die Geheimnisse des Tauchens angewiesen und hei\u00dft \u00fcbrigens Platini&nbsp;&nbsp;&nbsp; \ud83d\ude42<\/p>\n<p style=\"text-align: center;\"><img loading=\"lazy\" decoding=\"async\" class=\"aligncenter wp-image-5029\" src=\"https:\/\/www.marvinchen.de\/olgas_welt\/blog\/wp-content\/uploads\/2017\/02\/IMG_0666.jpg\" alt=\"IMG_0666\" width=\"560\" height=\"420\" srcset=\"https:\/\/www.marvinchen.de\/olgas_welt\/blog\/wp-content\/uploads\/2017\/02\/IMG_0666.jpg 800w, https:\/\/www.marvinchen.de\/olgas_welt\/blog\/wp-content\/uploads\/2017\/02\/IMG_0666-300x225.jpg 300w, https:\/\/www.marvinchen.de\/olgas_welt\/blog\/wp-content\/uploads\/2017\/02\/IMG_0666-768x576.jpg 768w\" sizes=\"auto, (max-width: 560px) 100vw, 560px\" \/><\/p>\n<p>Ich habe festgestellt, dass eine Taucherausstattung auf dem Kopf optimal die F\u00e4ltchen in meinem Gesicht verschwinden l\u00e4sst &nbsp; &nbsp;\ud83d\ude09<\/p>\n<p style=\"text-align: center;\"><img loading=\"lazy\" decoding=\"async\" class=\"aligncenter wp-image-5030\" src=\"https:\/\/www.marvinchen.de\/olgas_welt\/blog\/wp-content\/uploads\/2017\/02\/IMG_0681.jpg\" alt=\"IMG_0681\" width=\"560\" height=\"420\" srcset=\"https:\/\/www.marvinchen.de\/olgas_welt\/blog\/wp-content\/uploads\/2017\/02\/IMG_0681.jpg 800w, https:\/\/www.marvinchen.de\/olgas_welt\/blog\/wp-content\/uploads\/2017\/02\/IMG_0681-300x225.jpg 300w, https:\/\/www.marvinchen.de\/olgas_welt\/blog\/wp-content\/uploads\/2017\/02\/IMG_0681-768x576.jpg 768w\" sizes=\"auto, (max-width: 560px) 100vw, 560px\" \/><\/p>\n<p>An unserem 11. Hochzeitstag war auch das Bett besonders liebevoll dekoriert:<\/p>\n<p style=\"text-align: center;\"><img loading=\"lazy\" decoding=\"async\" class=\"aligncenter wp-image-5031\" src=\"https:\/\/www.marvinchen.de\/olgas_welt\/blog\/wp-content\/uploads\/2017\/02\/IMG_0715.jpg\" alt=\"IMG_0715\" width=\"560\" height=\"420\" srcset=\"https:\/\/www.marvinchen.de\/olgas_welt\/blog\/wp-content\/uploads\/2017\/02\/IMG_0715.jpg 800w, https:\/\/www.marvinchen.de\/olgas_welt\/blog\/wp-content\/uploads\/2017\/02\/IMG_0715-300x225.jpg 300w, https:\/\/www.marvinchen.de\/olgas_welt\/blog\/wp-content\/uploads\/2017\/02\/IMG_0715-768x576.jpg 768w\" sizes=\"auto, (max-width: 560px) 100vw, 560px\" \/><\/p>\n<p>Zur Feier des Tages g\u00f6nnten wir uns ein Abendessen im afrikanischen Spezialit\u00e4tenrestaurant des Hotels und es gab eine viel zu gro\u00dfe Auswahl:<\/p>\n<p style=\"text-align: center;\"><img loading=\"lazy\" decoding=\"async\" class=\"aligncenter wp-image-5032\" src=\"https:\/\/www.marvinchen.de\/olgas_welt\/blog\/wp-content\/uploads\/2017\/02\/IMG_0764.jpg\" alt=\"IMG_0764\" width=\"420\" height=\"560\" srcset=\"https:\/\/www.marvinchen.de\/olgas_welt\/blog\/wp-content\/uploads\/2017\/02\/IMG_0764.jpg 600w, https:\/\/www.marvinchen.de\/olgas_welt\/blog\/wp-content\/uploads\/2017\/02\/IMG_0764-300x400.jpg 300w\" sizes=\"auto, (max-width: 420px) 100vw, 420px\" \/><\/p>\n<p>So haben wir uns vom Buffet wieder von jedem ein bisschen auf den Teller gepackt:<\/p>\n<p style=\"text-align: center;\"><img loading=\"lazy\" decoding=\"async\" class=\"aligncenter wp-image-5033\" src=\"https:\/\/www.marvinchen.de\/olgas_welt\/blog\/wp-content\/uploads\/2017\/02\/IMG_0771.jpg\" alt=\"IMG_0771\" width=\"420\" height=\"560\" srcset=\"https:\/\/www.marvinchen.de\/olgas_welt\/blog\/wp-content\/uploads\/2017\/02\/IMG_0771.jpg 600w, https:\/\/www.marvinchen.de\/olgas_welt\/blog\/wp-content\/uploads\/2017\/02\/IMG_0771-300x400.jpg 300w\" sizes=\"auto, (max-width: 420px) 100vw, 420px\" \/><\/p>\n<p>Die Schildkr\u00f6tenbr\u00f6tchen (oben mittig auf meinem Teller) hat man mit so viel Liebe und so kunstvoll gebacken, dass ich mir fast wie eine M\u00f6rderin vorkam, als ich die Beinchen und den Kopf abgerissen habe, um diese als erstes zu essen&nbsp;&nbsp;&nbsp; :erroeten:<\/p>\n<p>Aber wir haben nat\u00fcrlich nicht nur gefeiert, gefaulenzt&nbsp;und gegessen, sondern uns auch andere Ecken und Gegenden der Insel von Birte, einer wirklich erstklassigen Reiseleiterin von <a href=\"http:\/\/boavista-tours.com\/\" target=\"_blank\">Boa Vista Tours<\/a>, zeigen lassen. Unter anderem haben wir die Reste des <a href=\"http:\/\/www.easyvoyage.de\/kap-verde\/das-schiffswrack-von-cabo-santa-maria-5750\" target=\"_blank\">Schiffswracks Cabo Santa Maria <\/a>gesehen. Auf den Bildern im Internet, welche wir uns vorher angeschaut haben, war noch wesentlich mehr an dem gestrandeten Schiff dran, aber es war auch f\u00fcr uns noch ausreichend zum Angucken da&nbsp;&nbsp;&nbsp; \ud83d\ude09<\/p>\n<p style=\"text-align: center;\"><img loading=\"lazy\" decoding=\"async\" class=\"aligncenter wp-image-5034\" src=\"https:\/\/www.marvinchen.de\/olgas_welt\/blog\/wp-content\/uploads\/2017\/02\/IMG_0455.jpg\" alt=\"IMG_0455\" width=\"560\" height=\"420\" srcset=\"https:\/\/www.marvinchen.de\/olgas_welt\/blog\/wp-content\/uploads\/2017\/02\/IMG_0455.jpg 800w, https:\/\/www.marvinchen.de\/olgas_welt\/blog\/wp-content\/uploads\/2017\/02\/IMG_0455-300x225.jpg 300w, https:\/\/www.marvinchen.de\/olgas_welt\/blog\/wp-content\/uploads\/2017\/02\/IMG_0455-768x576.jpg 768w\" sizes=\"auto, (max-width: 560px) 100vw, 560px\" \/><\/p>\n<p>Da merkt man wieder, was Salzwasser zusammen mit Wind anrichten kann. Diesen Gedanken hatten wir auch beim Besuch des Farols auf der Ostseite&nbsp;der ca. 30&#215;30 km gro\u00dfen Insel. Dieser Leuchtturm ist allerdings nicht mehr in Betrieb.<\/p>\n<p style=\"text-align: center;\"><img loading=\"lazy\" decoding=\"async\" class=\"aligncenter wp-image-5035\" src=\"https:\/\/www.marvinchen.de\/olgas_welt\/blog\/wp-content\/uploads\/2017\/02\/IMG_0853.jpg\" alt=\"IMG_0853\" width=\"560\" height=\"420\" srcset=\"https:\/\/www.marvinchen.de\/olgas_welt\/blog\/wp-content\/uploads\/2017\/02\/IMG_0853.jpg 800w, https:\/\/www.marvinchen.de\/olgas_welt\/blog\/wp-content\/uploads\/2017\/02\/IMG_0853-300x225.jpg 300w, https:\/\/www.marvinchen.de\/olgas_welt\/blog\/wp-content\/uploads\/2017\/02\/IMG_0853-768x576.jpg 768w\" sizes=\"auto, (max-width: 560px) 100vw, 560px\" \/><\/p>\n<p>Auf eigene Verantwortung konnte man hineingehen und nach oben klettern. Die Leitern sind noch ziemlich stabil und der Blick von oben war eine solche&nbsp;Kletterei auf jeden Fall wert. Hier mal ein Ausblick zum Strand:<\/p>\n<p style=\"text-align: center;\"><img loading=\"lazy\" decoding=\"async\" class=\"aligncenter wp-image-5036\" src=\"https:\/\/www.marvinchen.de\/olgas_welt\/blog\/wp-content\/uploads\/2017\/02\/IMG_0861.jpg\" alt=\"IMG_0861\" width=\"420\" height=\"560\" srcset=\"https:\/\/www.marvinchen.de\/olgas_welt\/blog\/wp-content\/uploads\/2017\/02\/IMG_0861.jpg 600w, https:\/\/www.marvinchen.de\/olgas_welt\/blog\/wp-content\/uploads\/2017\/02\/IMG_0861-300x400.jpg 300w\" sizes=\"auto, (max-width: 420px) 100vw, 420px\" \/><\/p>\n<p>Und hier von der k\u00fcstenabgewandten Seite. Man kann unsere Pick-Ups (rot &amp; blau) sehen. Ansonsten erinnerten uns diese Weite und diese Farben sehr an Australien.<\/p>\n<p style=\"text-align: center;\"><img loading=\"lazy\" decoding=\"async\" class=\"aligncenter wp-image-5037\" src=\"https:\/\/www.marvinchen.de\/olgas_welt\/blog\/wp-content\/uploads\/2017\/02\/IMG_0886.jpg\" alt=\"IMG_0886\" width=\"560\" height=\"420\" srcset=\"https:\/\/www.marvinchen.de\/olgas_welt\/blog\/wp-content\/uploads\/2017\/02\/IMG_0886.jpg 800w, https:\/\/www.marvinchen.de\/olgas_welt\/blog\/wp-content\/uploads\/2017\/02\/IMG_0886-300x225.jpg 300w, https:\/\/www.marvinchen.de\/olgas_welt\/blog\/wp-content\/uploads\/2017\/02\/IMG_0886-768x576.jpg 768w\" sizes=\"auto, (max-width: 560px) 100vw, 560px\" \/><\/p>\n<p>So klein diese Insel auch ist, es dauert immer eine Weile, bis man von A nach B kommt. Solche Pick-Ups, \u00fcberwiegend das unverw\u00fcstliche Model Hilux von Toyota,&nbsp;sind schon eine sehr praktisches Gef\u00e4hrt, denn einen \u00f6ffentlichen Nahverkehr gibt es auf der Insel nicht und Zweir\u00e4der, egal ob mit oder ohne Motor, machen bei den dortigen Buckelpisten (es gibt auf der gesamten Insel nur drei kleine Abschnitte mit geteerter Stra\u00dfe) keinen Sinn. Daf\u00fcr k\u00f6nnen die Transportmittel auch sehr oft ziemlich traditionell sein:<\/p>\n<p style=\"text-align: center;\"><img loading=\"lazy\" decoding=\"async\" class=\"aligncenter wp-image-5038\" src=\"https:\/\/www.marvinchen.de\/olgas_welt\/blog\/wp-content\/uploads\/2017\/02\/IMG_1308.jpg\" alt=\"IMG_1308\" width=\"560\" height=\"420\" srcset=\"https:\/\/www.marvinchen.de\/olgas_welt\/blog\/wp-content\/uploads\/2017\/02\/IMG_1308.jpg 800w, https:\/\/www.marvinchen.de\/olgas_welt\/blog\/wp-content\/uploads\/2017\/02\/IMG_1308-300x225.jpg 300w, https:\/\/www.marvinchen.de\/olgas_welt\/blog\/wp-content\/uploads\/2017\/02\/IMG_1308-768x576.jpg 768w\" sizes=\"auto, (max-width: 560px) 100vw, 560px\" \/><\/p>\n<p>Carsten und ich f\u00fchlten uns auf der Au\u00dfensitzfl\u00e4che der Pick-Ups richtig wohl, allerdings waren wir nach jedem Ausflug v\u00f6llig verstaubt und hatten richtig stumpfe, glanzlose&nbsp;Haare. Das waren aber Kleinigkeiten im Vergleich zum gebotenen Fahrspa\u00df!<\/p>\n<p style=\"text-align: center;\"><img loading=\"lazy\" decoding=\"async\" class=\"aligncenter wp-image-5039\" src=\"https:\/\/www.marvinchen.de\/olgas_welt\/blog\/wp-content\/uploads\/2017\/02\/IMG_1316.jpg\" alt=\"IMG_1316\" width=\"560\" height=\"420\" srcset=\"https:\/\/www.marvinchen.de\/olgas_welt\/blog\/wp-content\/uploads\/2017\/02\/IMG_1316.jpg 800w, https:\/\/www.marvinchen.de\/olgas_welt\/blog\/wp-content\/uploads\/2017\/02\/IMG_1316-300x225.jpg 300w, https:\/\/www.marvinchen.de\/olgas_welt\/blog\/wp-content\/uploads\/2017\/02\/IMG_1316-768x576.jpg 768w\" sizes=\"auto, (max-width: 560px) 100vw, 560px\" \/><\/p>\n<p>Wir hatten insgesamt jede Menge Spa\u00df! Sowohl beim beim Springen von den feinen Sandd\u00fcnen der <a href=\"http:\/\/www.boavistaofficial.com\/DE\/exkursionen-wildnis-viana-dune-boavista-kap-verde.php\" target=\"_blank\">W\u00fcste von Viana<\/a>&nbsp;&#8230;<\/p>\n<p style=\"text-align: center;\"><img loading=\"lazy\" decoding=\"async\" class=\"aligncenter wp-image-5040\" src=\"https:\/\/www.marvinchen.de\/olgas_welt\/blog\/wp-content\/uploads\/2017\/02\/IMG_1382.jpg\" alt=\"IMG_1382\" width=\"560\" height=\"420\" srcset=\"https:\/\/www.marvinchen.de\/olgas_welt\/blog\/wp-content\/uploads\/2017\/02\/IMG_1382.jpg 800w, https:\/\/www.marvinchen.de\/olgas_welt\/blog\/wp-content\/uploads\/2017\/02\/IMG_1382-300x225.jpg 300w, https:\/\/www.marvinchen.de\/olgas_welt\/blog\/wp-content\/uploads\/2017\/02\/IMG_1382-768x576.jpg 768w\" sizes=\"auto, (max-width: 560px) 100vw, 560px\" \/><\/p>\n<p>&#8230; als auch beim Baden am karibisch anmutenden&nbsp;<a href=\"http:\/\/www.boavistaofficial.com\/DE\/exkursionen-santa-monica-beach-boavista-kap-verde.php\" target=\"_blank\">Santa Monica-Strand<\/a>&nbsp;&#8230;<\/p>\n<p style=\"text-align: center;\"><img loading=\"lazy\" decoding=\"async\" class=\"aligncenter wp-image-5041\" src=\"https:\/\/www.marvinchen.de\/olgas_welt\/blog\/wp-content\/uploads\/2017\/02\/IMG_1438.jpg\" alt=\"IMG_1438\" width=\"560\" height=\"420\" srcset=\"https:\/\/www.marvinchen.de\/olgas_welt\/blog\/wp-content\/uploads\/2017\/02\/IMG_1438.jpg 800w, https:\/\/www.marvinchen.de\/olgas_welt\/blog\/wp-content\/uploads\/2017\/02\/IMG_1438-300x225.jpg 300w, https:\/\/www.marvinchen.de\/olgas_welt\/blog\/wp-content\/uploads\/2017\/02\/IMG_1438-768x576.jpg 768w\" sizes=\"auto, (max-width: 560px) 100vw, 560px\" \/><\/p>\n<p>&#8230; als auch beim Sammeln von Fechterschneckenh\u00e4uschen am <a href=\"http:\/\/boavista-tours.com\/morronegro.html\" target=\"_blank\">Strand bei Porto Ferreira<\/a>&nbsp;&#8230;<\/p>\n<p style=\"text-align: center;\"><img loading=\"lazy\" decoding=\"async\" class=\"aligncenter wp-image-5042\" src=\"https:\/\/www.marvinchen.de\/olgas_welt\/blog\/wp-content\/uploads\/2017\/02\/IMG_0953.jpg\" alt=\"IMG_0953\" width=\"560\" height=\"420\" srcset=\"https:\/\/www.marvinchen.de\/olgas_welt\/blog\/wp-content\/uploads\/2017\/02\/IMG_0953.jpg 800w, https:\/\/www.marvinchen.de\/olgas_welt\/blog\/wp-content\/uploads\/2017\/02\/IMG_0953-300x225.jpg 300w, https:\/\/www.marvinchen.de\/olgas_welt\/blog\/wp-content\/uploads\/2017\/02\/IMG_0953-768x576.jpg 768w\" sizes=\"auto, (max-width: 560px) 100vw, 560px\" \/><\/p>\n<p>&#8230; als auch beim Sandboarden &#8230;<\/p>\n<p style=\"text-align: center;\"><img loading=\"lazy\" decoding=\"async\" class=\"aligncenter wp-image-5043\" src=\"https:\/\/www.marvinchen.de\/olgas_welt\/blog\/wp-content\/uploads\/2017\/02\/IMG_1776.jpg\" alt=\"IMG_1776\" width=\"560\" height=\"420\" srcset=\"https:\/\/www.marvinchen.de\/olgas_welt\/blog\/wp-content\/uploads\/2017\/02\/IMG_1776.jpg 800w, https:\/\/www.marvinchen.de\/olgas_welt\/blog\/wp-content\/uploads\/2017\/02\/IMG_1776-300x225.jpg 300w, https:\/\/www.marvinchen.de\/olgas_welt\/blog\/wp-content\/uploads\/2017\/02\/IMG_1776-768x576.jpg 768w\" sizes=\"auto, (max-width: 560px) 100vw, 560px\" \/><\/p>\n<p>&#8230; als auch beim schlichten Sitzen am Strand im Sand&nbsp;unter einer Palme.<\/p>\n<p style=\"text-align: center;\"><img loading=\"lazy\" decoding=\"async\" class=\"aligncenter wp-image-5044\" src=\"https:\/\/www.marvinchen.de\/olgas_welt\/blog\/wp-content\/uploads\/2017\/02\/IMG_1161.jpg\" alt=\"IMG_1161\" width=\"420\" height=\"560\" srcset=\"https:\/\/www.marvinchen.de\/olgas_welt\/blog\/wp-content\/uploads\/2017\/02\/IMG_1161.jpg 600w, https:\/\/www.marvinchen.de\/olgas_welt\/blog\/wp-content\/uploads\/2017\/02\/IMG_1161-300x400.jpg 300w\" sizes=\"auto, (max-width: 420px) 100vw, 420px\" \/><\/p>\n<p>Es war zweifelsohne eine sch\u00f6ne und bunte Woche. Ich f\u00fcr meinen Teil habe mich besonders an den kr\u00e4ftigen Farben des Himmels und des Ozeans erfreut &#8211; es war ein wahrer&nbsp;Augenschmaus nach den &#8222;50 Shades of Grey&#8220; eines deutschen Winters&nbsp;&nbsp;&nbsp; \ud83d\ude00 &nbsp; &nbsp;ich hoffe ihr gebt mir sp\u00e4testens nach diesem Bild vom Santa Monica-Beach recht &nbsp; &nbsp;\ud83d\ude09&nbsp;<\/p>\n<p style=\"text-align: center;\"><img loading=\"lazy\" decoding=\"async\" class=\"aligncenter wp-image-5045\" src=\"https:\/\/www.marvinchen.de\/olgas_welt\/blog\/wp-content\/uploads\/2017\/02\/IMG_1417.jpg\" alt=\"IMG_1417\" width=\"560\" height=\"414\" srcset=\"https:\/\/www.marvinchen.de\/olgas_welt\/blog\/wp-content\/uploads\/2017\/02\/IMG_1417.jpg 800w, https:\/\/www.marvinchen.de\/olgas_welt\/blog\/wp-content\/uploads\/2017\/02\/IMG_1417-300x222.jpg 300w, https:\/\/www.marvinchen.de\/olgas_welt\/blog\/wp-content\/uploads\/2017\/02\/IMG_1417-768x567.jpg 768w\" sizes=\"auto, (max-width: 560px) 100vw, 560px\" \/><\/p>\n<p>Jedenfalls scheint es so zu sein, dass auf Boa Vista der Sandklau vorerst noch kein Thema ist. Im Gegenteil, hier wird auf die Str\u00e4nde sehr gut aufgepasst, denn demn\u00e4chst werden mindestens f\u00fcnf weitere Hotelkomplexe auf dieser Insel verteilt gebaut. Es wird bestimmt sehr positiv&nbsp;f\u00fcr die Einheimischen sein, denn Hotels bringen eben auch viele Arbeitspl\u00e4tze mit sich. Aber ich bin doch sehr froh, dass wir die Boa Vista noch in ihrer mehr oder weniger urspr\u00fcnglichen Gestalt kennenlernen durften.&nbsp;Dazu konnte ich meine versch\u00fctteten Portugiesisch-Kenntnisse wieder ausbuddeln und anwenden. Wir haben wieder sehr nette Menschen getroffen und ihnen ein Pl\u00e4tzchen in unserem Herzen und auf unserer <a href=\"https:\/\/www.marvinchen.de\/webbibliothek\/_tagebuecher\/_wall_of_visitors\/visitors.htm\" target=\"_blank\">Wall of Visitors<\/a> reserviert. Auch&nbsp;die Fotogalerie \u00fcber&nbsp;meine <a href=\"https:\/\/www.marvinchen.de\/webbibliothek\/_tagebuecher\/_olgaobsession\/obsession.htm\" target=\"_blank\">4. Obsession<\/a>&nbsp;wurde mit mehreren Bildern aufgef\u00fcllt &#8211; ich w\u00fcnsche euch viel Spa\u00df beim St\u00f6bern und Entdecken&nbsp;&nbsp;&nbsp; \ud83d\ude42<\/p>\n","protected":false},"excerpt":{"rendered":"<p>Dieses Jahr haben wir uns relativ sp\u00e4t um unsere Hochzeitstagreise gek\u00fcmmert, aber wenigstens das Ziel stand bereits seit geraumer Zeit fest. Nachdem wir im Fernsehen mal einen Beitrag \u00fcber Sand bzw. darin auch von&nbsp;Sanddieben auf den Kapverden sahen&nbsp;(es wird ab 2:10 Minute f\u00fcr diesen Blogeintrag relevant), wollten wir auf diese Inseln im Atlantik&nbsp;fliegen, bevor die [&hellip;]<\/p>\n","protected":false},"author":3,"featured_media":0,"comment_status":"open","ping_status":"closed","sticky":false,"template":"","format":"standard","meta":{"ngg_post_thumbnail":0,"footnotes":""},"categories":[3,5,4,10,17,1],"tags":[1400,1392,714,1394,1395,14,162,169,1386,1393,13,1397,1401,510,1396,218,1399,1222,1402,1398],"class_list":["post-5023","post","type-post","status-publish","format-standard","hentry","category-ausfluege-und-reisen","category-essen-und-trinken","category-freud-und-leid","category-hc-und-cs","category-kauderwelsch-und-muttersprache","category-olca-und-stan","tag-4-obsession","tag-afrika","tag-baden","tag-boa-vista","tag-boa-vista-tours","tag-carsten","tag-hochzeitstag","tag-hotel","tag-insel","tag-kapverden","tag-olga","tag-pick-up","tag-portugiesisch","tag-reise","tag-sanboarding","tag-sand","tag-schiffswrack","tag-strand","tag-wall-of-visitors","tag-wueste"],"_links":{"self":[{"href":"https:\/\/www.marvinchen.de\/olgas_welt\/blog\/wp-json\/wp\/v2\/posts\/5023","targetHints":{"allow":["GET"]}}],"collection":[{"href":"https:\/\/www.marvinchen.de\/olgas_welt\/blog\/wp-json\/wp\/v2\/posts"}],"about":[{"href":"https:\/\/www.marvinchen.de\/olgas_welt\/blog\/wp-json\/wp\/v2\/types\/post"}],"author":[{"embeddable":true,"href":"https:\/\/www.marvinchen.de\/olgas_welt\/blog\/wp-json\/wp\/v2\/users\/3"}],"replies":[{"embeddable":true,"href":"https:\/\/www.marvinchen.de\/olgas_welt\/blog\/wp-json\/wp\/v2\/comments?post=5023"}],"version-history":[{"count":0,"href":"https:\/\/www.marvinchen.de\/olgas_welt\/blog\/wp-json\/wp\/v2\/posts\/5023\/revisions"}],"wp:attachment":[{"href":"https:\/\/www.marvinchen.de\/olgas_welt\/blog\/wp-json\/wp\/v2\/media?parent=5023"}],"wp:term":[{"taxonomy":"category","embeddable":true,"href":"https:\/\/www.marvinchen.de\/olgas_welt\/blog\/wp-json\/wp\/v2\/categories?post=5023"},{"taxonomy":"post_tag","embeddable":true,"href":"https:\/\/www.marvinchen.de\/olgas_welt\/blog\/wp-json\/wp\/v2\/tags?post=5023"}],"curies":[{"name":"wp","href":"https:\/\/api.w.org\/{rel}","templated":true}]}}