{"id":5094,"date":"2017-04-17T16:52:07","date_gmt":"2017-04-17T14:52:07","guid":{"rendered":"http:\/\/www.marvinchen.de\/olgas_welt\/blog\/?p=5094"},"modified":"2017-04-17T16:52:07","modified_gmt":"2017-04-17T14:52:07","slug":"fruehlingsfreuden","status":"publish","type":"post","link":"https:\/\/www.marvinchen.de\/olgas_welt\/blog\/2017\/04\/fruehlingsfreuden\/","title":{"rendered":"Fr\u00fchlingsfreuden"},"content":{"rendered":"<p>Es hat lange gedauert, aber nun l\u00e4sst sich endlich der Fr\u00fchling an einigen Tagen auch in unserer Gegend samt&nbsp;Begleitung&nbsp;von Sonne und&nbsp;W\u00e4rme blicken. Noch hat er sich zwar nicht f\u00fcr einen dauerhaften Aufenthalt entschieden, aber wir lassen uns nicht&nbsp;durch seine Unentschlossenheit entmutigen und genie\u00dfen einfach all das, was man nach einem langen Winter vermisst hat.<\/p>\n<p>Zum Beispiel einen Wandertag als Familie (so passiert am 2.4.):<\/p>\n<p style=\"text-align: center;\"><img loading=\"lazy\" decoding=\"async\" class=\"aligncenter wp-image-5095\" src=\"https:\/\/www.marvinchen.de\/olgas_welt\/blog\/wp-content\/uploads\/2017\/04\/001.jpg\" alt=\"\" width=\"520\" height=\"390\" srcset=\"https:\/\/www.marvinchen.de\/olgas_welt\/blog\/wp-content\/uploads\/2017\/04\/001.jpg 800w, https:\/\/www.marvinchen.de\/olgas_welt\/blog\/wp-content\/uploads\/2017\/04\/001-300x225.jpg 300w, https:\/\/www.marvinchen.de\/olgas_welt\/blog\/wp-content\/uploads\/2017\/04\/001-768x576.jpg 768w\" sizes=\"auto, (max-width: 520px) 100vw, 520px\" \/><\/p>\n<p>Hier haben wir schon wieder gut zu lachen, denn der lange und mit Steigungen gespickte&nbsp;Weg zu den <a href=\"https:\/\/de.wikipedia.org\/wiki\/Schrammsteine\" target=\"_blank\">Schrammsteinen<\/a> liegt bereits hinter uns.<\/p>\n<p style=\"text-align: center;\"><img loading=\"lazy\" decoding=\"async\" class=\"aligncenter wp-image-5096\" src=\"https:\/\/www.marvinchen.de\/olgas_welt\/blog\/wp-content\/uploads\/2017\/04\/003.jpg\" alt=\"\" width=\"420\" height=\"560\" srcset=\"https:\/\/www.marvinchen.de\/olgas_welt\/blog\/wp-content\/uploads\/2017\/04\/003.jpg 600w, https:\/\/www.marvinchen.de\/olgas_welt\/blog\/wp-content\/uploads\/2017\/04\/003-300x400.jpg 300w\" sizes=\"auto, (max-width: 420px) 100vw, 420px\" \/><\/p>\n<p>So&nbsp;haben wir den recht steilen Auf- und Abstieg absolut unfallfrei gemeistert&nbsp;&nbsp;&nbsp; \ud83d\ude00<\/p>\n<p style=\"text-align: center;\"><img loading=\"lazy\" decoding=\"async\" class=\"aligncenter wp-image-5097\" src=\"https:\/\/www.marvinchen.de\/olgas_welt\/blog\/wp-content\/uploads\/2017\/04\/002.jpg\" alt=\"\" width=\"560\" height=\"420\" srcset=\"https:\/\/www.marvinchen.de\/olgas_welt\/blog\/wp-content\/uploads\/2017\/04\/002.jpg 800w, https:\/\/www.marvinchen.de\/olgas_welt\/blog\/wp-content\/uploads\/2017\/04\/002-300x225.jpg 300w, https:\/\/www.marvinchen.de\/olgas_welt\/blog\/wp-content\/uploads\/2017\/04\/002-768x576.jpg 768w\" sizes=\"auto, (max-width: 560px) 100vw, 560px\" \/><\/p>\n<p>Die W\u00e4rme eines sch\u00f6nen Freitagnachmittags (es war der 31.3.) lockte Julia, Randy, Carsten und mich auch zu einem Treffen bei unserem Haus- und Hofd\u00f6nermann und danach beschlossen wir ganz spontan, dass sich dazu perfekt eine Portion Eis bei &#8222;<a href=\"http:\/\/www.willyvanilli.de\/\" target=\"_blank\">Willy Vanilli<\/a>&#8220; als Nachtisch anbietet. Damit noch nicht genug, g\u00f6nnten wir uns anschlie\u00dfend sogar noch einen gem\u00fctlichen Schwatz im nicht weit entfernten&nbsp;Biergarten &#8222;<a href=\"http:\/\/www.el-horst.de\/\" target=\"_blank\">El Horst<\/a>&#8220; &#8211; mal ehrlich, so f\u00e4ngt ein Wochenende doch wirklich toll an, oder nicht ? &nbsp; &nbsp;\ud83d\ude42<\/p>\n<p style=\"text-align: center;\"><img loading=\"lazy\" decoding=\"async\" class=\"aligncenter wp-image-5098\" src=\"https:\/\/www.marvinchen.de\/olgas_welt\/blog\/wp-content\/uploads\/2017\/04\/004.jpg\" alt=\"\" width=\"560\" height=\"373\" srcset=\"https:\/\/www.marvinchen.de\/olgas_welt\/blog\/wp-content\/uploads\/2017\/04\/004.jpg 800w, https:\/\/www.marvinchen.de\/olgas_welt\/blog\/wp-content\/uploads\/2017\/04\/004-300x200.jpg 300w, https:\/\/www.marvinchen.de\/olgas_welt\/blog\/wp-content\/uploads\/2017\/04\/004-768x512.jpg 768w\" sizes=\"auto, (max-width: 560px) 100vw, 560px\" \/><\/p>\n<p>An einem anderen sch\u00f6nen Sonntag (9.4.) war unser Tagesprogramm ziemlich stark auf gutes Essen&nbsp;in noch besserer&nbsp;Gesellschaft ausgerichtet&nbsp;&nbsp;&nbsp; \ud83d\ude42 &nbsp; &nbsp;und wer uns kennt, weiss, dass wir beides stets sehr gut zu sch\u00e4tzen wissen&nbsp;&nbsp;&nbsp; \ud83d\ude09<\/p>\n<p>Vormittags gab es leckeres und wirklich gesundes Fr\u00fchst\u00fcck bei <a href=\"http:\/\/www.personaltrainerdresden.de\/?page=15\" target=\"_blank\">Dana<\/a>&nbsp;&#8230;<\/p>\n<p style=\"text-align: center;\"><img loading=\"lazy\" decoding=\"async\" class=\"aligncenter wp-image-5099\" src=\"https:\/\/www.marvinchen.de\/olgas_welt\/blog\/wp-content\/uploads\/2017\/04\/006.jpg\" alt=\"\" width=\"560\" height=\"420\" srcset=\"https:\/\/www.marvinchen.de\/olgas_welt\/blog\/wp-content\/uploads\/2017\/04\/006.jpg 800w, https:\/\/www.marvinchen.de\/olgas_welt\/blog\/wp-content\/uploads\/2017\/04\/006-300x225.jpg 300w, https:\/\/www.marvinchen.de\/olgas_welt\/blog\/wp-content\/uploads\/2017\/04\/006-768x576.jpg 768w\" sizes=\"auto, (max-width: 560px) 100vw, 560px\" \/><\/p>\n<p>&#8230; und weil wir ganz schlecht im Schnorren sind, haben wir nat\u00fcrlich ein paar Beitr\u00e4ge aus der russischen K\u00fcche beigesteuert: eine kalte Gem\u00fcsesuppe namens <a href=\"https:\/\/de.wikipedia.org\/wiki\/Okroschka\" target=\"_blank\">Okroschka<\/a> (die Sch\u00fcssel mit milchig-wei\u00dfem Inhalt in der Mitte), einen traditionellen <a href=\"https:\/\/de.wikipedia.org\/wiki\/Heringssalat\" target=\"_blank\">Schichtsalat mit Hering<\/a> (hinten neben der Kaffeekanne), eine 1 Liter-Packung <a href=\"https:\/\/de.wikipedia.org\/wiki\/Birkensaft\" target=\"_blank\">Birkensaft<\/a> (leider nicht auf dem Tisch) und eingelegte <a href=\"https:\/\/de.wikipedia.org\/wiki\/Patisson\" target=\"_blank\">Patissons<\/a> (die gelben, kleinen K\u00fcrbisse hinter der K\u00e4seplatte). Ihre Dinkelvollkornbr\u00f6tchen (ganz vorne rechts) mit Waln\u00fcssen passten jedenfalls perfekt dazu! Und erst recht die zahlreichen selbstgemachten Aufstriche in den vielen kleinen Glasd\u00f6schen! Wir hatten nach dem Essen kugelrunde B\u00e4uche, aber wenigstens ein reines Gewissen, weil man sich immerhin recht gesund ern\u00e4hrt hat&nbsp;&nbsp;&nbsp; \ud83d\ude00<\/p>\n<p>Nachmittags genossen wir die Sonne im Garten von Ines und Torsten. Wie man sehen kann, ist deren Katze Lisa besonders&nbsp;gut im Genie\u00dfen:<\/p>\n<p style=\"text-align: center;\"><img loading=\"lazy\" decoding=\"async\" class=\"aligncenter wp-image-5100\" src=\"https:\/\/www.marvinchen.de\/olgas_welt\/blog\/wp-content\/uploads\/2017\/04\/005.jpg\" alt=\"\" width=\"560\" height=\"420\" srcset=\"https:\/\/www.marvinchen.de\/olgas_welt\/blog\/wp-content\/uploads\/2017\/04\/005.jpg 800w, https:\/\/www.marvinchen.de\/olgas_welt\/blog\/wp-content\/uploads\/2017\/04\/005-300x225.jpg 300w, https:\/\/www.marvinchen.de\/olgas_welt\/blog\/wp-content\/uploads\/2017\/04\/005-768x576.jpg 768w\" sizes=\"auto, (max-width: 560px) 100vw, 560px\" \/><\/p>\n<p>Sie wusste immer ganz genau, wo sie gerade am besten ihre Streicheleinheiten abholen konnte &nbsp; &nbsp;\ud83d\ude09<\/p>\n<p>Ich f\u00fcr meinen Teil freue mich au\u00dferdem enorm dar\u00fcber, jeden Tag das Erwachen der Natur zu entdecken. Ist es nicht faszinierend, zu sehen, wie die alten, schwarzen und knorrigen \u00c4ste frische, gl\u00e4nzende Bl\u00e4tter bekommen?<\/p>\n<p style=\"text-align: center;\"><img loading=\"lazy\" decoding=\"async\" class=\"aligncenter wp-image-5101\" src=\"https:\/\/www.marvinchen.de\/olgas_welt\/blog\/wp-content\/uploads\/2017\/04\/009.jpg\" alt=\"\" width=\"560\" height=\"420\" srcset=\"https:\/\/www.marvinchen.de\/olgas_welt\/blog\/wp-content\/uploads\/2017\/04\/009.jpg 800w, https:\/\/www.marvinchen.de\/olgas_welt\/blog\/wp-content\/uploads\/2017\/04\/009-300x225.jpg 300w, https:\/\/www.marvinchen.de\/olgas_welt\/blog\/wp-content\/uploads\/2017\/04\/009-768x576.jpg 768w\" sizes=\"auto, (max-width: 560px) 100vw, 560px\" \/><\/p>\n<p>Auch \u00fcber&nbsp;die Bienen und andere Summ-Tierchen, welche sch\u00f6n eifrig bei der Arbeit sind,&nbsp;&nbsp;freue ich mich sehr!<\/p>\n<p style=\"text-align: center;\"><img loading=\"lazy\" decoding=\"async\" class=\"aligncenter wp-image-5102\" src=\"https:\/\/www.marvinchen.de\/olgas_welt\/blog\/wp-content\/uploads\/2017\/04\/007.jpg\" alt=\"\" width=\"420\" height=\"560\" srcset=\"https:\/\/www.marvinchen.de\/olgas_welt\/blog\/wp-content\/uploads\/2017\/04\/007.jpg 600w, https:\/\/www.marvinchen.de\/olgas_welt\/blog\/wp-content\/uploads\/2017\/04\/007-300x400.jpg 300w\" sizes=\"auto, (max-width: 420px) 100vw, 420px\" \/><\/p>\n<p>Da man bei dem Wetter wieder \u00e4u\u00dferst gerne seine gem\u00fctliche Wohnung verl\u00e4sst, kann man auch&nbsp;einiges Neues entdecken. So haben Andrea, Carsten und ich gestern mehr oder weniger zuf\u00e4llig entdeckt, dass es in Dresden einen <a href=\"http:\/\/edward-snowden-platz.de\/\" target=\"_blank\">Edward-Snowden-Platz<\/a> gibt &#8230; wenn auch nur inoffiziell:<\/p>\n<p style=\"text-align: center;\"><img loading=\"lazy\" decoding=\"async\" class=\"aligncenter wp-image-5103\" src=\"https:\/\/www.marvinchen.de\/olgas_welt\/blog\/wp-content\/uploads\/2017\/04\/010.jpg\" alt=\"\" width=\"560\" height=\"420\" srcset=\"https:\/\/www.marvinchen.de\/olgas_welt\/blog\/wp-content\/uploads\/2017\/04\/010.jpg 800w, https:\/\/www.marvinchen.de\/olgas_welt\/blog\/wp-content\/uploads\/2017\/04\/010-300x225.jpg 300w, https:\/\/www.marvinchen.de\/olgas_welt\/blog\/wp-content\/uploads\/2017\/04\/010-768x576.jpg 768w\" sizes=\"auto, (max-width: 560px) 100vw, 560px\" \/><\/p>\n<p>Wir waren \u00fcbrigens&nbsp;zu dem hinter dem Stra\u00dfenschild beworbenen Cafe &#8222;<a href=\"http:\/\/www.eivissa-dresden.de\/\" target=\"_blank\">Eivissa<\/a>&#8220; beim Osterbrunch:<\/p>\n<p style=\"text-align: center;\"><img loading=\"lazy\" decoding=\"async\" class=\"aligncenter wp-image-5104\" src=\"https:\/\/www.marvinchen.de\/olgas_welt\/blog\/wp-content\/uploads\/2017\/04\/011.jpg\" alt=\"\" width=\"560\" height=\"420\" srcset=\"https:\/\/www.marvinchen.de\/olgas_welt\/blog\/wp-content\/uploads\/2017\/04\/011.jpg 800w, https:\/\/www.marvinchen.de\/olgas_welt\/blog\/wp-content\/uploads\/2017\/04\/011-300x225.jpg 300w, https:\/\/www.marvinchen.de\/olgas_welt\/blog\/wp-content\/uploads\/2017\/04\/011-768x576.jpg 768w\" sizes=\"auto, (max-width: 560px) 100vw, 560px\" \/><\/p>\n<p>Das Essen war wirklich klasse, nur organisatorisch lief dort leider noch nicht alles rund. Wir wollen aber Nachsicht \u00fcben, denn es war f\u00fcr die Mitarbeiter dieses Caf\u00e9s wohl das allererste des&nbsp;bald regelm\u00e4\u00dfig stattfindenden Brunchens. Hoffen wir, dass sie&nbsp;k\u00fcnftig das Buffet schon vor dem Eintreffen der G\u00e4ste aufbauen und dass die Zuordnung der Kellner zu den Tischen klarer definiert wird. Vielleicht probieren wir es nochmals mit einem weiteren Brunch irgendwann in der Sommerzeit, denn diesmal war an das Sitzen unter Sonnenschirmen auf der Terrasse aufgrund von viel zu klein geratenen Temperaturen und immer wiederkehrenden Regeng\u00fcssen leider nicht zu denken &#8230;<\/p>\n<p>Der Nachmittag, welchen wir in einer anderen, f\u00fcr uns ebenfalls neuen Lokalit\u00e4t verbracht haben, war zwar schon um einiges sonniger, aber auch im Caf\u00e9 &#8222;<a href=\"http:\/\/milchmaedchen-cafe.de\/\" target=\"_blank\">Milchm\u00e4dchen<\/a>&#8220;&nbsp;blieben wir dennoch lieber drinnen, denn wir wissen ja, dass man im April nicht auf best\u00e4ndiges Wetter bauen kann &nbsp; &nbsp;\ud83d\ude09<\/p>\n<p style=\"text-align: center;\"><img loading=\"lazy\" decoding=\"async\" class=\"aligncenter wp-image-5105\" src=\"https:\/\/www.marvinchen.de\/olgas_welt\/blog\/wp-content\/uploads\/2017\/04\/012.jpg\" alt=\"\" width=\"420\" height=\"560\" srcset=\"https:\/\/www.marvinchen.de\/olgas_welt\/blog\/wp-content\/uploads\/2017\/04\/012.jpg 600w, https:\/\/www.marvinchen.de\/olgas_welt\/blog\/wp-content\/uploads\/2017\/04\/012-300x400.jpg 300w\" sizes=\"auto, (max-width: 420px) 100vw, 420px\" \/><\/p>\n<p>Die selbstgemachten Kuchen dort&nbsp;waren wirklich oberlecker und sehr zu empfehlen!<\/p>\n<p style=\"text-align: center;\"><img loading=\"lazy\" decoding=\"async\" class=\"aligncenter wp-image-5106\" src=\"https:\/\/www.marvinchen.de\/olgas_welt\/blog\/wp-content\/uploads\/2017\/04\/014.jpg\" alt=\"\" width=\"560\" height=\"420\" srcset=\"https:\/\/www.marvinchen.de\/olgas_welt\/blog\/wp-content\/uploads\/2017\/04\/014.jpg 800w, https:\/\/www.marvinchen.de\/olgas_welt\/blog\/wp-content\/uploads\/2017\/04\/014-300x225.jpg 300w, https:\/\/www.marvinchen.de\/olgas_welt\/blog\/wp-content\/uploads\/2017\/04\/014-768x576.jpg 768w\" sizes=\"auto, (max-width: 560px) 100vw, 560px\" \/><\/p>\n<p>Sie passen perfekt zu meinem ersten Eiskaffee dieses Jahres &nbsp; &nbsp;\ud83d\ude42 &nbsp; &nbsp;na, wer erkennt darin auch einen Osterhasen?<\/p>\n<p style=\"text-align: center;\"><img loading=\"lazy\" decoding=\"async\" class=\"aligncenter wp-image-5107\" src=\"https:\/\/www.marvinchen.de\/olgas_welt\/blog\/wp-content\/uploads\/2017\/04\/013.jpg\" alt=\"\" width=\"420\" height=\"560\" srcset=\"https:\/\/www.marvinchen.de\/olgas_welt\/blog\/wp-content\/uploads\/2017\/04\/013.jpg 600w, https:\/\/www.marvinchen.de\/olgas_welt\/blog\/wp-content\/uploads\/2017\/04\/013-300x400.jpg 300w\" sizes=\"auto, (max-width: 420px) 100vw, 420px\" \/><\/p>\n<p>Dass es am Ende eine Milchm\u00e4dchenrechnung (so stand es original auf der Quittung!) gab, versteht sich ja von selbst &nbsp; &nbsp;\ud83d\ude42<\/p>\n<p>Wir haben dieses Jahr alles in allem ein eher gem\u00fctliches Osterfest gefeiert und eine sehr sch\u00f6ne, entspannte und lustige Zeit sowohl zu zweit als auch in Gesellschaft von Andrea und Karl verbracht, z.B. mit&nbsp;einem Spieleabend. Zum Zuge gekommen sind <a href=\"http:\/\/www.halt-mal-kurz.de\/\" target=\"_blank\">Halt mal kurz<\/a>, das gute alte &#8222;Mensch \u00e4rgere dich nicht&#8220; und <a href=\"https:\/\/www.reich-der-spiele.de\/kritiken\/Potato-Man\" target=\"_blank\">Potato Man<\/a> &#8211; es gab bei jedem Spiel wirklich sehr viel zu lachen&nbsp;&nbsp;&nbsp; \ud83d\ude00<\/p>\n<p>Ansonsten haben Carsten und ich&nbsp;unsere viert\u00e4gige, dienstfreie&nbsp;Zeit dazu genutzt, einiges vom Tisch zu bekommen, was schon viel zu lange darauf gewartet hat, endlich erledigt zu werden. Ich&nbsp;habe mir au\u00dferdem nach einer langen Pause wieder mal richtig viel Lesezeit verordnet&nbsp;&#8211; das tut immer wieder so gut!<\/p>\n<p>Nun seid ihr an der Reihe, mir zu berichten, was ihr an den sch\u00f6nen Fr\u00fchlingstagen und zu Ostern erlebt habt &nbsp; &nbsp;\ud83d\ude09<\/p>\n","protected":false},"excerpt":{"rendered":"<p>Es hat lange gedauert, aber nun l\u00e4sst sich endlich der Fr\u00fchling an einigen Tagen auch in unserer Gegend samt&nbsp;Begleitung&nbsp;von Sonne und&nbsp;W\u00e4rme blicken. Noch hat er sich zwar nicht f\u00fcr einen dauerhaften Aufenthalt entschieden, aber wir lassen uns nicht&nbsp;durch seine Unentschlossenheit entmutigen und genie\u00dfen einfach all das, was man nach einem langen Winter vermisst hat. Zum [&hellip;]<\/p>\n","protected":false},"author":3,"featured_media":0,"comment_status":"open","ping_status":"closed","sticky":false,"template":"","format":"standard","meta":{"ngg_post_thumbnail":0,"footnotes":""},"categories":[3,5,4,7,1],"tags":[16,1006,521,14,1280,1428,1429,1272,260,430,345,241,1425,853,1423,800,1427,1430,1426,13,34,773,1422,520,472,15,901,248,1424],"class_list":["post-5094","post","type-post","status-publish","format-standard","hentry","category-ausfluege-und-reisen","category-essen-und-trinken","category-freud-und-leid","category-freunde-und-co","category-olca-und-stan","tag-andrea","tag-biergarten","tag-brunch","tag-carsten","tag-dana","tag-edward-snowden-platz","tag-eivissa","tag-el-horst","tag-essen","tag-familie","tag-fruhling","tag-garten","tag-gesund","tag-ines","tag-julia","tag-karl","tag-lisa","tag-milchmaedchen","tag-okroschka","tag-olga","tag-ostern","tag-sachsische-schweiz","tag-schrammsteine","tag-spiele","tag-spielen","tag-stephanie","tag-torsten","tag-wandern","tag-willi-vanilli"],"_links":{"self":[{"href":"https:\/\/www.marvinchen.de\/olgas_welt\/blog\/wp-json\/wp\/v2\/posts\/5094","targetHints":{"allow":["GET"]}}],"collection":[{"href":"https:\/\/www.marvinchen.de\/olgas_welt\/blog\/wp-json\/wp\/v2\/posts"}],"about":[{"href":"https:\/\/www.marvinchen.de\/olgas_welt\/blog\/wp-json\/wp\/v2\/types\/post"}],"author":[{"embeddable":true,"href":"https:\/\/www.marvinchen.de\/olgas_welt\/blog\/wp-json\/wp\/v2\/users\/3"}],"replies":[{"embeddable":true,"href":"https:\/\/www.marvinchen.de\/olgas_welt\/blog\/wp-json\/wp\/v2\/comments?post=5094"}],"version-history":[{"count":0,"href":"https:\/\/www.marvinchen.de\/olgas_welt\/blog\/wp-json\/wp\/v2\/posts\/5094\/revisions"}],"wp:attachment":[{"href":"https:\/\/www.marvinchen.de\/olgas_welt\/blog\/wp-json\/wp\/v2\/media?parent=5094"}],"wp:term":[{"taxonomy":"category","embeddable":true,"href":"https:\/\/www.marvinchen.de\/olgas_welt\/blog\/wp-json\/wp\/v2\/categories?post=5094"},{"taxonomy":"post_tag","embeddable":true,"href":"https:\/\/www.marvinchen.de\/olgas_welt\/blog\/wp-json\/wp\/v2\/tags?post=5094"}],"curies":[{"name":"wp","href":"https:\/\/api.w.org\/{rel}","templated":true}]}}