{"id":536,"date":"2011-01-13T07:15:32","date_gmt":"2011-01-13T06:15:32","guid":{"rendered":"http:\/\/www.marvinchen.de\/olgas_welt\/blog\/?p=536"},"modified":"2011-01-13T08:40:07","modified_gmt":"2011-01-13T07:40:07","slug":"der-alltag-hat-mich-wieder-2","status":"publish","type":"post","link":"https:\/\/www.marvinchen.de\/olgas_welt\/blog\/2011\/01\/der-alltag-hat-mich-wieder-2\/","title":{"rendered":"Der Alltag hat mich wieder"},"content":{"rendered":"<p>Als ich die guten Vors\u00e4tze f\u00fcr 2011 zusammenfa\u00dfte, habe ich meinen Alltag anscheinend nicht sonderlich ber\u00fccksichtigt. Nun r\u00e4cht er sich mit voller Macht und schl\u00e4gt immer quer.\u00a0\u00a0\u00a0\u00a0 \ud83d\ude09\u00a0<\/p>\n<p>Ich\u00a0schreibe soooo oft Blogeintr\u00e4ge im Kopf,\u00a0komme aber nie\u00a0recht dazu, die S\u00e4tze auch hier einzugeben. Immerhin schaffe ich etwas mehr zu lesen, aber eben nur etwas.\u00a0Mich\u00a0hat \u00fcbrigens ein Gedanke\u00a0besch\u00e4ftigt, wie viele B\u00fccher ich in einem Jahr tats\u00e4chlich so zu lesen schaffe, daher schreibe ich in diesem Jahr eine Liste. Die Idee habe ich von <a href=\"http:\/\/sonnigersueden.blogspot.com\/2011\/01\/filme-2010.html\" target=\"_blank\">Eva<\/a> &#8222;ausgeliehen&#8220;\u00a0, denn urspr\u00fcnglich wollte ich nur\u00a0eine Liste der Filme machen, genau so wie sie. Nun habe ich zwei Listen laufen. Ich sch\u00e4tze, die Aufz\u00e4hlung der gesehenen Filme wird l\u00e4nger sein als die der gelesenen B\u00fccher. Noch schaffe ich keinen\u00a0Roman in anderthalb Stunden zu lesen.\u00a0\u00a0\u00a0 \ud83d\ude09<\/p>\n","protected":false},"excerpt":{"rendered":"<p>Als ich die guten Vors\u00e4tze f\u00fcr 2011 zusammenfa\u00dfte, habe ich meinen Alltag anscheinend nicht sonderlich ber\u00fccksichtigt. Nun r\u00e4cht er sich mit voller Macht und schl\u00e4gt immer quer.\u00a0\u00a0\u00a0\u00a0 \ud83d\ude09\u00a0 Ich\u00a0schreibe soooo oft Blogeintr\u00e4ge im Kopf,\u00a0komme aber nie\u00a0recht dazu, die S\u00e4tze auch hier einzugeben. Immerhin schaffe ich etwas mehr zu lesen, aber eben nur etwas.\u00a0Mich\u00a0hat \u00fcbrigens ein [&hellip;]<\/p>\n","protected":false},"author":3,"featured_media":0,"comment_status":"open","ping_status":"closed","sticky":false,"template":"","format":"standard","meta":{"ngg_post_thumbnail":0,"footnotes":""},"categories":[12,4,8,1],"tags":[353,52,537,604,13],"class_list":["post-536","post","type-post","status-publish","format-standard","hentry","category-film-und-fernsehen","category-freud-und-leid","category-hoeren-und-lesen","category-olca-und-stan","tag-alltag","tag-film","tag-lesen","tag-liste","tag-olga"],"_links":{"self":[{"href":"https:\/\/www.marvinchen.de\/olgas_welt\/blog\/wp-json\/wp\/v2\/posts\/536","targetHints":{"allow":["GET"]}}],"collection":[{"href":"https:\/\/www.marvinchen.de\/olgas_welt\/blog\/wp-json\/wp\/v2\/posts"}],"about":[{"href":"https:\/\/www.marvinchen.de\/olgas_welt\/blog\/wp-json\/wp\/v2\/types\/post"}],"author":[{"embeddable":true,"href":"https:\/\/www.marvinchen.de\/olgas_welt\/blog\/wp-json\/wp\/v2\/users\/3"}],"replies":[{"embeddable":true,"href":"https:\/\/www.marvinchen.de\/olgas_welt\/blog\/wp-json\/wp\/v2\/comments?post=536"}],"version-history":[{"count":0,"href":"https:\/\/www.marvinchen.de\/olgas_welt\/blog\/wp-json\/wp\/v2\/posts\/536\/revisions"}],"wp:attachment":[{"href":"https:\/\/www.marvinchen.de\/olgas_welt\/blog\/wp-json\/wp\/v2\/media?parent=536"}],"wp:term":[{"taxonomy":"category","embeddable":true,"href":"https:\/\/www.marvinchen.de\/olgas_welt\/blog\/wp-json\/wp\/v2\/categories?post=536"},{"taxonomy":"post_tag","embeddable":true,"href":"https:\/\/www.marvinchen.de\/olgas_welt\/blog\/wp-json\/wp\/v2\/tags?post=536"}],"curies":[{"name":"wp","href":"https:\/\/api.w.org\/{rel}","templated":true}]}}