{"id":57,"date":"2008-01-15T19:03:35","date_gmt":"2008-01-15T17:03:35","guid":{"rendered":"http:\/\/www.marvinchen.de\/olgas_welt\/blog\/?p=57"},"modified":"2009-05-03T17:51:22","modified_gmt":"2009-05-03T15:51:22","slug":"auf-dem-weg-ins-gesunde-leben","status":"publish","type":"post","link":"https:\/\/www.marvinchen.de\/olgas_welt\/blog\/2008\/01\/auf-dem-weg-ins-gesunde-leben\/","title":{"rendered":"Auf dem Weg ins gesunde Leben"},"content":{"rendered":"<p>Eigentlich wollte ich gestern schreiben, denn gestern ist mein Blog hier genau 1 Jahr alt geworden, aber ich konnte mich dann doch leider nicht aufraffen. Zum n\u00e4chten Blog-Geburtstag kann es nur noch besser werden ;0)<\/p>\n<p>Nach \u00fcber zwei Wochen im neuen Jahr bin ich endlich kr\u00e4ftem\u00e4\u00dfig soweit, mal wieder etwas zu verfassen.<\/p>\n<p>Seit unsere Silvester-G\u00e4ste aus Bulgarien am 3.1 nach Hause gefahren sind war ich bloss einen halben Tag arbeiten (ok, als die G\u00e4ste da waren, war ich einen ganzen Tag im B\u00fcro ;0) , danach haben mich meine Kollegen und Abteilungsleiter heimgeschickt. Tag darauf war ich mit 38,5\u00b0 beim Arzt und seitdem bin ich immer noch krank geschrieben. Mir geht es schon etwas besser, seit Fieber nach knapp 4 Tagen weg ist, ich kann aber immer noch nicht vern\u00fcnftig reden, meine Nase tropft\u00a0nach wie vor\u00a0(zum Gl\u00fcck hat wenigstens spontanes Nasenbluten aufgeh\u00f6rt!) und ich habe leichte Ohrenschmerzen, weil eben die Nase nicht frei wird.<\/p>\n<p>Trotzdem gewinne ich langsam wieder meine Lebenslust zur\u00fcck, lese, geniesse es, einen Laptop am Bett zu haben und schaue mir in trauter Einsamkeit die Filme an, f\u00fcr welche ich meine Familie nie begeistern konnte. Ich verbringe allerdings die meiste Zeit entweder im Bett oder auf der Couch im Fernsehraum, wo wir auch ausreichend Kissen und Decken haben.<\/p>\n<p>Ich kann nur hoffen, dass ich nach diesen 2 kranken Wochen meinen Soll f\u00fcr Krankheiten 2008 erf\u00fcllt habe und den Rest des Jahres gesund bleibe. Es war schon ganz komisch, als ich Fieber hatte, denn ich hatte deswegen auch Gelenkschmerzen bekommen und habe mich wie eine wirklich alte Oma gef\u00fchlt, denn das Bewegen war unbeschreiblich m\u00fchsam.<\/p>\n<p>Carsten hat uns M\u00e4dels w\u00e4hrend meiner Krankheit das Buch vom Kurt Held &#8222;Die rote Zora und ihre Bande&#8220; vorgelesen, am 24.01.2008 kommt der Film nach dem Buch in die deutschen Kinos und da wollten wir gut vorbereitet sein. Wenn es jemanden interessiert, hier ist die Seite \u00fcber den Film: <a href=\"http:\/\/rote-zora.universal-pictures.de\/\">http:\/\/rote-zora.universal-pictures.de\/<\/a> . Ich vermute, einige von Euch kennen noch den 13-Teiler von 1978, Carsten ist damit gro\u00df geworden und wir haben die Weiten des Internets nach den Bildern und \u00e4hnlichen abgesucht, was sehr interessant f\u00fcr uns alle war. Falls einer die Bilder von damals zum Erinnern braucht, kann ich gern die Links zuschicken.<\/p>\n","protected":false},"excerpt":{"rendered":"<p>Eigentlich wollte ich gestern schreiben, denn gestern ist mein Blog hier genau 1 Jahr alt geworden, aber ich konnte mich dann doch leider nicht aufraffen. Zum n\u00e4chten Blog-Geburtstag kann es nur noch besser werden ;0) Nach \u00fcber zwei Wochen im neuen Jahr bin ich endlich kr\u00e4ftem\u00e4\u00dfig soweit, mal wieder etwas zu verfassen. Seit unsere Silvester-G\u00e4ste [&hellip;]<\/p>\n","protected":false},"author":3,"featured_media":0,"comment_status":"open","ping_status":"open","sticky":false,"template":"","format":"standard","meta":{"ngg_post_thumbnail":0,"footnotes":""},"categories":[12,4,8],"tags":[148,18,128,14,147,52,53,13,90],"class_list":["post-57","post","type-post","status-publish","format-standard","hentry","category-film-und-fernsehen","category-freud-und-leid","category-hoeren-und-lesen","tag-148","tag-blog","tag-bulgarien","tag-carsten","tag-fieber","tag-film","tag-geburtstag","tag-olga","tag-schmerz"],"_links":{"self":[{"href":"https:\/\/www.marvinchen.de\/olgas_welt\/blog\/wp-json\/wp\/v2\/posts\/57","targetHints":{"allow":["GET"]}}],"collection":[{"href":"https:\/\/www.marvinchen.de\/olgas_welt\/blog\/wp-json\/wp\/v2\/posts"}],"about":[{"href":"https:\/\/www.marvinchen.de\/olgas_welt\/blog\/wp-json\/wp\/v2\/types\/post"}],"author":[{"embeddable":true,"href":"https:\/\/www.marvinchen.de\/olgas_welt\/blog\/wp-json\/wp\/v2\/users\/3"}],"replies":[{"embeddable":true,"href":"https:\/\/www.marvinchen.de\/olgas_welt\/blog\/wp-json\/wp\/v2\/comments?post=57"}],"version-history":[{"count":0,"href":"https:\/\/www.marvinchen.de\/olgas_welt\/blog\/wp-json\/wp\/v2\/posts\/57\/revisions"}],"wp:attachment":[{"href":"https:\/\/www.marvinchen.de\/olgas_welt\/blog\/wp-json\/wp\/v2\/media?parent=57"}],"wp:term":[{"taxonomy":"category","embeddable":true,"href":"https:\/\/www.marvinchen.de\/olgas_welt\/blog\/wp-json\/wp\/v2\/categories?post=57"},{"taxonomy":"post_tag","embeddable":true,"href":"https:\/\/www.marvinchen.de\/olgas_welt\/blog\/wp-json\/wp\/v2\/tags?post=57"}],"curies":[{"name":"wp","href":"https:\/\/api.w.org\/{rel}","templated":true}]}}