{"id":6001,"date":"2018-07-17T20:54:33","date_gmt":"2018-07-17T18:54:33","guid":{"rendered":"http:\/\/www.marvinchen.de\/olgas_welt\/blog\/?p=6001"},"modified":"2018-07-17T21:04:29","modified_gmt":"2018-07-17T19:04:29","slug":"sail-away-olcas-und-die-kieler-woche","status":"publish","type":"post","link":"https:\/\/www.marvinchen.de\/olgas_welt\/blog\/2018\/07\/sail-away-olcas-und-die-kieler-woche\/","title":{"rendered":"Sail away &#8211; OLCAs und die Kieler Woche"},"content":{"rendered":"<p>Seit Jahren wurde&nbsp;<span style=\"line-height: 1.5;\">am Jahresanfang<\/span><span style=\"line-height: 1.5;\">&nbsp;<\/span><span style=\"line-height: 1.5;\">das Ereignis &#8222;Kieler Woche&#8220; in unseren Kalender eingetragen, es kam jedoch immer wieder etwas dazwischen. Diesmal konnte Carsten das End-Wochenende von diesem Event beizeiten blocken, indem er ein Hotelzimmer in L\u00fctjenburg buchte.<\/span><\/p>\n<p>Wir arbeiteten einige Tage noch flei\u00dfiger als sonst und konnten dadurch die angesammelten \u00dcberstunden am Freitag (22. Juni) &nbsp;nehmen, um diese erstens im Sinne des Arbeitszeitgesetzes abzubauen und zweitens, um ohne Hetze mit dem Suzuki und unseren aufgeschnallten Fahrr\u00e4dern nach Kiel zu fahren.<\/p>\n<p>Das Wetter war&nbsp;<span style=\"line-height: 1.5;\">an dem Tag<\/span><span style=\"line-height: 1.5;\">&nbsp;<\/span><span style=\"line-height: 1.5;\">im Norden nicht besser als bei uns in Dresden, denn der Sommer zog sich in dieser besagten Juniwoche irgendwie aus ganz Deutschland zur\u00fcck. Wir trauten uns dennoch nach der Ankunft in unserem Hotel &#8222;<\/span><a style=\"line-height: 1.5;\" href=\"https:\/\/www.hotel-ostseeblick.de\/\" target=\"_blank\" rel=\"noopener\">Ostseeblick<\/a>&#8222;<span style=\"line-height: 1.5;\">, wo wir tats\u00e4chlich aus unserem Zimmer auf die in der Ferne befindlichen Ostsee blicken konnten, zu einen Spaziergang in die&nbsp;<\/span><a style=\"line-height: 1.5;\" href=\"https:\/\/www.hohwachterbucht.de\/startseite.html\" target=\"_blank\" rel=\"noopener\">Hohwachter Bucht<\/a><span style=\"line-height: 1.5;\">, um frische Meeresluft zu schnuppern.<\/span><\/p>\n<p style=\"text-align: center;\"><img loading=\"lazy\" decoding=\"async\" class=\"aligncenter wp-image-6002\" src=\"https:\/\/www.marvinchen.de\/olgas_welt\/blog\/wp-content\/uploads\/2018\/07\/IMG_0041.jpg\" alt=\"\" width=\"560\" height=\"420\" srcset=\"https:\/\/www.marvinchen.de\/olgas_welt\/blog\/wp-content\/uploads\/2018\/07\/IMG_0041.jpg 800w, https:\/\/www.marvinchen.de\/olgas_welt\/blog\/wp-content\/uploads\/2018\/07\/IMG_0041-300x225.jpg 300w, https:\/\/www.marvinchen.de\/olgas_welt\/blog\/wp-content\/uploads\/2018\/07\/IMG_0041-768x576.jpg 768w\" sizes=\"auto, (max-width: 560px) 100vw, 560px\" \/><\/p>\n<p>Bei so einem Wetterchen geh\u00f6rte der Strand ganz allein uns&nbsp; &nbsp; \ud83d\ude42<\/p>\n<p style=\"text-align: center;\"><img loading=\"lazy\" decoding=\"async\" class=\"aligncenter wp-image-6003\" src=\"https:\/\/www.marvinchen.de\/olgas_welt\/blog\/wp-content\/uploads\/2018\/07\/IMG_0050.jpg\" alt=\"\" width=\"560\" height=\"420\" srcset=\"https:\/\/www.marvinchen.de\/olgas_welt\/blog\/wp-content\/uploads\/2018\/07\/IMG_0050.jpg 800w, https:\/\/www.marvinchen.de\/olgas_welt\/blog\/wp-content\/uploads\/2018\/07\/IMG_0050-300x225.jpg 300w, https:\/\/www.marvinchen.de\/olgas_welt\/blog\/wp-content\/uploads\/2018\/07\/IMG_0050-768x576.jpg 768w\" sizes=\"auto, (max-width: 560px) 100vw, 560px\" \/><\/p>\n<p>Ich als echte Frostbeule hatte mich ganz warm angezogen &#8230;<\/p>\n<p style=\"text-align: center;\"><img loading=\"lazy\" decoding=\"async\" class=\"aligncenter wp-image-6004\" src=\"https:\/\/www.marvinchen.de\/olgas_welt\/blog\/wp-content\/uploads\/2018\/07\/IMG_0100.jpg\" alt=\"\" width=\"560\" height=\"420\" srcset=\"https:\/\/www.marvinchen.de\/olgas_welt\/blog\/wp-content\/uploads\/2018\/07\/IMG_0100.jpg 800w, https:\/\/www.marvinchen.de\/olgas_welt\/blog\/wp-content\/uploads\/2018\/07\/IMG_0100-300x225.jpg 300w, https:\/\/www.marvinchen.de\/olgas_welt\/blog\/wp-content\/uploads\/2018\/07\/IMG_0100-768x576.jpg 768w\" sizes=\"auto, (max-width: 560px) 100vw, 560px\" \/><\/p>\n<p>&#8230; Carsten vertraute wie so oft auf sein internes Heizkraftwerk.<\/p>\n<p style=\"text-align: center;\"><img loading=\"lazy\" decoding=\"async\" class=\"aligncenter wp-image-6005\" src=\"https:\/\/www.marvinchen.de\/olgas_welt\/blog\/wp-content\/uploads\/2018\/07\/IMG_0093.jpg\" alt=\"\" width=\"560\" height=\"420\" srcset=\"https:\/\/www.marvinchen.de\/olgas_welt\/blog\/wp-content\/uploads\/2018\/07\/IMG_0093.jpg 800w, https:\/\/www.marvinchen.de\/olgas_welt\/blog\/wp-content\/uploads\/2018\/07\/IMG_0093-300x225.jpg 300w, https:\/\/www.marvinchen.de\/olgas_welt\/blog\/wp-content\/uploads\/2018\/07\/IMG_0093-768x576.jpg 768w\" sizes=\"auto, (max-width: 560px) 100vw, 560px\" \/><\/p>\n<p>Aber wenn ihr denkt, dass ich bei diesem Wetter der Versuchung widerstehen konnte, meine F\u00fc\u00dfe ins Wasser zu tauchen, dann habt ihr euch geirrt &#8211; das Beweisfoto steht in meiner <a href=\"https:\/\/www.marvinchen.de\/webbibliothek\/_tagebuecher\/_olgaobsession\/obsession.htm\" target=\"_blank\" rel=\"noopener\">4. Obsession-Galerie<\/a>&nbsp; &nbsp; \ud83d\ude42<\/p>\n<p>Beim Spaziergang am Strand entdeckten wir eine au\u00dfergew\u00f6hnliche Ern\u00e4hrungsempfehlung:<\/p>\n<p style=\"text-align: center;\"><img loading=\"lazy\" decoding=\"async\" class=\"aligncenter wp-image-6006\" src=\"https:\/\/www.marvinchen.de\/olgas_welt\/blog\/wp-content\/uploads\/2018\/07\/IMG_0072.jpg\" alt=\"\" width=\"560\" height=\"420\" srcset=\"https:\/\/www.marvinchen.de\/olgas_welt\/blog\/wp-content\/uploads\/2018\/07\/IMG_0072.jpg 800w, https:\/\/www.marvinchen.de\/olgas_welt\/blog\/wp-content\/uploads\/2018\/07\/IMG_0072-300x225.jpg 300w, https:\/\/www.marvinchen.de\/olgas_welt\/blog\/wp-content\/uploads\/2018\/07\/IMG_0072-768x576.jpg 768w\" sizes=\"auto, (max-width: 560px) 100vw, 560px\" \/><\/p>\n<p>Das war uns doch ein Hauch zu exotisch&nbsp; &nbsp; \ud83d\ude09 &nbsp; &nbsp;weshalb sind wir lieber bei <a href=\"https:\/\/de-de.facebook.com\/melanieschlouns.de\/\" target=\"_blank\" rel=\"noopener\">Luv &amp; Lee<\/a> f\u00fcr ein frisches Fischbr\u00f6tchen eingekehrt sind:<\/p>\n<p style=\"text-align: center;\"><img loading=\"lazy\" decoding=\"async\" class=\"aligncenter wp-image-6007\" src=\"https:\/\/www.marvinchen.de\/olgas_welt\/blog\/wp-content\/uploads\/2018\/07\/IMG_0066.jpg\" alt=\"\" width=\"560\" height=\"420\" srcset=\"https:\/\/www.marvinchen.de\/olgas_welt\/blog\/wp-content\/uploads\/2018\/07\/IMG_0066.jpg 800w, https:\/\/www.marvinchen.de\/olgas_welt\/blog\/wp-content\/uploads\/2018\/07\/IMG_0066-300x225.jpg 300w, https:\/\/www.marvinchen.de\/olgas_welt\/blog\/wp-content\/uploads\/2018\/07\/IMG_0066-768x576.jpg 768w\" sizes=\"auto, (max-width: 560px) 100vw, 560px\" \/><\/p>\n<p>Gut gest\u00e4rkt liefen wir noch lange am nahezu menschenleeren Strand entlang. Der Wind war relativ stark und ziemlich k\u00fchl, aber das tat dem Spa\u00df, drau\u00dfen und am Meer zu sein, keinen Abbruch.<\/p>\n<p style=\"text-align: center;\"><img loading=\"lazy\" decoding=\"async\" class=\"aligncenter wp-image-6008\" src=\"https:\/\/www.marvinchen.de\/olgas_welt\/blog\/wp-content\/uploads\/2018\/07\/IMG_0065.jpg\" alt=\"\" width=\"560\" height=\"420\" srcset=\"https:\/\/www.marvinchen.de\/olgas_welt\/blog\/wp-content\/uploads\/2018\/07\/IMG_0065.jpg 800w, https:\/\/www.marvinchen.de\/olgas_welt\/blog\/wp-content\/uploads\/2018\/07\/IMG_0065-300x225.jpg 300w, https:\/\/www.marvinchen.de\/olgas_welt\/blog\/wp-content\/uploads\/2018\/07\/IMG_0065-768x576.jpg 768w\" sizes=\"auto, (max-width: 560px) 100vw, 560px\" \/><\/p>\n<p style=\"text-align: center;\"><img loading=\"lazy\" decoding=\"async\" class=\"aligncenter wp-image-6009\" src=\"https:\/\/www.marvinchen.de\/olgas_welt\/blog\/wp-content\/uploads\/2018\/07\/IMG_0106.jpg\" alt=\"\" width=\"560\" height=\"420\" srcset=\"https:\/\/www.marvinchen.de\/olgas_welt\/blog\/wp-content\/uploads\/2018\/07\/IMG_0106.jpg 800w, https:\/\/www.marvinchen.de\/olgas_welt\/blog\/wp-content\/uploads\/2018\/07\/IMG_0106-300x225.jpg 300w, https:\/\/www.marvinchen.de\/olgas_welt\/blog\/wp-content\/uploads\/2018\/07\/IMG_0106-768x576.jpg 768w\" sizes=\"auto, (max-width: 560px) 100vw, 560px\" \/><\/p>\n<p>Erst als wir die au\u00dfergew\u00f6hnlich und gro\u00dfz\u00fcgig gestaltete Aussichtsplattform &#8222;Hohwachter Flunder&#8220;, welche aus der Ferne wie ein vom Wind gebogener Mast aussah, erreichten, kehrten wir \u00fcber den gepflasterten D\u00fcnenweg zum Parkplatz zur\u00fcck:<\/p>\n<p style=\"text-align: center;\"><img loading=\"lazy\" decoding=\"async\" class=\"aligncenter wp-image-6010\" src=\"https:\/\/www.marvinchen.de\/olgas_welt\/blog\/wp-content\/uploads\/2018\/07\/IMG_0129.jpg\" alt=\"\" width=\"560\" height=\"420\" srcset=\"https:\/\/www.marvinchen.de\/olgas_welt\/blog\/wp-content\/uploads\/2018\/07\/IMG_0129.jpg 800w, https:\/\/www.marvinchen.de\/olgas_welt\/blog\/wp-content\/uploads\/2018\/07\/IMG_0129-300x225.jpg 300w, https:\/\/www.marvinchen.de\/olgas_welt\/blog\/wp-content\/uploads\/2018\/07\/IMG_0129-768x576.jpg 768w\" sizes=\"auto, (max-width: 560px) 100vw, 560px\" \/><\/p>\n<p>Im Hotel g\u00f6nnten wir uns im Restaurant erstmal ordentliche w\u00e4rmende Getr\u00e4nke und nat\u00fcrlich viel Fisch zum Essen. Carsten entschied sich f\u00fcr das Angebot des Abends, Matjes als AYCE zu nehmen, und ich war mit meiner Fischplatte samt Ofenkartoffel mehr als gl\u00fccklich.<\/p>\n<p>Am Samstag sind wir dann gleich nach dem Fr\u00fchst\u00fcck nach Kiel gefahren. Unser Plan war, an dem Tag die gesamte Feiermeile abzulaufen und abends das Deutschlandspiel an einem der Public Viewing Stellen zusammen mit den anderen Fans anzusehen. Am Sonntag (!) wollten wir dann die <a href=\"http:\/\/www.kn-online.de\/Kiel\/Kieler-Woche-Alle-Infos-zur-Windjammerparade-2018\" target=\"_blank\" rel=\"noopener\">Windjammerparade<\/a> sehen und anschlie\u00dfend ins heimische Sachsen aufbrechen.<\/p>\n<p>In Kiel angekommen haben wir unser Auto in einem Wohngebiet abgestellt, setzten uns auf unsere mitgebrachten Fahrr\u00e4der und sind zur Feiermeile gefahren. Es war gerade mal 9 Uhr fr\u00fch und die meisten St\u00e4nde waren noch geschlossen. Daf\u00fcr fanden wir ohne Probleme eine sch\u00f6ne Abstellm\u00f6glichkeit f\u00fcr die Drahtesel und liefen ganz entspannt los Richtung Hafenbecken. Schon an unserer ersten Zug- bzw. Klappbr\u00fccke mussten wir uns f\u00fcr mehr als eine halbe Stunde in Geduld \u00fcben, denn es wollten zahlreiche gro\u00dfe und kleine Segelschiffe raus aus dem Hafen:<\/p>\n<p style=\"text-align: center;\"><img loading=\"lazy\" decoding=\"async\" class=\"aligncenter wp-image-6011\" src=\"https:\/\/www.marvinchen.de\/olgas_welt\/blog\/wp-content\/uploads\/2018\/07\/IMG_0158.jpg\" alt=\"\" width=\"560\" height=\"420\" srcset=\"https:\/\/www.marvinchen.de\/olgas_welt\/blog\/wp-content\/uploads\/2018\/07\/IMG_0158.jpg 800w, https:\/\/www.marvinchen.de\/olgas_welt\/blog\/wp-content\/uploads\/2018\/07\/IMG_0158-300x225.jpg 300w, https:\/\/www.marvinchen.de\/olgas_welt\/blog\/wp-content\/uploads\/2018\/07\/IMG_0158-768x576.jpg 768w\" sizes=\"auto, (max-width: 560px) 100vw, 560px\" \/><\/p>\n<p>Wobei sie hier noch statt ihrer Segel lieber ihre Motoren nutzten &#8230;<\/p>\n<p>Als der Weg endlich frei war, schlenderten wir \u00fcber die kilometerlange Partymeile, die zwischenzeitlich auch so langsam aus dem Dornr\u00f6schenschlaf aufwachte.<\/p>\n<p>Ich habe eine \u00e4u\u00dferst gute Stelle f\u00fcr mich zum Verweilen gefunden, konnte allerdings die Betreuer nicht finden &nbsp; &nbsp;\ud83d\ude09<\/p>\n<p style=\"text-align: center;\"><img loading=\"lazy\" decoding=\"async\" class=\"aligncenter wp-image-6012\" src=\"https:\/\/www.marvinchen.de\/olgas_welt\/blog\/wp-content\/uploads\/2018\/07\/IMG_0194.jpg\" alt=\"\" width=\"560\" height=\"420\" srcset=\"https:\/\/www.marvinchen.de\/olgas_welt\/blog\/wp-content\/uploads\/2018\/07\/IMG_0194.jpg 800w, https:\/\/www.marvinchen.de\/olgas_welt\/blog\/wp-content\/uploads\/2018\/07\/IMG_0194-300x225.jpg 300w, https:\/\/www.marvinchen.de\/olgas_welt\/blog\/wp-content\/uploads\/2018\/07\/IMG_0194-768x576.jpg 768w\" sizes=\"auto, (max-width: 560px) 100vw, 560px\" \/><\/p>\n<p>Wobei die bunte Hollywoodschaukel (links) auf dem wirklich riesigen Internationalen Markt ebenfalls sehr einladend wirkte:<\/p>\n<p style=\"text-align: center;\"><img loading=\"lazy\" decoding=\"async\" class=\"aligncenter wp-image-6013\" src=\"https:\/\/www.marvinchen.de\/olgas_welt\/blog\/wp-content\/uploads\/2018\/07\/IMG_0200.jpg\" alt=\"\" width=\"560\" height=\"420\" srcset=\"https:\/\/www.marvinchen.de\/olgas_welt\/blog\/wp-content\/uploads\/2018\/07\/IMG_0200.jpg 800w, https:\/\/www.marvinchen.de\/olgas_welt\/blog\/wp-content\/uploads\/2018\/07\/IMG_0200-300x225.jpg 300w, https:\/\/www.marvinchen.de\/olgas_welt\/blog\/wp-content\/uploads\/2018\/07\/IMG_0200-768x576.jpg 768w\" sizes=\"auto, (max-width: 560px) 100vw, 560px\" \/><\/p>\n<p>Am ungarischen Stand wollte ich unbedingt in die Rolle eines &#8222;Gauchos&#8220; (in der Heimat hei\u00dfen sie nat\u00fcrlich Csik\u00f3s) schl\u00fcpfen:<\/p>\n<p style=\"text-align: center;\"><img loading=\"lazy\" decoding=\"async\" class=\"aligncenter wp-image-6014\" src=\"https:\/\/www.marvinchen.de\/olgas_welt\/blog\/wp-content\/uploads\/2018\/07\/IMG_0206.jpg\" alt=\"\" width=\"420\" height=\"560\" srcset=\"https:\/\/www.marvinchen.de\/olgas_welt\/blog\/wp-content\/uploads\/2018\/07\/IMG_0206.jpg 600w, https:\/\/www.marvinchen.de\/olgas_welt\/blog\/wp-content\/uploads\/2018\/07\/IMG_0206-300x400.jpg 300w\" sizes=\"auto, (max-width: 420px) 100vw, 420px\" \/><\/p>\n<p>Im echten Leben m\u00fcsste ich f\u00fcr diese Rolle wohl noch einiges an Muskelmasse aufbauen und dazu noch ein paar Zentimeter schrumpfen. Aber das Blau fand ich soooo sch\u00f6n&nbsp; &nbsp; \ud83d\ude42<\/p>\n<p>Nat\u00fcrlich haben wir uns auf diesem Internationalen Markt auch etwas zum Essen geg\u00f6nnt, denn das Angebot war sehr vielf\u00e4ltig!<\/p>\n<p>Ungarische Gulaschsuppe gab es stilecht in einem Kesselchen f\u00fcr den Mann und ein mit Aprikosenmarmelade gef\u00fcllter Palatschinken f\u00fcr die Frau:<\/p>\n<p style=\"text-align: center;\"><img loading=\"lazy\" decoding=\"async\" class=\"aligncenter wp-image-6015\" src=\"https:\/\/www.marvinchen.de\/olgas_welt\/blog\/wp-content\/uploads\/2018\/07\/IMG_0211.jpg\" alt=\"\" width=\"560\" height=\"420\" srcset=\"https:\/\/www.marvinchen.de\/olgas_welt\/blog\/wp-content\/uploads\/2018\/07\/IMG_0211.jpg 800w, https:\/\/www.marvinchen.de\/olgas_welt\/blog\/wp-content\/uploads\/2018\/07\/IMG_0211-300x225.jpg 300w, https:\/\/www.marvinchen.de\/olgas_welt\/blog\/wp-content\/uploads\/2018\/07\/IMG_0211-768x576.jpg 768w\" sizes=\"auto, (max-width: 560px) 100vw, 560px\" \/><\/p>\n<p>Am finnischen Stand lockte uns ein Elchburger. Zus\u00e4tzlich bin ich in den Genuss eines &#8222;B\u00e4renkusses&#8220; gekommen &#8211; so phantasievoll hie\u00df mein Cocktail aus Aperol und Preiselbeersaft auf Eis (im Glas):<\/p>\n<p style=\"text-align: center;\"><img loading=\"lazy\" decoding=\"async\" class=\"aligncenter wp-image-6017\" src=\"https:\/\/www.marvinchen.de\/olgas_welt\/blog\/wp-content\/uploads\/2018\/07\/IMG_0241.jpg\" alt=\"\" width=\"560\" height=\"420\" srcset=\"https:\/\/www.marvinchen.de\/olgas_welt\/blog\/wp-content\/uploads\/2018\/07\/IMG_0241.jpg 800w, https:\/\/www.marvinchen.de\/olgas_welt\/blog\/wp-content\/uploads\/2018\/07\/IMG_0241-300x225.jpg 300w, https:\/\/www.marvinchen.de\/olgas_welt\/blog\/wp-content\/uploads\/2018\/07\/IMG_0241-768x576.jpg 768w\" sizes=\"auto, (max-width: 560px) 100vw, 560px\" \/><\/p>\n<p>Am estnischen Stand habe ich dann diese Flasche entdeckt:<\/p>\n<p style=\"text-align: center;\"><img loading=\"lazy\" decoding=\"async\" class=\"aligncenter wp-image-6018\" src=\"https:\/\/www.marvinchen.de\/olgas_welt\/blog\/wp-content\/uploads\/2018\/07\/IMG_0247.jpg\" alt=\"\" width=\"420\" height=\"560\" srcset=\"https:\/\/www.marvinchen.de\/olgas_welt\/blog\/wp-content\/uploads\/2018\/07\/IMG_0247.jpg 600w, https:\/\/www.marvinchen.de\/olgas_welt\/blog\/wp-content\/uploads\/2018\/07\/IMG_0247-300x400.jpg 300w\" sizes=\"auto, (max-width: 420px) 100vw, 420px\" \/><\/p>\n<p>Vana Tallinn ist (meiner Meinung nach) einer der leckersten Lik\u00f6re dieser Welt! Ich h\u00e4tte von diesem Stand sehr gern eine ganze Flasche f\u00fcr den Hausgebrauch gekauft, aber leider durfte das der nette Barkeeper nicht machen. Stattdessen hat er sich wahnsinnig daf\u00fcr eingesetzt, alle ihm bekannten Gesch\u00e4fte anzurufen, um herauszufinden, wer das Zeug im Angebot hat &#8230; leider blieb die Suche erfolglos. Aber mein Gl\u00e4schen direkt am Stand weckte bei mir ganz viele positiven Erinnerungen an diese bezaubernde Stadt und meinen damaligen Besuch! Und den Lik\u00f6r haben wir nun bei Amazon gefunden &#8230;<\/p>\n<p>Es gab noch viel mehr St\u00e4nde als Vertretung zahlreicher L\u00e4nder auf diesem Markt. Doch so viel k\u00f6nnte ich weder essen noch trinken&nbsp; &nbsp; \ud83d\ude09<\/p>\n<p style=\"text-align: center;\"><img loading=\"lazy\" decoding=\"async\" class=\"aligncenter wp-image-6019\" src=\"https:\/\/www.marvinchen.de\/olgas_welt\/blog\/wp-content\/uploads\/2018\/07\/IMG_0244.jpg\" alt=\"\" width=\"420\" height=\"560\" srcset=\"https:\/\/www.marvinchen.de\/olgas_welt\/blog\/wp-content\/uploads\/2018\/07\/IMG_0244.jpg 600w, https:\/\/www.marvinchen.de\/olgas_welt\/blog\/wp-content\/uploads\/2018\/07\/IMG_0244-300x400.jpg 300w\" sizes=\"auto, (max-width: 420px) 100vw, 420px\" \/><\/p>\n<p>Wir schlenderten dann noch viel weiter am Wasser \/ Hafenbecken entlang und landeten unter anderem auch hier:<\/p>\n<p style=\"text-align: center;\"><img loading=\"lazy\" decoding=\"async\" class=\"aligncenter wp-image-6020\" src=\"https:\/\/www.marvinchen.de\/olgas_welt\/blog\/wp-content\/uploads\/2018\/07\/IMG_0295.jpg\" alt=\"\" width=\"560\" height=\"420\" srcset=\"https:\/\/www.marvinchen.de\/olgas_welt\/blog\/wp-content\/uploads\/2018\/07\/IMG_0295.jpg 800w, https:\/\/www.marvinchen.de\/olgas_welt\/blog\/wp-content\/uploads\/2018\/07\/IMG_0295-300x225.jpg 300w, https:\/\/www.marvinchen.de\/olgas_welt\/blog\/wp-content\/uploads\/2018\/07\/IMG_0295-768x576.jpg 768w\" sizes=\"auto, (max-width: 560px) 100vw, 560px\" \/><\/p>\n<p>Das Wetter hat sich zwischenzeitlich leider immer mehr verschlechtert. Es gab aber unterwegs nach wie vor jede Menge zu sehen und zu entdecken, was von dem wolkenbehangenen Himmel ganz gut ablenkte:<\/p>\n<p style=\"text-align: center;\"><img loading=\"lazy\" decoding=\"async\" class=\"aligncenter wp-image-6021\" src=\"https:\/\/www.marvinchen.de\/olgas_welt\/blog\/wp-content\/uploads\/2018\/07\/IMG_0291.jpg\" alt=\"\" width=\"560\" height=\"420\" srcset=\"https:\/\/www.marvinchen.de\/olgas_welt\/blog\/wp-content\/uploads\/2018\/07\/IMG_0291.jpg 800w, https:\/\/www.marvinchen.de\/olgas_welt\/blog\/wp-content\/uploads\/2018\/07\/IMG_0291-300x225.jpg 300w, https:\/\/www.marvinchen.de\/olgas_welt\/blog\/wp-content\/uploads\/2018\/07\/IMG_0291-768x576.jpg 768w\" sizes=\"auto, (max-width: 560px) 100vw, 560px\" \/><\/p>\n<p>Ich h\u00e4tte nur zu gern erfahren, wie gut sein Empfang und seine Reichweite sind&nbsp; &nbsp; \ud83d\ude09<\/p>\n<p>An einem Anlegeplatz f\u00fcr Boote stand ein Aufsteller mit den Highlights der gesamten Woche. Ich las fl\u00fcchtig dr\u00fcber und blieb an einem Punkt h\u00e4ngen. Dort stand n\u00e4mlich, dass die Windjammerparade am 23. Juni, also dem Samstag, stattfindet. Ich zeigte diesen Eintrag meinem Mann, wir z\u00fcckten schnell unsere Telefone und stellten entsetzt und entt\u00e4uscht fest, dass wir uns um einen Tag vertan haben und unser Plan, morgen vor der Abreise noch den zahlreichen Segelschiffen beim Verlassen des Hafens zuzusehen, nicht aufgeht. Sie waren n\u00e4mlich bereits an diesem Tag seit Stunden unterwegs. Wir haben in der Tat den eigentlichen (!!!) Grund, nach Kiel zu fahren, schn\u00f6de verpasst.<\/p>\n<p>Zum Gl\u00fcck kamen die Segler nach ein paar Stunden wieder zur\u00fcck, so dass wir zumindest noch ein paar von ihnen in voller Pracht sehen konnten:<\/p>\n<p style=\"text-align: center;\"><img loading=\"lazy\" decoding=\"async\" class=\"aligncenter wp-image-6022\" src=\"https:\/\/www.marvinchen.de\/olgas_welt\/blog\/wp-content\/uploads\/2018\/07\/IMG_0318.jpg\" alt=\"\" width=\"560\" height=\"420\" srcset=\"https:\/\/www.marvinchen.de\/olgas_welt\/blog\/wp-content\/uploads\/2018\/07\/IMG_0318.jpg 800w, https:\/\/www.marvinchen.de\/olgas_welt\/blog\/wp-content\/uploads\/2018\/07\/IMG_0318-300x225.jpg 300w, https:\/\/www.marvinchen.de\/olgas_welt\/blog\/wp-content\/uploads\/2018\/07\/IMG_0318-768x576.jpg 768w\" sizes=\"auto, (max-width: 560px) 100vw, 560px\" \/><\/p>\n<p style=\"text-align: center;\"><img loading=\"lazy\" decoding=\"async\" class=\"aligncenter wp-image-6023\" src=\"https:\/\/www.marvinchen.de\/olgas_welt\/blog\/wp-content\/uploads\/2018\/07\/IMG_0327.jpg\" alt=\"\" width=\"560\" height=\"420\" srcset=\"https:\/\/www.marvinchen.de\/olgas_welt\/blog\/wp-content\/uploads\/2018\/07\/IMG_0327.jpg 800w, https:\/\/www.marvinchen.de\/olgas_welt\/blog\/wp-content\/uploads\/2018\/07\/IMG_0327-300x225.jpg 300w, https:\/\/www.marvinchen.de\/olgas_welt\/blog\/wp-content\/uploads\/2018\/07\/IMG_0327-768x576.jpg 768w\" sizes=\"auto, (max-width: 560px) 100vw, 560px\" \/><\/p>\n<p>Man kann sich schlie\u00dflich auch an kleinen Sachen erfreuen&nbsp; &nbsp; \ud83d\ude09<\/p>\n<p>Au\u00dferdem schrieb die Presse, dass dieses Jahr die ganz gro\u00dfen Highlights, das deutsche Segelschulschiff Gorch Fock und der aus der Becks-Werbung bekannte Dreimaster Alexander von Humbold (II) mit seinen charakteristischen gr\u00fcnen Segeln, dieses Jahr mal nicht mit dabei waren &#8211; doch Gl\u00fcck gehabt ? &nbsp; &nbsp;\ud83d\ude09<br \/>\nZwar ohne aufgespannte Segel, aber dennoch sehr beeindruckend, haben wir an dem Morgen bei der Zugbr\u00fccke dann doch noch die hier vertretenden Gro\u00dfsegler gesehen:&nbsp;Die Roald Amundsen,&nbsp;die Thor Heyerdahl und das mit 117 m L\u00e4nge gr\u00f6\u00dfte noch segelnde Segelschulschiff der Welt, die russische Sedov &#8211; plus der zig anderen kleinen Segler und Dampfschiffe. Haben sich die ca. 40 min Warten abschlie\u00dfend doch f\u00fcr uns gelohnt.<\/p>\n<p>Am Ende der Budenmeile schlenderten wir wieder zur\u00fcck zum Anfang unserer Entdeckungsrunde, versteckten uns vor den immer wieder aufs Neue aufkommenden Regeng\u00fcssen unter den D\u00e4chern des einen oder des anderen Standes und genossen mal das dort angebotene Essen oder die Getr\u00e4nke. Die Idee, das Deutschlandspiel beim Public Viewing zu sehen, haben wir wegen des Wetters, der m\u00fcden F\u00fc\u00dfe und f\u00fcr mich sehr entscheidend, wegen zu vieler Menschen um mich herum dann doch lieber verworfen und beschlossen, es im trockenen und warmen Hotelzimmer nur zu zweit zu gucken. Allerdings war das Spiel am Ende so gar nicht spannend und wir daf\u00fcr total m\u00fcde, dass wir schon nach der ersten Halbzeit unseren Fernseher ausmachten und sofort einschliefen. So haben wir echt das einzige WM-Spiel, bei welchem die Deutsche Nationalmannschaft gewonnen hat, tats\u00e4chlich verschlafen&nbsp; &nbsp; \ud83d\ude42<\/p>\n<p>Am Sonntag packten wir nach dem Fr\u00fchst\u00fcck unsere Sachen und haben nach dem Abw\u00e4gen der M\u00f6glichkeiten kurzerhand beschlossen, einfach geradewegs nach Hause zu d\u00fcsen und nicht noch wie geplant, eine kleine Radtour am Meer entlang zu unternehmen. Bei dem Nieselregen hatte man echt wenig Lust, noch irgendetwas in der Gegend zu besichtigen. Es war insofern eine sehr vern\u00fcnftige Entscheidung.<\/p>\n<p>Der Spaziergang am Strand ohne Fleecejacke und in kurzen Hosen hat bei meinem Mann ein paar Tage sp\u00e4ter Nebenwirkungen in Form von Schnupfen, Niesen und Husten voll entfaltet. Aber inzwischen haben meine Orangenh\u00e4lfte und ich, die etwas sp\u00e4ter von ihm angesteckt worden sein muss, alles gut \u00fcberstanden. Und da auch der Sommer nun strahlend nach Deutschland zur\u00fcckgekehrt ist, haben wir das Leben schon wieder in vollen Z\u00fcgen und mit einigen Unternehmungen genie\u00dfen k\u00f6nnen. Aber das erz\u00e4hle ich lieber extra&nbsp; &nbsp; \ud83d\ude42 &nbsp; &nbsp; ihr seht, ich hinke noch etwas mit dem Schreiben hinterher.<\/p>\n","protected":false},"excerpt":{"rendered":"<p>Seit Jahren wurde&nbsp;am Jahresanfang&nbsp;das Ereignis &#8222;Kieler Woche&#8220; in unseren Kalender eingetragen, es kam jedoch immer wieder etwas dazwischen. Diesmal konnte Carsten das End-Wochenende von diesem Event beizeiten blocken, indem er ein Hotelzimmer in L\u00fctjenburg buchte. Wir arbeiteten einige Tage noch flei\u00dfiger als sonst und konnten dadurch die angesammelten \u00dcberstunden am Freitag (22. Juni) &nbsp;nehmen, um [&hellip;]<\/p>\n","protected":false},"author":3,"featured_media":0,"comment_status":"open","ping_status":"closed","sticky":false,"template":"","format":"standard","meta":{"ngg_post_thumbnail":0,"footnotes":""},"categories":[3,4,1],"tags":[1400,14,321,1782,1780,1785,1776,1777,1779,13,1087,1778,1222,1781,1784,1783,1786],"class_list":["post-6001","post","type-post","status-publish","format-standard","hentry","category-ausfluege-und-reisen","category-freud-und-leid","category-olca-und-stan","tag-4-obsession","tag-carsten","tag-erkaltung","tag-fuesse-im-wasser","tag-hohwachter-bucht","tag-internationaler-markt","tag-kiel","tag-kieler-woche","tag-luetjenburg","tag-olga","tag-ostsee","tag-segelschiff","tag-strand","tag-strandspaziergang","tag-ungarn","tag-vana-tallinn","tag-windjammerparade"],"_links":{"self":[{"href":"https:\/\/www.marvinchen.de\/olgas_welt\/blog\/wp-json\/wp\/v2\/posts\/6001","targetHints":{"allow":["GET"]}}],"collection":[{"href":"https:\/\/www.marvinchen.de\/olgas_welt\/blog\/wp-json\/wp\/v2\/posts"}],"about":[{"href":"https:\/\/www.marvinchen.de\/olgas_welt\/blog\/wp-json\/wp\/v2\/types\/post"}],"author":[{"embeddable":true,"href":"https:\/\/www.marvinchen.de\/olgas_welt\/blog\/wp-json\/wp\/v2\/users\/3"}],"replies":[{"embeddable":true,"href":"https:\/\/www.marvinchen.de\/olgas_welt\/blog\/wp-json\/wp\/v2\/comments?post=6001"}],"version-history":[{"count":0,"href":"https:\/\/www.marvinchen.de\/olgas_welt\/blog\/wp-json\/wp\/v2\/posts\/6001\/revisions"}],"wp:attachment":[{"href":"https:\/\/www.marvinchen.de\/olgas_welt\/blog\/wp-json\/wp\/v2\/media?parent=6001"}],"wp:term":[{"taxonomy":"category","embeddable":true,"href":"https:\/\/www.marvinchen.de\/olgas_welt\/blog\/wp-json\/wp\/v2\/categories?post=6001"},{"taxonomy":"post_tag","embeddable":true,"href":"https:\/\/www.marvinchen.de\/olgas_welt\/blog\/wp-json\/wp\/v2\/tags?post=6001"}],"curies":[{"name":"wp","href":"https:\/\/api.w.org\/{rel}","templated":true}]}}